{"id":328391,"date":"2025-08-19T02:59:19","date_gmt":"2025-08-19T02:59:19","guid":{"rendered":"https:\/\/www.europesays.com\/fr\/328391\/"},"modified":"2025-08-19T02:59:19","modified_gmt":"2025-08-19T02:59:19","slug":"michael-woods-lhomme-de-toilettes-toilettes-sur-le-tour-de-france-2025-annonce-sa-retraite","status":"publish","type":"post","link":"https:\/\/www.europesays.com\/fr\/328391\/","title":{"rendered":"Michael Woods, l&rsquo;homme de \u00ab\u00a0toilettes, toilettes!\u00a0\u00bb sur le Tour de France 2025, annonce sa retraite"},"content":{"rendered":"<p>\u00c0 38 ans, Michael Woods a annonc\u00e9 ce lundi que la saison 2025 serait sa derni\u00e8re dans le peloton. Le Canadien raccrochera le v\u00e9lo dans quelques mois, au terme d&rsquo;une carri\u00e8re atypique. Cet \u00e9t\u00e9, il a marqu\u00e9 les esprits avec une anecdote lors du Tour de France, o\u00f9 il a d\u00fb s&rsquo;arr\u00eater dans le camping-car de spectateurs pour utiliser les toilettes.<\/p>\n<p><a href=\"https:\/\/rmcsport.bfmtv.com\/cyclisme\/tour-de-france\/ils-adorent-les-chutes-woods-fracasse-les-organisateurs-du-tour-de-france-2025_AV-202507090424.html\" title=\"&quot;Ils adorent les chutes&quot;: Woods fracasse les organisateurs du Tour de France 2025\" class=\"internal_link\" rel=\"nofollow noopener\" target=\"_blank\">Michael Woods<\/a> est un personnage \u00e0 part au sein du peloton. Un coureur qui a d\u00e9but\u00e9 le v\u00e9lo \u00e0 25 ans, apr\u00e8s s&rsquo;\u00eatre longtemps consacr\u00e9 \u00e0 l&rsquo;athl\u00e9tisme, et arriv\u00e9 au meilleur niveau sur le tard, \u00e0 l&rsquo;approche de la trentaine. A d\u00e9sormais 38 ans, le Canadien a annonc\u00e9 que la saison 2025 serait sa derni\u00e8re dans le peloton. Il raccrochera dans quelques semaines, apr\u00e8s avoir disput\u00e9 les GP de Qu\u00e9bec et Montr\u00e9al, chez lui.<\/p>\n<p>\u00ab\u00a0Toutes les bonnes choses ont une fin\u00a0\u00bb, a \u00e9crit Michael Woods dans un post Instagram pour expliquer sa d\u00e9cision. Il n&rsquo;a toutefois pas pr\u00e9vu d&rsquo;arr\u00eater le sport de haut niveau: il aimerait notamment explorer les sports d&rsquo;endurance et promet avoir \u00ab\u00a0des plans \u00e9piques, alors restez connect\u00e9s\u00a0\u00bb.<\/p>\n<p>Pass\u00e9 par l&rsquo;\u00e9quipe Cannondale-Drapac (devenue EF Education First) et Isra\u00ebl-Premier Tech, Michael Woods a remport\u00e9 trois \u00e9tapes de la Vuelta, termin\u00e9 sur le podium de <a href=\"https:\/\/rmcsport.bfmtv.com\/cyclisme\/liege-bastogne-liege-la-sequence-hallucinante-de-pogacar-qui-fait-passer-le-peloton-pour-des-amateurs-dans-la-cote-de-la-redoute_AV-202504270298.html\" title=\"Li\u00e8ge-Bastogne-Li\u00e8ge: la s\u00e9quence hallucinante de Pogacar, qui fait passer le peloton pour des amateurs dans la C\u00f4te de la Redoute\" class=\"internal_link\" rel=\"nofollow noopener\" target=\"_blank\">Li\u00e8ge-Bastogne-Li\u00e8ge<\/a> et des championnats du monde, et surtout remport\u00e9 une \u00e9tape de prestige sur le Tour de France, en 2023, au sommet du Puy-de-D\u00f4me.<\/p>\n<p>\u00ab\u00a0En quelques secondes, je suis pass\u00e9 devant un camping-car et j&rsquo;ai cri\u00e9: &lsquo;Toilettes, toilettes, toilettes!'\u00a0\u00bb<\/p>\n<p>Lors du dernier Tour de France, le Canadien s&rsquo;est aussi illustr\u00e9 avec un \u00e9pisode qui a fait le tour des r\u00e9seaux sociaux. Lors de l&rsquo;\u00e9tape entre Ennezat et Le Mont-Dore, le Woods a \u00e9t\u00e9 pris d&rsquo;une envie pressante, avec une \u00ab\u00a0boule au ventre\u00a0\u00bb, apr\u00e8s avoir \u00e9t\u00e9 d\u00e9croch\u00e9 de l&rsquo;\u00e9chapp\u00e9e.<\/p>\n<p>\u00ab\u00a0Faire caca sur le bord de la route, au Tour de France, c&rsquo;est tout simplement impossible, expliquait-il alors dans une chronique sur son blog. Il y a trop de monde. M\u00eame s&rsquo;arr\u00eater pour faire pipi est d\u00e9j\u00e0 assez difficile. Alors, alors que je commen\u00e7ais \u00e0 me demander: &lsquo;Est-ce que je vais me faire caca dessus?&rsquo;, j&rsquo;ai eu une r\u00e9v\u00e9lation formidable: &lsquo;Les camping-cars ont des toilettes!&rsquo; Et le Tour en compte plus que le Burning Man. En quelques secondes, je suis pass\u00e9 devant un camping-car et <a href=\"https:\/\/rmcsport.bfmtv.com\/cyclisme\/tour-de-france\/toilettes-toilettes-toilettes-l-incroyable-anecdote-de-michael-woods-contraint-de-defequer-dans-un-camping-car-en-pleine-etape_AN-202507160095.html\" title=\"&quot;Toilettes, toilettes, toilettes!&quot;, l\u2019incroyable anecdote de Michael Woods contraint de d\u00e9f\u00e9quer dans un camping-car en pleine \u00e9tape\" class=\"internal_link\" rel=\"nofollow noopener\" target=\"_blank\">j&rsquo;ai cri\u00e9: &lsquo;Toilettes, toilettes, toilettes!'\u00a0\u00bb<\/a><\/p>\n<p>Apr\u00e8s avoir fait son affaire, le v\u00e9t\u00e9ran est sorti du camping-car l\u00e9g\u00e8rement honteux. \u00ab\u00a0Au pauvre homme, tr\u00e8s gentil et abasourdi, qui m&rsquo;a ouvert la porte de son camping-car, je tiens d&rsquo;abord \u00e0 vous remercier, mais aussi \u00e0 m&rsquo;excuser abondamment pour l&rsquo;\u00e9tat dans lequel j&rsquo;ai laiss\u00e9 votre salle de bain. Disons simplement que 120 g de glucides par heure pendant quatre heures cons\u00e9cutives ne donnent pas de bons r\u00e9sultats\u00a0\u00bb, blaguait le Canadien. Son franc-parler manquera incontestablement au peloton.<\/p>\n","protected":false},"excerpt":{"rendered":"\u00c0 38 ans, Michael Woods a annonc\u00e9 ce lundi que la saison 2025 serait sa derni\u00e8re dans le&hellip;\n","protected":false},"author":2,"featured_media":328392,"comment_status":"","ping_status":"","sticky":false,"template":"","format":"standard","meta":{"footnotes":""},"categories":[1411],"tags":[1154,207,1011,27,60],"class_list":{"0":"post-328391","1":"post","2":"type-post","3":"status-publish","4":"format-standard","5":"has-post-thumbnail","7":"category-cyclisme","8":"tag-cycling","9":"tag-cyclisme","10":"tag-fr","11":"tag-france","12":"tag-sports"},"share_on_mastodon":{"url":"https:\/\/pubeurope.com\/@fr\/115053197085107062","error":""},"_links":{"self":[{"href":"https:\/\/www.europesays.com\/fr\/wp-json\/wp\/v2\/posts\/328391","targetHints":{"allow":["GET"]}}],"collection":[{"href":"https:\/\/www.europesays.com\/fr\/wp-json\/wp\/v2\/posts"}],"about":[{"href":"https:\/\/www.europesays.com\/fr\/wp-json\/wp\/v2\/types\/post"}],"author":[{"embeddable":true,"href":"https:\/\/www.europesays.com\/fr\/wp-json\/wp\/v2\/users\/2"}],"replies":[{"embeddable":true,"href":"https:\/\/www.europesays.com\/fr\/wp-json\/wp\/v2\/comments?post=328391"}],"version-history":[{"count":0,"href":"https:\/\/www.europesays.com\/fr\/wp-json\/wp\/v2\/posts\/328391\/revisions"}],"wp:featuredmedia":[{"embeddable":true,"href":"https:\/\/www.europesays.com\/fr\/wp-json\/wp\/v2\/media\/328392"}],"wp:attachment":[{"href":"https:\/\/www.europesays.com\/fr\/wp-json\/wp\/v2\/media?parent=328391"}],"wp:term":[{"taxonomy":"category","embeddable":true,"href":"https:\/\/www.europesays.com\/fr\/wp-json\/wp\/v2\/categories?post=328391"},{"taxonomy":"post_tag","embeddable":true,"href":"https:\/\/www.europesays.com\/fr\/wp-json\/wp\/v2\/tags?post=328391"}],"curies":[{"name":"wp","href":"https:\/\/api.w.org\/{rel}","templated":true}]}}