{"id":328395,"date":"2025-08-19T03:02:30","date_gmt":"2025-08-19T03:02:30","guid":{"rendered":"https:\/\/www.europesays.com\/fr\/328395\/"},"modified":"2025-08-19T03:02:30","modified_gmt":"2025-08-19T03:02:30","slug":"une-ex-candidate-raconte-sa-rencontre-avec-jean-luc","status":"publish","type":"post","link":"https:\/\/www.europesays.com\/fr\/328395\/","title":{"rendered":"une ex-candidate raconte sa rencontre avec Jean-Luc &#8230;"},"content":{"rendered":"<p>EN BREF<\/p>\n<ul class=\"bloc_resume_post_list\">\n<li>Cindy Lopes, r\u00e9v\u00e9l\u00e9e en 2009 dans Secret Story, partage<br \/>\nses souvenirs lors de son passage dans l\u00a0\u00bb\u00e9mission YouTube de Jordan<br \/>\nde Luxe.<\/li>\n<li>Elle \u00e9voque l&rsquo;\u00e9chec de Carr\u00e9 ViiiP et un incident<br \/>\nmarquant avec Jean-Luc Delarue, r\u00e9v\u00e9lant des anecdotes sans<br \/>\nfiltre.<\/li>\n<li>Des r\u00e9v\u00e9lations sur les coulisses de la t\u00e9l\u00e9-r\u00e9alit\u00e9 et<br \/>\ndes moments m\u00e9morables incitent \u00e0 d\u00e9couvrir l&rsquo;int\u00e9gralit\u00e9 de ses<br \/>\nconfidences.<\/li>\n<\/ul>\n<p data-start=\"467\" data-end=\"799\">Cindy Lopes n\u2019a jamais eu sa<br \/>\nlangue dans sa poche. R\u00e9v\u00e9l\u00e9e en 2009 dans <a href=\"https:\/\/www.telestar.fr\/tele-realite\/secret-story\" target=\"_blank\" rel=\"noopener\">Secret Story<\/a>, l\u2019ancienne candidate a<br \/>\ntoujours cultiv\u00e9 son franc-parler, m\u00eame des ann\u00e9es apr\u00e8s la fin de<br \/>\nses aventures t\u00e9l\u00e9vis\u00e9es. Invit\u00e9e r\u00e9cemment dans<br \/>\n<strong>Jet, l\u2019\u00e9mission<br \/>\nYouTube<\/strong> de <a href=\"https:\/\/www.telestar.fr\/tag\/jordan-de-luxe\" target=\"_blank\" rel=\"noopener\">Jordan de Luxe<\/a>,<br \/>\nelle s\u2019est laiss\u00e9 aller \u00e0 quelques confidences piquantes.<\/p>\n<p data-start=\"801\" data-end=\"1100\">\u00c9voquant tour \u00e0 tour <a href=\"https:\/\/www.closermag.fr\/people\/une-derive-de-la-drogue-letat-de-sante-de-loana-fait-peur-a-cette-ex-candidate-de-tele-realite-elle-ne-mache-pas-ses-mots-3571934\" target=\"_blank\" rel=\"noopener\"><br \/>\nLoana<\/a>, l\u2019\u00e9chec de Carr\u00e9<br \/>\nViiiP et ses souvenirs de plateaux t\u00e9l\u00e9, Cindy a livr\u00e9 sans<br \/>\nfiltre ses impressions. Et l\u2019un de ses r\u00e9cits les plus marquants<br \/>\nconcerne <strong>sa rencontre avec Jean-Luc Delarue<\/strong>,<br \/>\nponctu\u00e9e d\u2019un lapsus rest\u00e9 dans les m\u00e9moires, et qui, selon elle,<br \/>\nen disait long sur l&rsquo;\u00e9tat du d\u00e9funt animateur.<\/p>\n<p>Cindy Lopes cash sur la t\u00e9l\u00e9-r\u00e9alit\u00e9 et ses d\u00e9rives<\/p>\n<p data-start=\"1159\" data-end=\"1668\">Avant de se replonger dans ses<br \/>\nsouvenirs, <a href=\"https:\/\/www.telestar.fr\/tele-realite\/autres-emissions\/exclu.-jean-michel-maire-cindy-lopez-benoit-dubois-au-casting-d-une-emission-de-chirurgie-539962\" target=\"_blank\" rel=\"noopener\"><br \/>\nCindy Lopes<\/a> a d\u2019abord r\u00e9agi \u00e0 l\u2019\u00e9vocation de Loana. Interrog\u00e9e<br \/>\npar Jordan de Luxe, elle a affirm\u00e9 sans d\u00e9tour : \u00ab\u00a0C\u2019est une d\u00e9rive de la drogue. De<br \/>\nl\u2019addiction, Jordan. Il faut arr\u00eater de confondre avec &lsquo;la t\u00e9l\u00e9, \u00e7a<br \/>\ntue&rsquo;, non : <strong>c\u2019est la drogue, qui tue.<\/strong> La t\u00e9l\u00e9, les<br \/>\nm\u00e9dias, \u00e7a ne tue personne. Il peut y avoir des ambiances<br \/>\nanxiog\u00e8nes et toxiques dans un bureau \u00e0 la D\u00e9fense, d\u2019accord ? Donc<br \/>\nil faut arr\u00eater de dire &lsquo;dans les m\u00e9dias c\u2019est comme \u00e7a&rsquo;.\u00a0\u00bb<\/p>\n<p data-start=\"1670\" data-end=\"2070\">Relanc\u00e9e par l\u2019animateur, qui<br \/>\nlui demandait si elle avait d\u00e9j\u00e0 eu le sentiment qu\u2019une \u00e9mission<br \/>\nallait \u00ab\u00a0d\u00e9g\u00e9n\u00e9rer\u00a0\u00bb, Cindy n\u2019a pas h\u00e9sit\u00e9 une seconde :<br \/>\n\u00ab\u00a0Carr\u00e9 ViiiP.\u00a0\u00bb Ce<br \/>\nprogramme, pr\u00e9sent\u00e9 par <a href=\"https:\/\/www.telestar.fr\/tag\/elsa-fayer\" target=\"_blank\" rel=\"noopener\">Elsa Fayer<\/a> en 2011,<br \/>\navait \u00e9t\u00e9 lanc\u00e9 pour <strong>c\u00e9l\u00e9brer les dix ans de la<br \/>\nt\u00e9l\u00e9-r\u00e9alit\u00e9 sur TF1.<\/strong> Mais l\u2019aventure a tourn\u00e9 court :<br \/>\ntreize jours apr\u00e8s son lancement, la cha\u00eene d\u00e9cidait de l\u2019arr\u00eater,<br \/>\nfaute d\u2019audience. Cindy se souvient tr\u00e8s bien du climat tendu sur<br \/>\nle tournage : \u00ab\u00a0Quand j\u2019ai vu<br \/>\n<strong>FX soulever la chaise pour la jeter dans la gueule de<br \/>\nGiuseppe<\/strong>, oui, j\u2019ai eu quand m\u00eame un petit sursaut. Je me<br \/>\nsuis dit &lsquo;\u00e7a va partir en c*uilles&rsquo;, bien s\u00fbr.\u00a0\u00bb Une ambiance<br \/>\n\u00e9lectrique, marqu\u00e9e par des personnalit\u00e9s hautes en couleur comme<br \/>\n<a href=\"https:\/\/www.telestar.fr\/tele_realite\/exclu-the-power-afida-debarque-dans-le-game-avec-un-pouvoir-de-taille-1666939\" target=\"_blank\" rel=\"noopener\"><br \/>\nAfida Turner<\/a>, <a href=\"https:\/\/www.telestar.fr\/tag\/benoit-dubois\" target=\"_blank\" rel=\"noopener\">Beno\u00eet Dubois<\/a> ou<br \/>\nledit Giuseppe, mais qui aura pr\u00e9cipit\u00e9 la fin de l\u2019\u00e9mission.<\/p>\n<p><img decoding=\"async\" src=\"https:\/\/www.europesays.com\/fr\/wp-content\/uploads\/2025\/08\/1755572550_532_hqdefault.jpg\" width=\"100%\" height=\"auto\"\/><\/p>\n<p>\u00ab\u00a0Sex Story\u00a0\u00bb : le lapsus g\u00eanant de<br \/>\nJean-Luc Delarue<\/p>\n<p data-start=\"2536\" data-end=\"3049\">Mais Cindy s&rsquo;est \u00e9galement<br \/>\nrem\u00e9mor\u00e9 un autre moment t\u00e9l\u00e9visuel. Elle raconte sa rencontre avec<br \/>\n<a href=\"https:\/\/www.telestar.fr\/people\/jean-luc-delarue-son-pere-devoile-leur-la-teneur-dechirante-de-leur-tout-dernier-echange-12-ans-apres-sa-mort-1679139\" target=\"_blank\" rel=\"noopener\"><br \/>\nJean-Luc Delarue<\/a>, animateur star disparu en 2012, et un<br \/>\nsouvenir embarrassant rest\u00e9 grav\u00e9 dans sa m\u00e9moire. \u00ab\u00a0Quand j\u2019ai vu Delarue, paix \u00e0 son \u00e2me, qui,<br \/>\npour m\u2019annoncer, <strong>m\u2019appelait Cindy de Sex Story<\/strong>, et<br \/>\npuis, qu\u2019il \u00e9tait comme \u00e7a (elle imite des spasmes, ndlr), en train<br \/>\nde refaire trois fois la m\u00eame phrase, qu\u2019il se re-trompait, au lieu<br \/>\nde dire Secret Story, il disait Sex Story&#8230;\u00a0\u00bb<\/p>\n<p data-start=\"3051\" data-end=\"3336\">Plut\u00f4t que d\u2019en prendre<br \/>\nombrage, Cindy avait choisi l\u2019humour pour r\u00e9pliquer :<br \/>\n\u00ab\u00a0D\u2019ailleurs, <strong>je lui<br \/>\nai d\u00e9dicac\u00e9 mon bouquin,<\/strong> \u00e0 l\u2019\u00e9poque, en disant &lsquo;Bisou,<br \/>\nCindy de Sex Story&rsquo;. Bon, il n\u2019avait pas trop aim\u00e9 parce que \u00e7a<br \/>\nl\u2019avait beaucoup g\u00ean\u00e9, ce petit lapsus, qui \u00e9tait, ma foi,<br \/>\ndr\u00f4le.\u00a0\u00bb Avec le recul, Cindy associe ce moment \u00e0 d\u2019autres<br \/>\nsouvenirs douloureux de sa carri\u00e8re t\u00e9l\u00e9. En \u00e9voquant<br \/>\nFran\u00e7ois-Xavier, alias FX, candidat de t\u00e9l\u00e9-r\u00e9alit\u00e9 tragiquement<br \/>\ndisparu, elle a conclu avec gravit\u00e9 : <strong>\u00ab\u00a0C\u2019\u00e9tait choquant, de voir les gens sombrer,<br \/>\nquoi&#8230;\u00a0\u00bb<\/strong><\/p>\n","protected":false},"excerpt":{"rendered":"EN BREF Cindy Lopes, r\u00e9v\u00e9l\u00e9e en 2009 dans Secret Story, partage ses souvenirs lors de son passage dans&hellip;\n","protected":false},"author":2,"featured_media":328396,"comment_status":"","ping_status":"","sticky":false,"template":"","format":"standard","meta":{"footnotes":""},"categories":[1359],"tags":[548,58,59,1011,27,2173,46550,4829,973,729],"class_list":{"0":"post-328395","1":"post","2":"type-post","3":"status-publish","4":"format-standard","5":"has-post-thumbnail","7":"category-people","8":"tag-article-simple","9":"tag-divertissement","10":"tag-entertainment","11":"tag-fr","12":"tag-france","13":"tag-interview","14":"tag-jean-luc-delarue","15":"tag-jordan-de-luxe","16":"tag-people","17":"tag-yout_video"},"share_on_mastodon":{"url":"https:\/\/pubeurope.com\/@fr\/115053209138391249","error":""},"_links":{"self":[{"href":"https:\/\/www.europesays.com\/fr\/wp-json\/wp\/v2\/posts\/328395","targetHints":{"allow":["GET"]}}],"collection":[{"href":"https:\/\/www.europesays.com\/fr\/wp-json\/wp\/v2\/posts"}],"about":[{"href":"https:\/\/www.europesays.com\/fr\/wp-json\/wp\/v2\/types\/post"}],"author":[{"embeddable":true,"href":"https:\/\/www.europesays.com\/fr\/wp-json\/wp\/v2\/users\/2"}],"replies":[{"embeddable":true,"href":"https:\/\/www.europesays.com\/fr\/wp-json\/wp\/v2\/comments?post=328395"}],"version-history":[{"count":0,"href":"https:\/\/www.europesays.com\/fr\/wp-json\/wp\/v2\/posts\/328395\/revisions"}],"wp:featuredmedia":[{"embeddable":true,"href":"https:\/\/www.europesays.com\/fr\/wp-json\/wp\/v2\/media\/328396"}],"wp:attachment":[{"href":"https:\/\/www.europesays.com\/fr\/wp-json\/wp\/v2\/media?parent=328395"}],"wp:term":[{"taxonomy":"category","embeddable":true,"href":"https:\/\/www.europesays.com\/fr\/wp-json\/wp\/v2\/categories?post=328395"},{"taxonomy":"post_tag","embeddable":true,"href":"https:\/\/www.europesays.com\/fr\/wp-json\/wp\/v2\/tags?post=328395"}],"curies":[{"name":"wp","href":"https:\/\/api.w.org\/{rel}","templated":true}]}}