{"id":328399,"date":"2025-08-19T03:06:22","date_gmt":"2025-08-19T03:06:22","guid":{"rendered":"https:\/\/www.europesays.com\/fr\/328399\/"},"modified":"2025-08-19T03:06:22","modified_gmt":"2025-08-19T03:06:22","slug":"voici-les-3-series-a-rattraper-durgence-sur-canal","status":"publish","type":"post","link":"https:\/\/www.europesays.com\/fr\/328399\/","title":{"rendered":"Voici les 3 s\u00e9ries \u00e0 rattraper d&rsquo;urgence sur Canal+"},"content":{"rendered":"<p>Si la chaleur devient insupportable et que vous avez d\u00e9j\u00e0 vid\u00e9 votre pile \u00e0 lire, le catalogue <a href=\"https:\/\/www.journaldugeek.com\/2025\/07\/08\/iptv-et-sites-pirates-canal-remporte-une-victoire-decisive-qui-va-accelerer-la-traque\/\" target=\"_blank\" rel=\"noopener\">Canal+<\/a> regorge de contenus qui occuperont sans peine votre journ\u00e9e. Forte de son partenariat avec des g\u00e9ants du divertissement tels qu\u2019Apple TV+, la plateforme fran\u00e7aise peut se targuer d\u2019avoir un choix qui devrait sans peine s\u00e9duire tous ses clients. De la science-fiction, de la com\u00e9die ou m\u00eame du drame, voici les trois s\u00e9ries \u00e0 rattraper d\u2019urgence cet \u00e9t\u00e9.<\/p>\n<p> OVNI(s) \u2014 deux saisons <\/p>\n<p>Les extraterrestres existent-ils\u00a0? Que faire si toutes vos certitudes sont bouscul\u00e9es par un \u00e9v\u00e9nement extraordinaire\u00a0? C\u2019est la question que pose OVNI(s), com\u00e9die de science-fiction \u00e0 l\u2019esth\u00e9tique l\u00e9ch\u00e9e et aux dialogues de haute vol\u00e9e. Loin de X-files et sont ambiance gla\u00e7ante par instant, la cr\u00e9ation de <strong>Cl\u00e9mence Dargent et Martin Douaire<\/strong> est une captivante et dr\u00f4le.<\/p>\n<\/p>\n<p>    <a href=\"https:\/\/www.youtube.com\/user\/JournalduGeek?sub_confirmation=1\" target=\"_blank\" rel=\"nofollow noopener\"><br \/>\n        S&rsquo;abonner \u00e0 Journal du Geek<br \/>\n    <\/a> <\/p>\n<p>En 1978 , Didier Mathure vient d\u2019essuyer une importance d\u00e9faite. Le brillant ing\u00e9nieur spatial voit son r\u00eave partir en fum\u00e9e lorsque <strong>sa fus\u00e9e explose au d\u00e9collage.<\/strong> Il est alors affect\u00e9 \u00e0 un nouveau service, qui <strong>enqu\u00eate sur l\u2019apparition d\u2019objets non identifi\u00e9s<\/strong> dans le ciel fran\u00e7ais. Sa mission\u00a0: trouver des explications scientifiques \u00e0 des ph\u00e9nom\u00e8nes \u00e9tranges. S\u2019il esp\u00e9rait pouvoir se tirer au plus vite, un \u00e9v\u00e9nement aux cons\u00e9quences cataclysmiques va remettre en doute toutes ses certitudes et le convaincre que sa mission est finalement plus importante qu\u2019il n\u2019y para\u00eet.<\/p>\n<p> Families like ours \u2014 minis\u00e9rie <\/p>\n<p>Est-ce qu\u2019il est d\u00e9j\u00e0 trop tard\u00a0? En janvier dernier, Canal+ proposait une s\u00e9rie danoise au concept tr\u00e8s efficace. La cr\u00e9ation de Thomas Vinterberg plongeait les spectateurs face \u00e0 l\u2019urgence climatique et les cons\u00e9quences des changements sur la vie de plusieurs familles. Drame \u00e9cologique saisissant, Families like ours se voulait chronique saisissante d\u2019un monde \u00e0 l\u2019agonie.<\/p>\n<\/p>\n<p>Dans un futur proche, apr\u00e8s avoir tout tent\u00e9 pour endiguer le ph\u00e9nom\u00e8ne, le Danemark doit se rendre \u00e0 l\u2019\u00e9vidence.<strong> Le pays est condamn\u00e9<\/strong> et il faut maintenant organiser le d\u00e9placement de la population. \u00c0 mesure que l\u2019eau monte, la s\u00e9rie suit ces nouveaux r\u00e9fugi\u00e9s climatiques dans leur qu\u00eate d\u2019une vie meilleure. D\u00e9racinement, sentiment d\u2019impuissance, tous les ingr\u00e9dients d\u2019une<strong> trag\u00e9die humaine sont r\u00e9unis.<\/strong> Mais la s\u00e9rie n\u2019en n\u2019oublie pas d\u2019\u00eatre optimiste, en montrant la r\u00e9silience humaine.<\/p>\n<p> The Studio \u2014 une saison <\/p>\n<p>Qui se cache derri\u00e8re vos films pr\u00e9f\u00e9r\u00e9s\u00a0? Comment les g\u00e9ants d\u2019Hollywood d\u00e9cident-ils des projets qui valent le coup et ceux qu\u2019il vaut mieux laisser au placard\u00a0? C\u2019est ce que raconte Studio par les g\u00e9niaux Seth Rogen, Evan Goldberg. Les r\u00e9alisateurs de L\u2019Interview qui tue livre une s\u00e9rie d\u2019une efficacit\u00e9 rare, une p\u00e9pite que l\u2019on d\u00e9vore jusqu\u2019\u00e0 plus fin tant elle est r\u00e9ussie sur toute la ligne. Une r\u00e9alisation soign\u00e9e autant que des dialogues qui fusent et des id\u00e9es narratives malignes, The Studio est sans doute <a href=\"https:\/\/www.journaldugeek.com\/critique\/critique-the-studio-cette-serie-comique-est-la-meilleure-nouveaute-de-ce-debut-dannee\/\" target=\"_blank\" rel=\"noopener\">la meilleure s\u00e9rie<\/a> de 2025 \u00e0 ce jour\u2026 et on imagine mal qu\u2019elle puisse \u00eatre d\u00e9tr\u00f4n\u00e9e.<\/p>\n<\/p>\n<p>Matt Remick vient d\u2019\u00eatre nomm\u00e9 directeur de Continental Studios, une soci\u00e9t\u00e9 en difficult\u00e9. Chaque \u00e9pisode va suivre le personnage principal alors qu\u2019il tente de faire \u00e9clore un projet cin\u00e9matographique plus ou moins convaincant. Entre prise de risque et films \u00e0 gros budgets assur\u00e9s de cartonner dans les salles, Matt est le capitaine \u00e0 bord d\u2019un navire \u00e0 l\u2019\u00e9quilibre pr\u00e9caire.<\/p>\n<blockquote>\n<p class=\"text-base text-neutral-700 dark:text-neutral-300\">\ud83d\udfe3 Pour ne manquer aucune news sur le Journal du Geek, abonnez-vous sur <a href=\"https:\/\/news.google.com\/publications\/CAAqBwgKMNr_hAswwYyCAw?hl=fr&amp;gl=FR&amp;ceid=FR%3Afr\" target=\"_blank\" rel=\"noopener\">Google Actualit\u00e9s<\/a> et sur <a href=\"https:\/\/whatsapp.com\/channel\/0029VaClM5y4tRry12tb7D2h\" target=\"_blank\" rel=\"noopener\">notre WhatsApp<\/a>. Et si vous nous adorez, on a <a href=\"https:\/\/www.journaldugeek.com\/newsletter\/\" target=\"_blank\" rel=\"noopener\">une newsletter tous les matins<\/a>.<\/p>\n<\/blockquote>\n","protected":false},"excerpt":{"rendered":"Si la chaleur devient insupportable et que vous avez d\u00e9j\u00e0 vid\u00e9 votre pile \u00e0 lire, le catalogue Canal+&hellip;\n","protected":false},"author":2,"featured_media":328400,"comment_status":"","ping_status":"","sticky":false,"template":"","format":"standard","meta":{"footnotes":""},"categories":[1356],"tags":[519,10474,58,59,1011,27,2510,252,1364],"class_list":{"0":"post-328399","1":"post","2":"type-post","3":"status-publish","4":"format-standard","5":"has-post-thumbnail","7":"category-television","8":"tag-apple-tv","9":"tag-canal","10":"tag-divertissement","11":"tag-entertainment","12":"tag-fr","13":"tag-france","14":"tag-science-fiction","15":"tag-television","16":"tag-tv"},"share_on_mastodon":{"url":"https:\/\/pubeurope.com\/@fr\/115053224557985963","error":""},"_links":{"self":[{"href":"https:\/\/www.europesays.com\/fr\/wp-json\/wp\/v2\/posts\/328399","targetHints":{"allow":["GET"]}}],"collection":[{"href":"https:\/\/www.europesays.com\/fr\/wp-json\/wp\/v2\/posts"}],"about":[{"href":"https:\/\/www.europesays.com\/fr\/wp-json\/wp\/v2\/types\/post"}],"author":[{"embeddable":true,"href":"https:\/\/www.europesays.com\/fr\/wp-json\/wp\/v2\/users\/2"}],"replies":[{"embeddable":true,"href":"https:\/\/www.europesays.com\/fr\/wp-json\/wp\/v2\/comments?post=328399"}],"version-history":[{"count":0,"href":"https:\/\/www.europesays.com\/fr\/wp-json\/wp\/v2\/posts\/328399\/revisions"}],"wp:featuredmedia":[{"embeddable":true,"href":"https:\/\/www.europesays.com\/fr\/wp-json\/wp\/v2\/media\/328400"}],"wp:attachment":[{"href":"https:\/\/www.europesays.com\/fr\/wp-json\/wp\/v2\/media?parent=328399"}],"wp:term":[{"taxonomy":"category","embeddable":true,"href":"https:\/\/www.europesays.com\/fr\/wp-json\/wp\/v2\/categories?post=328399"},{"taxonomy":"post_tag","embeddable":true,"href":"https:\/\/www.europesays.com\/fr\/wp-json\/wp\/v2\/tags?post=328399"}],"curies":[{"name":"wp","href":"https:\/\/api.w.org\/{rel}","templated":true}]}}