{"id":328401,"date":"2025-08-19T03:07:12","date_gmt":"2025-08-19T03:07:12","guid":{"rendered":"https:\/\/www.europesays.com\/fr\/328401\/"},"modified":"2025-08-19T03:07:12","modified_gmt":"2025-08-19T03:07:12","slug":"nelly-furtado-plus-sexy-que-jamais-elle-fait-fi-des-critiques","status":"publish","type":"post","link":"https:\/\/www.europesays.com\/fr\/328401\/","title":{"rendered":"Nelly Furtado plus sexy que jamais, elle fait fi des critiques"},"content":{"rendered":"<p>Nelly Furtado fait son grand retour. \u00c0 Boardmasters (Angleterre) le 9 ao\u00fbt 2025, la star des ann\u00e9es 2000 a enflamm\u00e9 la sc\u00e8ne avec un look ultra-audacieux : hot-pants \u00e0 volants, halter top vert sign\u00e9 Laruicci, cuissardes brod\u00e9es jusqu\u2019au genou et shrug en fausse fourrure olive pos\u00e9 sur les \u00e9paules. Glam, assum\u00e9e, solaire \u2014 la chanteuse a jou\u00e9 les show-stoppers du d\u00e9but \u00e0 la fin. La Canadienne a encha\u00een\u00e9 les tubes \u2014 \u00ab\u00a0Say It Right\u00a0\u00bb, \u00ab\u00a0Maneater\u00a0\u00bb, \u00ab\u00a0Promiscuous\u00a0\u00bb \u2014 confirmant son vrai retour live, amorc\u00e9 d\u00e9j\u00e0 l\u2019an dernier \u00e0 Coachella aux c\u00f4t\u00e9s du DJ Dom Dolla. Une parenth\u00e8se spectaculaire pour l&rsquo;ic\u00f4ne Y2K qui n\u2019a rien perdu de son sens du spectacle. Mais derri\u00e8re les paillettes, la chanteuse s\u2019est heurt\u00e9e \u00e0 une vague de grossophobie. Sous des vid\u00e9os et photos de son show, des commentaires moqueurs sur son corps ont fleuri&#8230;<\/p>\n<p>Nelly Furtado critiqu\u00e9e sur son poids : une influenceuse vole \u00e0 son secours<\/p>\n<p>Commentaires acerbes, comparaisons douteuses, avant\/apr\u00e8s malveillants&#8230; Nelly Furtada en a pris pour son grade et a \u00e9t\u00e9 victime de grossophobie. Les fans, eux, ont aussit\u00f4t contre-attaqu\u00e9 pour la d\u00e9fendre et rappeler l\u2019essentiel : le talent n\u2019a pas de taille. \u00ab\u00a0<strong>Elle a 46 ans. Elle a eu trois enfants et a pris du poids<\/strong> au cours des 25 derni\u00e8res ann\u00e9es. Comme la plupart des gens.\u00a0\u00bb peut-on par exemple lire sous un post Instagram. Parmi les voix les plus audibles, l\u2019influenceuse body confidence Alex Light a pris la parole. \u00ab\u00a0Elle a (&#8230;)<a href=\"https:\/\/www.closermag.fr\/people\/body-pres-du-corps-et-frou-frou-nelly-furtado-plus-sexy-que-jamais-elle-fait-fi-des-critiques-3571792\" rel=\"nofollow noopener\" target=\"_blank\" data-ylk=\"slk:Lire la suite sur Closer;elm:context_link;itc:0;sec:content-canvas\" class=\"link \">Lire la suite sur Closer<\/a><a href=\"https:\/\/www.closermag.fr\/royautes\/kate-et-william-demenagent-et-ils-ont-deja-pris-une-decision-radicale-pour-leur-nouvelle-maison-de-luxe-3571950\" rel=\"nofollow noopener\" target=\"_blank\" data-ylk=\"slk:Kate et William d\u00e9m\u00e9nagent ! Et ils ont d\u00e9j\u00e0 pris une d\u00e9cision radicale pour leur nouvelle maison de luxe;elm:context_link;itc:0;sec:content-canvas\" class=\"link \">Kate et William d\u00e9m\u00e9nagent ! Et ils ont d\u00e9j\u00e0 pris une d\u00e9cision radicale pour leur nouvelle maison de luxe<\/a><br \/><a href=\"https:\/\/www.closermag.fr\/tv_tele_realite\/adp\/tas-fait-expres-cette-transformation-physique-dun-candidat-de-lamour-est-dans-le-pre-choque-karine-le-marchand-3571019\" rel=\"nofollow noopener\" target=\"_blank\" data-ylk=\"slk:&quot;T\u2019as fait expr\u00e8s ?&quot; : cette transformation physique d\u2019un candidat de L&#039;amour est dans le pr\u00e9 choque Karine Le Marchand;elm:context_link;itc:0;sec:content-canvas\" class=\"link \">\u00ab\u00a0T\u2019as fait expr\u00e8s ?\u00a0\u00bb : cette transformation physique d\u2019un candidat de L&rsquo;amour est dans le pr\u00e9 choque Karine Le Marchand<\/a><br \/><a href=\"https:\/\/www.closermag.fr\/people\/cyril-hanouna-a-saint-tropez-et-cette-ville-aura-une-place-de-choix-dans-tout-beau-tout-n9uf-3571938\" rel=\"nofollow noopener\" target=\"_blank\" data-ylk=\"slk:Cyril Hanouna \u00e0 Saint-Tropez : et cette ville aura une place de choix dans Tout beau, tout n9uf;elm:context_link;itc:0;sec:content-canvas\" class=\"link \">Cyril Hanouna \u00e0 Saint-Tropez : et cette ville aura une place de choix dans Tout beau, tout n9uf<\/a><br \/><a href=\"https:\/\/www.closermag.fr\/vecu\/nouvelle-lune-du-23-aout-ces-trois-signes-vont-prendre-conscience-dun-talent-quils-negligeaient-3571945\" rel=\"nofollow noopener\" target=\"_blank\" data-ylk=\"slk:Nouvelle Lune du 23 ao\u00fbt : ces trois signes vont prendre conscience d\u2019un talent qu\u2019ils n\u00e9gligeaient;elm:context_link;itc:0;sec:content-canvas\" class=\"link \">Nouvelle Lune du 23 ao\u00fbt : ces trois signes vont prendre conscience d\u2019un talent qu\u2019ils n\u00e9gligeaient<\/a><br \/><a href=\"https:\/\/www.closermag.fr\/people\/une-derive-de-la-drogue-letat-de-sante-de-loana-fait-peur-a-cette-ex-candidate-de-tele-realite-elle-ne-mache-pas-ses-mots-3571934\" rel=\"nofollow noopener\" target=\"_blank\" data-ylk=\"slk:&quot;Une d\u00e9rive de la drogue&quot; : l\u2019\u00e9tat de sant\u00e9 de Loana fait peur \u00e0 cette ex-candidate de t\u00e9l\u00e9-r\u00e9alit\u00e9, elle ne m\u00e2che pas ses mots;elm:context_link;itc:0;sec:content-canvas\" class=\"link \">\u00ab\u00a0Une d\u00e9rive de la drogue\u00a0\u00bb : l\u2019\u00e9tat de sant\u00e9 de Loana fait peur \u00e0 cette ex-candidate de t\u00e9l\u00e9-r\u00e9alit\u00e9, elle ne m\u00e2che pas ses mots<\/a><\/p>\n","protected":false},"excerpt":{"rendered":"Nelly Furtado fait son grand retour. \u00c0 Boardmasters (Angleterre) le 9 ao\u00fbt 2025, la star des ann\u00e9es 2000&hellip;\n","protected":false},"author":2,"featured_media":328402,"comment_status":"","ping_status":"","sticky":false,"template":"","format":"standard","meta":{"footnotes":""},"categories":[1355],"tags":[46551,58,59,1011,27,1361,873,46552,45690],"class_list":{"0":"post-328401","1":"post","2":"type-post","3":"status-publish","4":"format-standard","5":"has-post-thumbnail","7":"category-musique","8":"tag-boardmasters","9":"tag-divertissement","10":"tag-entertainment","11":"tag-fr","12":"tag-france","13":"tag-music","14":"tag-musique","15":"tag-nelly-furtada","16":"tag-nelly-furtado"},"share_on_mastodon":{"url":"https:\/\/pubeurope.com\/@fr\/115053228847700183","error":""},"_links":{"self":[{"href":"https:\/\/www.europesays.com\/fr\/wp-json\/wp\/v2\/posts\/328401","targetHints":{"allow":["GET"]}}],"collection":[{"href":"https:\/\/www.europesays.com\/fr\/wp-json\/wp\/v2\/posts"}],"about":[{"href":"https:\/\/www.europesays.com\/fr\/wp-json\/wp\/v2\/types\/post"}],"author":[{"embeddable":true,"href":"https:\/\/www.europesays.com\/fr\/wp-json\/wp\/v2\/users\/2"}],"replies":[{"embeddable":true,"href":"https:\/\/www.europesays.com\/fr\/wp-json\/wp\/v2\/comments?post=328401"}],"version-history":[{"count":0,"href":"https:\/\/www.europesays.com\/fr\/wp-json\/wp\/v2\/posts\/328401\/revisions"}],"wp:featuredmedia":[{"embeddable":true,"href":"https:\/\/www.europesays.com\/fr\/wp-json\/wp\/v2\/media\/328402"}],"wp:attachment":[{"href":"https:\/\/www.europesays.com\/fr\/wp-json\/wp\/v2\/media?parent=328401"}],"wp:term":[{"taxonomy":"category","embeddable":true,"href":"https:\/\/www.europesays.com\/fr\/wp-json\/wp\/v2\/categories?post=328401"},{"taxonomy":"post_tag","embeddable":true,"href":"https:\/\/www.europesays.com\/fr\/wp-json\/wp\/v2\/tags?post=328401"}],"curies":[{"name":"wp","href":"https:\/\/api.w.org\/{rel}","templated":true}]}}