{"id":328405,"date":"2025-08-19T03:09:11","date_gmt":"2025-08-19T03:09:11","guid":{"rendered":"https:\/\/www.europesays.com\/fr\/328405\/"},"modified":"2025-08-19T03:09:11","modified_gmt":"2025-08-19T03:09:11","slug":"a-22-ans-elle-apprend-etre-atteinte-dun-cancer-les-medecins-attribuaient-ses-maux-de-dos-a-sa-nouvelle-chaise-de-bureau","status":"publish","type":"post","link":"https:\/\/www.europesays.com\/fr\/328405\/","title":{"rendered":"\u00c0 22 ans, elle apprend \u00eatre atteinte d&rsquo;un cancer, les m\u00e9decins attribuaient ses maux de dos \u00e0 sa nouvelle chaise de bureau"},"content":{"rendered":"<p>Au d\u00e9but, les sympt\u00f4mes n&rsquo;ont pas attir\u00e9 son attention. En fin d&rsquo;ann\u00e9e 2024, Lara, 22 ans, commence \u00e0 ressentir des douleurs au niveau du dos et dans le cou. Elle continue \u00e0 respecter un entra\u00eenement sportif quotidien. Mais, elle se met \u00e0 souffrir d&rsquo;une toux et d\u00e9cide de consulter un m\u00e9decin.<\/p>\n<p>\u00ab\u00a0J&rsquo;\u00e9tais tout le temps fatigu\u00e9e, alors je suis all\u00e9e chez le m\u00e9decin, ils m&rsquo;ont fait des analyses de sang et ont attribu\u00e9 cela \u00e0 une an\u00e9mie.\u00a0\u00bb Le m\u00e9decin estime que les douleurs dorsales r\u00e9sultent de sa position assise prolong\u00e9e sur sa nouvelle chaise de bureau. Malgr\u00e9 la prise en charge, les sympt\u00f4mes s&rsquo;aggravent. Elle retourne alors voir son m\u00e9decin qui lui prescrit une dose plus \u00e9lev\u00e9e de comprim\u00e9s de fer pour lutter contre son an\u00e9mie. \u00ab\u00a0Je suis retourn\u00e9e chez le m\u00e9decin g\u00e9n\u00e9raliste, qui m&rsquo;a dit que j&rsquo;allais bien, que j&rsquo;\u00e9tais toujours an\u00e9mi\u00e9e et qu&rsquo;il allait augmenter ma dose de comprim\u00e9s. Je suis retourn\u00e9e chez le m\u00e9decin une troisi\u00e8me fois, car j&rsquo;ai commenc\u00e9 \u00e0 avoir de gros vertiges, et on m&rsquo;a dit que c&rsquo;\u00e9tait \u00e0 nouveau d\u00fb \u00e0 l&rsquo;an\u00e9mie.\u00a0\u00bb<\/p>\n<p><strong>LIRE AUSSI &gt;&gt;<\/strong> <a data-i13n=\"cpos:1;pos:1\" href=\"https:\/\/fr.news.yahoo.com\/lymphome-de-hodgkin--elle-pensait-avoir-une-grippe-elle-avait-un-cancer-112057595.html\" data-ylk=\"slk:Lymphome de Hodgkin : elle pensait avoir une grippe, elle avait un cancer;cpos:1;pos:1;elm:context_link;itc:0;sec:content-canvas;outcm:mb_qualified_link;_E:mb_qualified_link;ct:story;\" class=\"link  yahoo-link\" target=\"_blank\" rel=\"noopener\">Lymphome de Hodgkin : elle pensait avoir une grippe, elle avait un cancer<\/a><\/p>\n<p>Malgr\u00e9 une dose plus \u00e9lev\u00e9e de caf\u00e9 et des compl\u00e9ments de vitamine D, elle ne parvient pas \u00e0 soulager son \u00e9puisement. En mars dernier, elle commence \u00e0 souffrir d&rsquo;une toux sanglante suite \u00e0 une nouvelle infection pulmonaire. \u00ab\u00a0Je marchais dix minutes sur la route et j&rsquo;\u00e9tais tellement \u00e9puis\u00e9e que je me disais que ce n&rsquo;\u00e9tait pas normal. J&rsquo;ai essay\u00e9 de prendre des \u00e9lectrolytes tous les matins, de boire plus de caf\u00e9 et de prendre des compl\u00e9ments alimentaires pour me donner de l&rsquo;\u00e9nergie, mais rien n&rsquo;y faisait. J&rsquo;ai pris rendez-vous chez le m\u00e9decin des urgences. Ils m&rsquo;ont prescrit une radiographie du thorax, puis un scanner en urgence, car ils ont d\u00e9couvert une grosse masse sur ma poitrine.\u00a0\u00bb<\/p>\n<p>\u00ab\u00a0J&rsquo;avais l&rsquo;impression de devenir folle\u00a0\u00bb<\/p>\n<p>Suite \u00e0 une intervention chirurgicale en juin 2025, Lara re\u00e7oit un diagnostic de lymphome de Hodgkin. Cette maladie est caus\u00e9e par la prolif\u00e9ration incontr\u00f4l\u00e9e de lymphocytes B anormaux. \u00ab\u00a0J&rsquo;avais l&rsquo;impression de devenir folle. Je savais que quelque chose n&rsquo;allait pas chez moi et que mon \u00e9tat empirait, mais personne ne m&rsquo;entendait. Maintenant, je suis un traitement et j&rsquo;ai des solutions et des r\u00e9ponses. Je me sens dix fois mieux que lorsque j&rsquo;\u00e9tais malade et que je ne savais pas ce que c&rsquo;\u00e9tait\u00a0\u00bb, confie la jeune femme cit\u00e9e par <a data-i13n=\"cpos:2;pos:1\" href=\"https:\/\/www.getsurrey.co.uk\/news\/surrey-news\/doctors-said-back-pain-down-32281450\" rel=\"nofollow noopener\" target=\"_blank\" data-ylk=\"slk:Surrey Live;cpos:2;pos:1;elm:context_link;itc:0;sec:content-canvas\" class=\"link \">Surrey Live<\/a>. Et d&rsquo;ajouter : \u00ab\u00a0Mais personne ne vous pr\u00e9pare \u00e0 entendre que vous avez un cancer \u00e0 22 ans\u00a0\u00bb.<\/p>\n<p><strong>LIRE AUSSI &gt;&gt; <\/strong><a data-i13n=\"cpos:3;pos:1\" href=\"https:\/\/fr.news.yahoo.com\/a-27-ans-elle-decouvre-etre-atteinte-dun-rare-cancer-du-sang-ce-signe-repere-en-promenant-son-chien-mais-facilement-neglige-aurait-du-lalerter-111234339.html\" data-ylk=\"slk:\u00c0 27 ans, elle d\u00e9couvre \u00eatre atteinte d&#039;un rare cancer du sang, ce signe rep\u00e9r\u00e9 en promenant son chien mais facilement n\u00e9glig\u00e9 aurait d\u00fb l&#039;alerter;cpos:3;pos:1;elm:context_link;itc:0;sec:content-canvas;outcm:mb_qualified_link;_E:mb_qualified_link;ct:story;\" class=\"link  yahoo-link\" target=\"_blank\" rel=\"noopener\">\u00c0 27 ans, elle d\u00e9couvre \u00eatre atteinte d&rsquo;un rare cancer du sang, ce signe rep\u00e9r\u00e9 en promenant son chien mais facilement n\u00e9glig\u00e9 aurait d\u00fb l&rsquo;alerter<\/a><\/p>\n<p>Comme l&rsquo;explique <a data-i13n=\"cpos:4;pos:1\" href=\"https:\/\/www.gustaveroussy.fr\/fr\/lymphome-hodgkin#:~:text=Le%20lymphome%20de%20Hodgkin%20se,de%20fi%C3%A8vre%20et%20de%20d%C3%A9mangeaisons.\" rel=\"nofollow noopener\" target=\"_blank\" data-ylk=\"slk:l&#039;Institut Gustave Roussy;cpos:4;pos:1;elm:context_link;itc:0;sec:content-canvas\" class=\"link \">l&rsquo;Institut Gustave Roussy<\/a>, le lymphome de Hodgkin se manifeste par une augmentation de volume des ganglions lymphatiques. \u00ab\u00a0Ces ganglions ne sont pas douloureux et leur \u00e9volution est lente. Cela s\u2019accompagne dans certains cas d\u2019une perte de poids, d\u2019une fatigue, de sueurs nocturnes, de fi\u00e8vre et de d\u00e9mangeaisons.\u00a0\u00bb<\/p>\n<p>Aujourd&rsquo;hui, la jeune femme veut sensibiliser la population aux sympt\u00f4mes de cette maladie et encourage \u00e0 prendre plusieurs avis m\u00e9dicaux. \u00ab\u00a0Je conseille de pers\u00e9v\u00e9rer si vous pensez que quelque chose ne va pas. J&rsquo;aurais d\u00fb faire davantage confiance \u00e0 mon instinct, car on sait au fond de soi ce qu&rsquo;on ressent.\u00a0\u00bb<\/p>\n","protected":false},"excerpt":{"rendered":"Au d\u00e9but, les sympt\u00f4mes n&rsquo;ont pas attir\u00e9 son attention. En fin d&rsquo;ann\u00e9e 2024, Lara, 22 ans, commence \u00e0&hellip;\n","protected":false},"author":2,"featured_media":328406,"comment_status":"","ping_status":"","sticky":false,"template":"","format":"standard","meta":{"footnotes":""},"categories":[10],"tags":[1764,1011,27,72,46554,28427,71],"class_list":{"0":"post-328405","1":"post","2":"type-post","3":"status-publish","4":"format-standard","5":"has-post-thumbnail","7":"category-sante","8":"tag-ans","9":"tag-fr","10":"tag-france","11":"tag-health","12":"tag-lara","13":"tag-lymphome-de-hodgkin","14":"tag-sante"},"share_on_mastodon":{"url":"https:\/\/pubeurope.com\/@fr\/115053236273550341","error":""},"_links":{"self":[{"href":"https:\/\/www.europesays.com\/fr\/wp-json\/wp\/v2\/posts\/328405","targetHints":{"allow":["GET"]}}],"collection":[{"href":"https:\/\/www.europesays.com\/fr\/wp-json\/wp\/v2\/posts"}],"about":[{"href":"https:\/\/www.europesays.com\/fr\/wp-json\/wp\/v2\/types\/post"}],"author":[{"embeddable":true,"href":"https:\/\/www.europesays.com\/fr\/wp-json\/wp\/v2\/users\/2"}],"replies":[{"embeddable":true,"href":"https:\/\/www.europesays.com\/fr\/wp-json\/wp\/v2\/comments?post=328405"}],"version-history":[{"count":0,"href":"https:\/\/www.europesays.com\/fr\/wp-json\/wp\/v2\/posts\/328405\/revisions"}],"wp:featuredmedia":[{"embeddable":true,"href":"https:\/\/www.europesays.com\/fr\/wp-json\/wp\/v2\/media\/328406"}],"wp:attachment":[{"href":"https:\/\/www.europesays.com\/fr\/wp-json\/wp\/v2\/media?parent=328405"}],"wp:term":[{"taxonomy":"category","embeddable":true,"href":"https:\/\/www.europesays.com\/fr\/wp-json\/wp\/v2\/categories?post=328405"},{"taxonomy":"post_tag","embeddable":true,"href":"https:\/\/www.europesays.com\/fr\/wp-json\/wp\/v2\/tags?post=328405"}],"curies":[{"name":"wp","href":"https:\/\/api.w.org\/{rel}","templated":true}]}}