{"id":328411,"date":"2025-08-19T03:12:10","date_gmt":"2025-08-19T03:12:10","guid":{"rendered":"https:\/\/www.europesays.com\/fr\/328411\/"},"modified":"2025-08-19T03:12:10","modified_gmt":"2025-08-19T03:12:10","slug":"le-poco-f7-ultra-est-a-un-prix-tellement-bas-quil-se-vend-par-camions-entiers-%f0%9f%9a%9a","status":"publish","type":"post","link":"https:\/\/www.europesays.com\/fr\/328411\/","title":{"rendered":"Le Poco F7 Ultra est \u00e0 un prix tellement bas qu&rsquo;il se vend par camions entiers \ud83d\ude9a"},"content":{"rendered":"<p>\u00c0 quelques semaines de la rentr\u00e9e, AliExpress d\u00e9gaine les offres de Back to school et il y a vraiment de quoi se mettre sous la dent cette ann\u00e9e. On trouve notamment des smartphones \u00e0 des prix d\u00e9fiant toute concurrence, dont l\u2019un des dernier mod\u00e8le de Xiaomi.\u00a0 En effet, <a href=\"https:\/\/shop.presse-citron.net\/go\/31718\/\" target=\"_blank\" rel=\"nofollow noopener\">vous pouvez vous procurer le Poco F7 Ultra dans sa version 256 Go au prix in\u00e9dit de 494 euros au lieu de 759 euros<\/a>.<\/p>\n<p class=\"comp-p not-prose\"><a class=\"comp-button\" href=\"https:\/\/shop.presse-citron.net\/go\/31718\/\" target=\"_self\" rel=\"sponsored nofollow noopener\">Je profite de l\u2019offre sur le Poco F7 Ultra<\/a><\/p>\n<p>On vous recommande de passer rapidement \u00e0 l\u2019action si le Poco F7 Ultra vous int\u00e9resse, car au vu de la qualit\u00e9 de l\u2019offre, la rupture de stock ne devrait pas tarder. En plus, une fois que tous les exemplaires seront vendus, vous n\u2019aurez pas de seconde chance.<\/p>\n<p>Comme d\u2019habitude, AliExpress propose en prime plusieurs avantages int\u00e9ressants en plus du prix du Poco F7 Ultra, comme la livraison gratuite et rapide, mais aussi le retour gratuit sous 14 jours. Vous avez la possibilit\u00e9 de demander le remboursement de votre produit dans le d\u00e9lai imparti au cas o\u00f9 vous changez d\u2019avis. Enfin, le smartphone est \u00e9galement accompagn\u00e9 de sa garantie constructeur, elle le prot\u00e8ge contre tous les \u00e9ventuels d\u00e9fauts de fabrication pendant 2 ans.<\/p>\n<p>Le Poco F7 Ultra, une alternative de choix aux mod\u00e8les haut de gamme<\/p>\n<p>C\u00f4t\u00e9 fiche technique, le Poco F7 Ultra a beau se positionner comme un mod\u00e8le de milieu de gamme, il commence fort. Et pour cause, le mod\u00e8le se paye le luxe d\u2019un \u00e9cran AMOLED de 6,67 pouces avec une fr\u00e9quence de rafraichissement de 120 Hz.<\/p>\n<p>Pour la photo, le Poco F7 Ultra ne fait pas non plus dans la dentelle puisqu\u2019on retrouve un triple appareil photo. Dans le d\u00e9tail, ce dernier est compos\u00e9 d\u2019un capteur grand-angle (stabilisation optique) de 50 Mpx, d\u2019un capteur ultra grand-angle de 32 Mpx et d\u2019un t\u00e9l\u00e9objectif de 50 Mpx avec zoom optique 2,5x. Pas de doute, c\u2019est mieux que la large majorit\u00e9 des smartphones de son segment. D\u2019ailleurs, c\u2019est sans compter sur sa batterie de 5\u00a0300 mAh qui est compatible avec la charge filaire de 120W et sans fil de 50W.<\/p>\n<p class=\"comp-p not-prose\"><a class=\"comp-button\" href=\"https:\/\/shop.presse-citron.net\/go\/31718\/\" target=\"_self\" rel=\"sponsored nofollow noopener\">Je profite de l\u2019offre sur le Poco F7 Ultra<\/a><\/p>\n<p>En plus, le Poco F7 Ultra renferme une puce Qualcomm Snapdragon 8 Elite accompagn\u00e9e par 12 Go de RAM et 256 Go de stockage. Autant dire que le processeur est haut de gamme, il saura faite tourner toutes vos applications et tous vos jeux mobiles. En plus de la surcouche de Xiaomi coupl\u00e9e \u00e0 Android, le flagship s\u2019offre la pr\u00e9sence de\u00a0l\u2019assistant intelligent Google Gemini.<\/p>\n<p>Back to school, le moment \u00e0 privil\u00e9gier sur AliExpress<\/p>\n<p>Le Poco F7 Ultra propos\u00e9 \u00e0 ce tarif de folie est un bon exemple du niveau g\u00e9n\u00e9ral de l\u2019\u00e9v\u00e9nement Back to school sur AliExpress. Cette \u00e9dition vaut le coup et, comme \u00e0 son habitude, le marchand d\u00e9voile toutes ses r\u00e9ductions d\u00e8s le premier jour.<\/p>\n<p>Si cette \u00e9dition a lieu du 19 au 27 ao\u00fbt, le Poco F7 Ultra ne tiendra pas jusque l\u00e0. Il s\u2019agit d\u2019une vente flash exclusive, ce qui veut dire concr\u00e8tement que les stocks sont tr\u00e8s limit\u00e9s. Une fois en rupture, le t\u00e9l\u00e9phone ne reviendra plus \u00e0 ce m\u00eame tarif pendant l\u2019\u00e9v\u00e9nement. D\u2019autres mod\u00e8les de grandes marques sont \u00e0 l\u2019honneur, comme Samsung, Apple ou encore Google. Avec des rabais plus all\u00e9chants les uns que les autres, Back to school est d\u00e9finitivement une opportunit\u00e9 en or si vous souhaitez vous \u00e9quiper d\u2019un smartphone dernier cri sans exploser votre budget avant la rentr\u00e9e.<\/p>\n<p>\u00c0 chaque \u00e9dition, le constat est le m\u00eame\u00a0: les stocks des produits les plus populaires comme le Poco F7 Ultra, souvent propos\u00e9s \u00e0 des tarifs d\u00e9fiant toute concurrence, sont \u00e9puis\u00e9s en quelques heures. Les utilisateurs doivent donc faire preuve de r\u00e9activit\u00e9 s\u2019ils souhaitent mettre la main sur les meilleures offres.<\/p>\n<p class=\"comp-p not-prose\"><a class=\"comp-button\" href=\"https:\/\/shop.presse-citron.net\/go\/31718\/\" target=\"_self\" rel=\"sponsored nofollow noopener\">Je profite de l\u2019offre sur le Poco F7 Ultra<\/a><\/p>\n<blockquote>\n<p class=\"text-base text-neutral-700 dark:text-neutral-300\">\ud83d\udccd Pour ne manquer aucune actualit\u00e9 de Presse-citron, suivez-nous sur <a href=\"https:\/\/news.google.com\/publications\/CAAqBggKMIPiNTC70wU?hl=fr&amp;gl=FR&amp;ceid=FR%3Afr\" target=\"_blank\" rel=\"nofollow noopener\">Google Actualit\u00e9s<\/a> et <a href=\"https:\/\/whatsapp.com\/channel\/0029VaCkGuz4NViitBXbEr0b\" target=\"_blank\" rel=\"nofollow noopener\">WhatsApp<\/a>.<\/p>\n<\/blockquote>\n<p>        Ce qu&rsquo;il faut savoir sur nos bons plans<\/p>\n<p>Ce contenu vous est propos\u00e9 par les experts bons plans de Presse-citron.<br \/>&#13;<br \/>\nLa r\u00e9daction n&rsquo;a pas particip\u00e9 \u00e0 sa r\u00e9alisation. Il est possible que cette publication contienne un lien d&rsquo;affiliation\u00a0: l&rsquo;e-commer\u00e7ant pourra alors nous reverser une commission (pour vous, rien ne change). Les prix mentionn\u00e9s dans cet article sont susceptibles d&rsquo;\u00e9voluer.<\/p>\n","protected":false},"excerpt":{"rendered":"\u00c0 quelques semaines de la rentr\u00e9e, AliExpress d\u00e9gaine les offres de Back to school et il y a&hellip;\n","protected":false},"author":2,"featured_media":328412,"comment_status":"","ping_status":"","sticky":false,"template":"","format":"standard","meta":{"footnotes":""},"categories":[7],"tags":[1011,27,43,40,41,39,42,44],"class_list":{"0":"post-328411","1":"post","2":"type-post","3":"status-publish","4":"format-standard","5":"has-post-thumbnail","7":"category-sciences-et-technologies","8":"tag-fr","9":"tag-france","10":"tag-science","11":"tag-science-and-technology","12":"tag-sciences","13":"tag-sciences-et-technologies","14":"tag-technologies","15":"tag-technology"},"share_on_mastodon":{"url":"https:\/\/pubeurope.com\/@fr\/115053248097819708","error":""},"_links":{"self":[{"href":"https:\/\/www.europesays.com\/fr\/wp-json\/wp\/v2\/posts\/328411","targetHints":{"allow":["GET"]}}],"collection":[{"href":"https:\/\/www.europesays.com\/fr\/wp-json\/wp\/v2\/posts"}],"about":[{"href":"https:\/\/www.europesays.com\/fr\/wp-json\/wp\/v2\/types\/post"}],"author":[{"embeddable":true,"href":"https:\/\/www.europesays.com\/fr\/wp-json\/wp\/v2\/users\/2"}],"replies":[{"embeddable":true,"href":"https:\/\/www.europesays.com\/fr\/wp-json\/wp\/v2\/comments?post=328411"}],"version-history":[{"count":0,"href":"https:\/\/www.europesays.com\/fr\/wp-json\/wp\/v2\/posts\/328411\/revisions"}],"wp:featuredmedia":[{"embeddable":true,"href":"https:\/\/www.europesays.com\/fr\/wp-json\/wp\/v2\/media\/328412"}],"wp:attachment":[{"href":"https:\/\/www.europesays.com\/fr\/wp-json\/wp\/v2\/media?parent=328411"}],"wp:term":[{"taxonomy":"category","embeddable":true,"href":"https:\/\/www.europesays.com\/fr\/wp-json\/wp\/v2\/categories?post=328411"},{"taxonomy":"post_tag","embeddable":true,"href":"https:\/\/www.europesays.com\/fr\/wp-json\/wp\/v2\/tags?post=328411"}],"curies":[{"name":"wp","href":"https:\/\/api.w.org\/{rel}","templated":true}]}}