{"id":328413,"date":"2025-08-19T03:13:08","date_gmt":"2025-08-19T03:13:08","guid":{"rendered":"https:\/\/www.europesays.com\/fr\/328413\/"},"modified":"2025-08-19T03:13:08","modified_gmt":"2025-08-19T03:13:08","slug":"rappel-massif-de-vehicules-des-defauts-critiques-mettent-en-danger-la-securite-des-automobilistes-guadeloupe-franceantilles-fr","status":"publish","type":"post","link":"https:\/\/www.europesays.com\/fr\/328413\/","title":{"rendered":"Rappel massif de v\u00e9hicules : des d\u00e9fauts critiques mettent en danger la s\u00e9curit\u00e9 des automobilistes &#8211; guadeloupe.franceantilles.fr"},"content":{"rendered":"<ol>\n<li><a href=\"https:\/\/news.google.com\/rss\/articles\/CBMi_gFBVV95cUxQdG56SzgxNVdmWTd1cVY5b2UwQjdkano3NlFrZ1VydEt3WERsbXBJSEY0c25BUGJ0ZTk0MHl5VUhKa0Jid20xZnJQazNUblkyUmVmcTN5LWxMWDJMdDVhRGNrZ0hHMzhaZWp5OEl2UWtfTUw0YlZjUWtyOW5EdFU2ZG1feUFaeDV0XzZfdERzbzhOSThMc096ZjkxWUgwdWJFNzVDazVDTzZQQjJRenlwa211RllFY3pRRHBsWVFaVzlhRmFnOHRhYWVxVVg5X1BrZ09FMlJTLUpIT1RtTFNjbFVyOXQ3SjZ4SE1mZ245RGRhMndESUFxMTNPOFEwZw?oc=5\" target=\"_blank\" rel=\"nofollow noopener\">Rappel massif de v\u00e9hicules : des d\u00e9fauts critiques mettent en danger la s\u00e9curit\u00e9 des automobilistes<\/a>&nbsp;&nbsp;guadeloupe.franceantilles.fr<\/li>\n<li><a href=\"https:\/\/news.google.com\/rss\/articles\/CBMi4wFBVV95cUxPcGtJQUxMOFN6bm1qVHB4eW5Xb0xjX0pMdWFPNTRYRGpkVFV2bmZfcS0wQUpBNnR0b0Y0cVBwbTRnSU1oZTVydXE0bTJ3Rk1FblhGUUNxV3V3OW9zTktsdnBnaUVPMUxSWno0SlVzNzhSNXVXZVhpLWZvOUxxTjhHSlJiOUxfNlBXc1JXTHFoc2xaV1M0Qk9MLThIbFJnRXBiME9VbVZIZ1Z4ZlZwWEZfbHcxaWJYY2s1bl9BLVhGX08takU3bUh0TUxhTXJ3SE5yR3pHekVld2lDZ0NpRXYzUG9FSQ?oc=5\" target=\"_blank\" rel=\"nofollow noopener\">Peugeot, Jeep, Opel, Lancia, Fiat&#8230; Rappel massif de nombreux mod\u00e8les de voitures menac\u00e9s par des probl\u00e8mes mat\u00e9riels<\/a>&nbsp;&nbsp;Le Figaro<\/li>\n<li><a href=\"https:\/\/news.google.com\/rss\/articles\/CBMixAFBVV95cUxQZXZWQVUtRlZwUVB2YllhOUppeHo1aGxreW96MjRoSFg5NVJtTk5yLXIyMmxtNk9kdlJzc2pTQkFNMlhCMmVUMUFIRHBOZV9ZYVo5MHpyUUVya3BsOUQza0MybGRtN1RHejZETzBFYWlZZW95Y0pMY1UxQ2EtUmFoLWItd0poOURmSFljVHRwa1NZNjlpQTc4WUJ4WmNuejh2bGQxN0JEWVlqbV8tc3FuUzlTaGdhbE01ZXAzUENoYkg5NDJk?oc=5\" target=\"_blank\" rel=\"nofollow noopener\">Automobile. De nombreux v\u00e9hicules rappel\u00e9s en raison d&rsquo;un risque d&rsquo;incendie ou de blessures<\/a>&nbsp;&nbsp;Le Dauphin\u00e9 Lib\u00e9r\u00e9<\/li>\n<li><a href=\"https:\/\/news.google.com\/rss\/articles\/CBMipwJBVV95cUxPVDVmVllhRXNkTnJ1MWtkd2w4X1Z1UXh5U1JRV29WNFBxLTlMYmJ3NHpiM0FmOVd1WEJ4WGUxZ1RuRHNhV0pTSng3V0ZTWGsxRHhZRjc0WGljU2dOOTJxNXRiYUFwVjJHOXI2VGVSQU1yc004Q1FxRjFRcXhZcTUxdml6bXl6ODZOX0tGNlZaVUdUQzFySmtuZFRiUF9STXM0WTdPWjJaaFVoT0Jxci0xTWZnTVNhSkhCQllvYk5ZN09ZcTZGZkRuZjIwelp5VTZCUTRkWWZCUVYtZjVaVmpNNUFEaFFTSWlyUGh1WVJIeHZ5ZWFxNVFfTFNWLTlseXJtWUJUV1dxQTk4MDN6RVczaXBVRGk2b192emJxN1ZpTnhtek9hSEJN?oc=5\" target=\"_blank\" rel=\"nofollow noopener\">Il leur manque un \u00e9crou, elles peuvent prendre feu : des Fiat, des Jeep, des Citro\u00ebn, des Peugeot, des Opel et des Alfa Romeo font l\u2019objet d\u2019un rappel g\u00e9ant<\/a>&nbsp;&nbsp;Centre Presse Aveyron<\/li>\n<li><a href=\"https:\/\/news.google.com\/rss\/articles\/CBMi6gFBVV95cUxPNFYwa0pCWU1Ed093QUdaMzM4cTBteDlvbVJtTGNiTTVSdkxvZUJhREJlUFlkOVpEcTB6VVc0MDR0ODlJeHZ2azd4d1EzWHo4UlVxLVh0a0Q2UnhTcTNRZ1FnQkRpU2s5S0VDVkg0dFMxWlY5YXgzN2tzODJlemJlcGlqVjRQR3RVbTZJdTc2MXVHY1BQZ3JGd2llZU9wdGdOUVc2bDRFT2xtdk81MlVzekNvc1BiM1ZJcmY1c0xLdlBXTl9LRUt3WlRpb2lnQVFmdWZVVkNqelRCeEpzX0dha2FhajEwdjY1c1E?oc=5\" target=\"_blank\" rel=\"nofollow noopener\">Un \u201crisque grave\u201d : rappel majeur chez Stellantis, une fuite de carburant menace 238 000 v\u00e9hicules<\/a>&nbsp;&nbsp;Les Num\u00e9riques<\/li>\n<\/ol>\n","protected":false},"excerpt":{"rendered":"Rappel massif de v\u00e9hicules : des d\u00e9fauts critiques mettent en danger la s\u00e9curit\u00e9 des automobilistes&nbsp;&nbsp;guadeloupe.franceantilles.fr Peugeot, Jeep, Opel,&hellip;\n","protected":false},"author":2,"featured_media":1445,"comment_status":"","ping_status":"","sticky":false,"template":"","format":"standard","meta":{"footnotes":""},"categories":[6],"tags":[35,33,34,1011,27],"class_list":{"0":"post-328413","1":"post","2":"type-post","3":"status-publish","4":"format-standard","5":"has-post-thumbnail","7":"category-economie","8":"tag-business","9":"tag-economie","10":"tag-economy","11":"tag-fr","12":"tag-france"},"share_on_mastodon":{"url":"https:\/\/pubeurope.com\/@fr\/115053252066677189","error":""},"_links":{"self":[{"href":"https:\/\/www.europesays.com\/fr\/wp-json\/wp\/v2\/posts\/328413","targetHints":{"allow":["GET"]}}],"collection":[{"href":"https:\/\/www.europesays.com\/fr\/wp-json\/wp\/v2\/posts"}],"about":[{"href":"https:\/\/www.europesays.com\/fr\/wp-json\/wp\/v2\/types\/post"}],"author":[{"embeddable":true,"href":"https:\/\/www.europesays.com\/fr\/wp-json\/wp\/v2\/users\/2"}],"replies":[{"embeddable":true,"href":"https:\/\/www.europesays.com\/fr\/wp-json\/wp\/v2\/comments?post=328413"}],"version-history":[{"count":0,"href":"https:\/\/www.europesays.com\/fr\/wp-json\/wp\/v2\/posts\/328413\/revisions"}],"wp:featuredmedia":[{"embeddable":true,"href":"https:\/\/www.europesays.com\/fr\/wp-json\/wp\/v2\/media\/1445"}],"wp:attachment":[{"href":"https:\/\/www.europesays.com\/fr\/wp-json\/wp\/v2\/media?parent=328413"}],"wp:term":[{"taxonomy":"category","embeddable":true,"href":"https:\/\/www.europesays.com\/fr\/wp-json\/wp\/v2\/categories?post=328413"},{"taxonomy":"post_tag","embeddable":true,"href":"https:\/\/www.europesays.com\/fr\/wp-json\/wp\/v2\/tags?post=328413"}],"curies":[{"name":"wp","href":"https:\/\/api.w.org\/{rel}","templated":true}]}}