{"id":328414,"date":"2025-08-19T03:14:10","date_gmt":"2025-08-19T03:14:10","guid":{"rendered":"https:\/\/www.europesays.com\/fr\/328414\/"},"modified":"2025-08-19T03:14:10","modified_gmt":"2025-08-19T03:14:10","slug":"les-occidentaux-vont-formaliser-les-garanties-de-securite-pour-lukraine-dici-a-dix-jours-dit-volodymyr-zelensky","status":"publish","type":"post","link":"https:\/\/www.europesays.com\/fr\/328414\/","title":{"rendered":"les Occidentaux vont \u00ab\u00a0formaliser\u00a0\u00bb les garanties de s\u00e9curit\u00e9 pour l\u2019Ukraine \u00ab\u00a0d\u2019ici \u00e0 dix jours\u00a0\u00bb, dit Volodymyr Zelensky"},"content":{"rendered":"<p>   Donald Trump complimente Volodymyr Zelensky pour sa tenue               <img decoding=\"async\" class=\"post__live-container--img post__space-node\"  src=\"https:\/\/www.europesays.com\/fr\/wp-content\/uploads\/2025\/08\/ba0d235_ftp-import-images-1-5opr9o1trd5s-5664501-01-06.jpg\" data- alt=\"Le pr\u00e9sident ukrainien, Volodymyr Zelensky, et son homologue am\u00e9ricain, Donald Trump, dans le bureau Ovale de la Maison Blanche, \u00e0 Washington, DC, lundi\u00a018\u00a0ao\u00fbt\u00a02025.\"\/>   Le pr\u00e9sident ukrainien, Volodymyr Zelensky, et son homologue am\u00e9ricain, Donald Trump, dans le bureau Ovale de la Maison Blanche, \u00e0 Washington, DC, lundi\u00a018\u00a0ao\u00fbt\u00a02025. MANDEL NGAN \/ AFP               <\/p>\n<p class=\"post__live-container--answer-text post__space-node\">\u00ab\u00a0Je n\u2019arrive pas \u00e0 y croire. J\u2019adore\u00a0!\u00a0\u00bb, a dit le pr\u00e9sident des Etats-Unis en \u00e9voquant la tenue de son homologue ukrainien, lors de leur entretien \u00e0 la Maison Blanche. Volodymyr Zelensky, <a href=\"https:\/\/www.dailymotion.com\/video\/x9ficsa\" target=\"_blank\" rel=\"noopener nofollow\" title=\"Nouvelle fen\u00eatre\">qui avait \u00e9t\u00e9 violemment critiqu\u00e9 par les dirigeants am\u00e9ricains en f\u00e9vrier<\/a> pour son habituelle tenue d\u2019inspiration militaire, jug\u00e9e trop d\u00e9contract\u00e9e, avait cette fois pris soin de rev\u00eatir une chemise et une veste de costume noires.<\/p>\n<p class=\"post__live-container--answer-text post__space-node\">Lors de sa derni\u00e8re visite, le 28\u00a0f\u00e9vrier, il avait \u00e9t\u00e9 pris \u00e0 partie par Brian Glenn, un pr\u00e9sentateur proche du courant MAGA (Make America Great Again) avant de subir une attaque en r\u00e8gle de la part du vice-pr\u00e9sident, J.D. Vance, puis du pr\u00e9sident am\u00e9ricain.<\/p>\n<p class=\"post__live-container--answer-text post__space-node\">\u00ab\u00a0Vous \u00eates magnifique dans ce costume\u00a0\u00bb, lui a lanc\u00e9 le m\u00eame Brian Glenn, animateur de la cha\u00eene Real America\u2019s Voice, compagnon de l\u2019\u00e9lue de droite radicale Marjorie Taylor Greene. \u00ab\u00a0Je lui ai dit la m\u00eame chose\u00a0!\u00a0\u00bb, a repris Donald Trump, en tapotant l\u2019\u00e9paule du pr\u00e9sident ukrainien. \u00ab\u00a0C\u2019est lui qui vous a attaqu\u00e9 la derni\u00e8re fois\u00a0\u00bb, dit-il ensuite \u00e0 Volodymyr Zelensky. \u00ab\u00a0Je me souviens\u00a0\u00bb, a r\u00e9pondu ce dernier.<\/p>\n<p class=\"post__live-container--answer-text post__space-node\">L\u2019ancien com\u00e9dien r\u00e9pond, avec un petit sourire\u00a0: \u00ab\u00a0Je m\u2019en souviens\u00a0\u00bb, puis, pince-sans-rire, il s\u2019adresse \u00e0 Brian Glenn\u00a0: \u00ab\u00a0Vous portez le m\u00eame costume. Moi, je me suis chang\u00e9.\u00a0\u00bb La pique amuse beaucoup le pr\u00e9sident am\u00e9ricain.<\/p>\n","protected":false},"excerpt":{"rendered":"Donald Trump complimente Volodymyr Zelensky pour sa tenue Le pr\u00e9sident ukrainien, Volodymyr Zelensky, et son homologue am\u00e9ricain, Donald&hellip;\n","protected":false},"author":2,"featured_media":328415,"comment_status":"","ping_status":"","sticky":false,"template":"","format":"standard","meta":{"footnotes":""},"categories":[5],"tags":[11,1011,27,14,12,28],"class_list":{"0":"post-328414","1":"post","2":"type-post","3":"status-publish","4":"format-standard","5":"has-post-thumbnail","7":"category-international","8":"tag-actualites","9":"tag-fr","10":"tag-france","11":"tag-international","12":"tag-news","13":"tag-world"},"share_on_mastodon":{"url":"https:\/\/pubeurope.com\/@fr\/115053256397880564","error":""},"_links":{"self":[{"href":"https:\/\/www.europesays.com\/fr\/wp-json\/wp\/v2\/posts\/328414","targetHints":{"allow":["GET"]}}],"collection":[{"href":"https:\/\/www.europesays.com\/fr\/wp-json\/wp\/v2\/posts"}],"about":[{"href":"https:\/\/www.europesays.com\/fr\/wp-json\/wp\/v2\/types\/post"}],"author":[{"embeddable":true,"href":"https:\/\/www.europesays.com\/fr\/wp-json\/wp\/v2\/users\/2"}],"replies":[{"embeddable":true,"href":"https:\/\/www.europesays.com\/fr\/wp-json\/wp\/v2\/comments?post=328414"}],"version-history":[{"count":0,"href":"https:\/\/www.europesays.com\/fr\/wp-json\/wp\/v2\/posts\/328414\/revisions"}],"wp:featuredmedia":[{"embeddable":true,"href":"https:\/\/www.europesays.com\/fr\/wp-json\/wp\/v2\/media\/328415"}],"wp:attachment":[{"href":"https:\/\/www.europesays.com\/fr\/wp-json\/wp\/v2\/media?parent=328414"}],"wp:term":[{"taxonomy":"category","embeddable":true,"href":"https:\/\/www.europesays.com\/fr\/wp-json\/wp\/v2\/categories?post=328414"},{"taxonomy":"post_tag","embeddable":true,"href":"https:\/\/www.europesays.com\/fr\/wp-json\/wp\/v2\/tags?post=328414"}],"curies":[{"name":"wp","href":"https:\/\/api.w.org\/{rel}","templated":true}]}}