{"id":328420,"date":"2025-08-19T03:18:23","date_gmt":"2025-08-19T03:18:23","guid":{"rendered":"https:\/\/www.europesays.com\/fr\/328420\/"},"modified":"2025-08-19T03:18:23","modified_gmt":"2025-08-19T03:18:23","slug":"nos-idees-sorties-du-week-end-des-22-23-et-24-aout-2025-dans-la-loire","status":"publish","type":"post","link":"https:\/\/www.europesays.com\/fr\/328420\/","title":{"rendered":"Nos id\u00e9es sorties du week-end des 22, 23 et 24 ao\u00fbt 2025 dans la Loire"},"content":{"rendered":"<p class=\"is-style-chapo\">Voici la s\u00e9lection de la r\u00e9daction de If Saint-Etienne pour se divertir et s\u2019amuser dans la Loire le week-end prochain, soit les 22, 23 et 24 ao\u00fbt. Une liste d\u2019\u00e9v\u00e9nements, s\u00e9lectionn\u00e9s de mani\u00e8re ind\u00e9pendante et, bien entendu, non-exhaustive.<\/p>\n<p><img loading=\"lazy\" decoding=\"async\" width=\"1024\" height=\"576\" src=\"https:\/\/www.europesays.com\/fr\/wp-content\/uploads\/2025\/05\/Capture-decran-2025-05-30-a-15.21.58-1-1024x576.jpg\" alt=\"\" class=\"wp-image-79446\"  \/>Le Ch\u00e2teau des Bruneaux \u00e0 Firminy deviendra le th\u00e9\u00e2tre d\u2019un spectacle de mapping vid\u00e9o. \u00a9R\u00e9gion Auvergne Rh\u00f4ne-Alpes<\/p>\n<p>1 \u2013 Lights on<\/p>\n<p>A Firminy, le ch\u00e2teau des Bruneaux deviendra le th\u00e9\u00e2tre d\u2019un spectacle de mapping vid\u00e9o dans le cadre du <a href=\"https:\/\/www.if-saint-etienne.fr\/breves\/festival-region-des-lumieres-deux-sites-ligeriens-sillumineront-cette-annee\" target=\"_blank\" rel=\"noreferrer noopener\">festival<\/a> R\u00e9gion des Lumi\u00e8res, \u00e0 partir de ce samedi 23 ao\u00fbt \u00e0 la tomb\u00e9e de la nuit jusqu\u2019\u00e0 23h. L\u2019\u00e9v\u00e9nement reviendra en lumi\u00e8res sur le pass\u00e9 industriel de la ville, et se produira ensuite chaque jour jusqu\u2019au 14 septembre.<\/p>\n<p>2 \u2013 El\u00e9mentaire\u00a0!<\/p>\n<p>Le dimanche 24 ao\u00fbt \u00e0 16h, glissez-vous dans la peau d\u2019un d\u00e9tective au <a href=\"https:\/\/www.chateau-boutheon.com\/agenda\/enquete-16h-un-meurtrier-au-chateau\/\" target=\"_blank\" rel=\"noreferrer noopener\">Ch\u00e2teau de Bouth\u00e9on<\/a> pour d\u00e9couvrir son histoire en s\u2019amusant. Vous devrez r\u00e9soudre un crime myst\u00e9rieux et dont l\u2019auteur n\u2019est autre qu\u2019un des propri\u00e9taires du ch\u00e2teau. Vous aurez une heure pour rassembler les indices n\u00e9cessaires.<\/p>\n<p>3 \u2013 En coulisses<\/p>\n<p>Samedi 23 ao\u00fbt, l\u2019hippodrome de <a href=\"https:\/\/www.hippodrome-saint-galmier.fr\/\" target=\"_blank\" rel=\"noreferrer noopener\">Saint-Galmier<\/a> organise une visite guid\u00e9e \u00e0 partir de 15h. Pas besoin d\u2019\u00eatre un habitu\u00e9 pour d\u00e9couvrir comment sont organis\u00e9es les courses, la pes\u00e9e des jockeys, ou encore les contr\u00f4les antidopage des coureurs ainsi que des chevaux. Uniquement sur r\u00e9servation.<\/p>\n<p>4 \u2013 Cheese<\/p>\n<p>Vendredi 22 ao\u00fbt, \u00e0 14h, le Tunnel de la Collonge \u00e0 Ambierle ouvre ses portes aux visiteurs. La fromagerie Mons vous fera d\u00e9couvrir l\u2019histoire de cet ancien tunnel ferroviaire devenu cave d\u2019affinage pour les fromages\u2026 Uniquement sur <a href=\"https:\/\/www.mons-fromages.com\/fr\/132-visites-du-tunnel\" target=\"_blank\" rel=\"noreferrer noopener\">r\u00e9servation<\/a>.<\/p>\n<p>5 \u2013 Toile en ext\u00e9rieur<\/p>\n<p>Dimanche 24 ao\u00fbt, la Ville de <a href=\"https:\/\/www.aggloroanne.fr\/\" target=\"_blank\" rel=\"noreferrer noopener\">Roanne<\/a> vous propose un cin\u00e9 en plein air sur la place du march\u00e9. L\u2019occasion de voir ou revoir l\u2019immense succ\u00e8s du film d\u2019Artus, Un p\u2019tit truc en plus, \u00e0 partir de 21h15.<\/p>\n","protected":false},"excerpt":{"rendered":"Voici la s\u00e9lection de la r\u00e9daction de If Saint-Etienne pour se divertir et s\u2019amuser dans la Loire le&hellip;\n","protected":false},"author":2,"featured_media":140467,"comment_status":"","ping_status":"","sticky":false,"template":"","format":"standard","meta":{"footnotes":""},"categories":[9653],"tags":[14428,1111,11,2430,1777,674,1011,27,34689,14429,12,14430,25,4001,1669],"class_list":{"0":"post-328420","1":"post","2":"type-post","3":"status-publish","4":"format-standard","5":"has-post-thumbnail","7":"category-saint-etienne","8":"tag-activites-week-end-loire","9":"tag-actu","10":"tag-actualites","11":"tag-auvergne-rhone-alpes","12":"tag-eu","13":"tag-europe","14":"tag-fr","15":"tag-france","16":"tag-idee-sortie-saint-etienne","17":"tag-idees-sorties-loire","18":"tag-news","19":"tag-recreatif","20":"tag-republique-francaise","21":"tag-saint-etienne","22":"tag-sorties"},"share_on_mastodon":{"url":"https:\/\/pubeurope.com\/@fr\/115053271674553853","error":""},"_links":{"self":[{"href":"https:\/\/www.europesays.com\/fr\/wp-json\/wp\/v2\/posts\/328420","targetHints":{"allow":["GET"]}}],"collection":[{"href":"https:\/\/www.europesays.com\/fr\/wp-json\/wp\/v2\/posts"}],"about":[{"href":"https:\/\/www.europesays.com\/fr\/wp-json\/wp\/v2\/types\/post"}],"author":[{"embeddable":true,"href":"https:\/\/www.europesays.com\/fr\/wp-json\/wp\/v2\/users\/2"}],"replies":[{"embeddable":true,"href":"https:\/\/www.europesays.com\/fr\/wp-json\/wp\/v2\/comments?post=328420"}],"version-history":[{"count":0,"href":"https:\/\/www.europesays.com\/fr\/wp-json\/wp\/v2\/posts\/328420\/revisions"}],"wp:featuredmedia":[{"embeddable":true,"href":"https:\/\/www.europesays.com\/fr\/wp-json\/wp\/v2\/media\/140467"}],"wp:attachment":[{"href":"https:\/\/www.europesays.com\/fr\/wp-json\/wp\/v2\/media?parent=328420"}],"wp:term":[{"taxonomy":"category","embeddable":true,"href":"https:\/\/www.europesays.com\/fr\/wp-json\/wp\/v2\/categories?post=328420"},{"taxonomy":"post_tag","embeddable":true,"href":"https:\/\/www.europesays.com\/fr\/wp-json\/wp\/v2\/tags?post=328420"}],"curies":[{"name":"wp","href":"https:\/\/api.w.org\/{rel}","templated":true}]}}