{"id":328423,"date":"2025-08-19T03:25:14","date_gmt":"2025-08-19T03:25:14","guid":{"rendered":"https:\/\/www.europesays.com\/fr\/328423\/"},"modified":"2025-08-19T03:25:14","modified_gmt":"2025-08-19T03:25:14","slug":"main-basse-sur-les-fetes-et-traditions-populaires","status":"publish","type":"post","link":"https:\/\/www.europesays.com\/fr\/328423\/","title":{"rendered":"Main basse sur les f\u00eates et traditions populaires"},"content":{"rendered":"<p>        <a href=\"https:\/\/www.tv83.info\/wp-content\/uploads\/2023\/02\/IMG_4269.jpg\" data-caption=\"\" rel=\"nofollow noopener\" target=\"_blank\"><img loading=\"lazy\" decoding=\"async\" width=\"696\" height=\"522\" class=\"entry-thumb td-modal-image\" src=\"https:\/\/www.europesays.com\/fr\/wp-content\/uploads\/2025\/04\/IMG_4269-696x522.jpg\"   alt=\"\" title=\"Toulon en commun\"\/><\/a><\/p>\n<p>Main basse sur les f\u00eates et traditions populaires : la r\u00e9action de Toulon en Commun<\/p>\n<p>Toulon en Commun exprime sa vive inqui\u00e9tude face aux tentatives actuelles de manipulation des cultures, notamment r\u00e9gionales, de l\u2019histoire et du patrimoine. Ces man\u0153uvres qui ont pour but de cliver, s\u00e9parer et exclure avancent masqu\u00e9es. En r\u00e9\u00e9crivant une histoire tronqu\u00e9e, orient\u00e9e, en s\u2019appuyant sur des archa\u00efsmes incompatibles avec la la\u00efcit\u00e9, elles s\u2019attaquent aux piliers de la R\u00e9publique.<br \/>Le milliardaire d\u2019extr\u00eame droite et int\u00e9griste religieux Pierre-\u00c9douard St\u00e9rin propose, dans le programme nomm\u00e9 \u00ab Les plus belles F\u00eates de France \u00bb proposant des financements aux associations qui maintiennent en vie des f\u00eates et des traditions populaires qu\u2019il choisit. En contradiction totale avec le partage universel qui fonde toute action culturelle, toute f\u00eate, telle que nous les concevons \u00e0 Toulon en Commun. Pierre-\u00c9douard St\u00e9rin est par ailleurs sous enqu\u00eate judiciaire au sujet des financement qu\u2019il apporte aux campagnes locales, notamment en Provence Alpes C\u00f4te d\u2019Azur, du Rassemblement National et d\u2019\u00c9ric Zemmour.<\/p>\n<p>Un peu partout en France des associations organisatrices de f\u00eates \u2013 dont cinq en Provence \u2013 ont accept\u00e9 ce \u00ab cadeau tomb\u00e9 du ciel \u00bb. Plusieurs l\u2019ont d\u00e9j\u00e0 rejet\u00e9 apr\u00e8s avoir d\u00e9couvert ce qui \u00e9tait y camoufl\u00e9.<br \/>Dans les premiers principes \u00e9tablis pour son programme municipal, Toulon en Commun a inscrit l\u2019objectif suivant : \u00ab rendre leur culture, notamment proven\u00e7ale et occitane, leur histoire et leur patrimoine aux Toulonnaises et aux Toulonnais \u00bb. Toulon en Commun a aussi manifest\u00e9 cet \u00e9t\u00e9 pour que l\u2019Ancien \u00c9v\u00each\u00e9 de Toulon, monument historique, reste un bien public accessible \u00e0 toutes et tous.<\/p>\n<p>Toulon en Commun d\u00e9fend ici une culture proven\u00e7ale et occitane vivante, un partage critique de l\u2019histoire, un patrimoine accessible \u00e0 toutes et tous, qui rassemblent dans le partage et le libre-arbitre. Toulon en Commun met en garde contre les interpr\u00e9tations nationalistes des r\u00e9gionalismes, interpr\u00e9tations qui d\u00e9truisent le respect et l\u2019harmonie des cultures et des territoires.<br \/>La culture, l\u2019histoire et le patrimoine tels que Toulon en Commun les con\u00e7oit servent \u00e0 unir et ouvrir \u00e0 la lecture du monde en mouvement dans l\u2019\u00e9galit\u00e9, la libert\u00e9 et la fraternit\u00e9.<\/p>\n<p><a href=\"https:\/\/www.restosducoeur.org\/associations-departementales\/les-restos-du-coeur-du-var\/\" rel=\"nofollow noopener\" target=\"_blank\"><img decoding=\"async\" style=\"height:70px;width:140px\" src=\"https:\/\/www.europesays.com\/fr\/wp-content\/uploads\/2025\/04\/restos-du-coeur.jpg\"\/><\/a>        <\/p>\n","protected":false},"excerpt":{"rendered":"Main basse sur les f\u00eates et traditions populaires : la r\u00e9action de Toulon en Commun Toulon en Commun&hellip;\n","protected":false},"author":2,"featured_media":42988,"comment_status":"","ping_status":"","sticky":false,"template":"","format":"standard","meta":{"footnotes":""},"categories":[9619],"tags":[1111,11,1777,674,1011,27,12,882,25,2310],"class_list":{"0":"post-328423","1":"post","2":"type-post","3":"status-publish","4":"format-standard","5":"has-post-thumbnail","7":"category-toulon","8":"tag-actu","9":"tag-actualites","10":"tag-eu","11":"tag-europe","12":"tag-fr","13":"tag-france","14":"tag-news","15":"tag-provence-alpes-cote-dazur","16":"tag-republique-francaise","17":"tag-toulon"},"share_on_mastodon":{"url":"https:\/\/pubeurope.com\/@fr\/115053299527954782","error":""},"_links":{"self":[{"href":"https:\/\/www.europesays.com\/fr\/wp-json\/wp\/v2\/posts\/328423","targetHints":{"allow":["GET"]}}],"collection":[{"href":"https:\/\/www.europesays.com\/fr\/wp-json\/wp\/v2\/posts"}],"about":[{"href":"https:\/\/www.europesays.com\/fr\/wp-json\/wp\/v2\/types\/post"}],"author":[{"embeddable":true,"href":"https:\/\/www.europesays.com\/fr\/wp-json\/wp\/v2\/users\/2"}],"replies":[{"embeddable":true,"href":"https:\/\/www.europesays.com\/fr\/wp-json\/wp\/v2\/comments?post=328423"}],"version-history":[{"count":0,"href":"https:\/\/www.europesays.com\/fr\/wp-json\/wp\/v2\/posts\/328423\/revisions"}],"wp:featuredmedia":[{"embeddable":true,"href":"https:\/\/www.europesays.com\/fr\/wp-json\/wp\/v2\/media\/42988"}],"wp:attachment":[{"href":"https:\/\/www.europesays.com\/fr\/wp-json\/wp\/v2\/media?parent=328423"}],"wp:term":[{"taxonomy":"category","embeddable":true,"href":"https:\/\/www.europesays.com\/fr\/wp-json\/wp\/v2\/categories?post=328423"},{"taxonomy":"post_tag","embeddable":true,"href":"https:\/\/www.europesays.com\/fr\/wp-json\/wp\/v2\/tags?post=328423"}],"curies":[{"name":"wp","href":"https:\/\/api.w.org\/{rel}","templated":true}]}}