{"id":328426,"date":"2025-08-19T03:33:22","date_gmt":"2025-08-19T03:33:22","guid":{"rendered":"https:\/\/www.europesays.com\/fr\/328426\/"},"modified":"2025-08-19T03:33:22","modified_gmt":"2025-08-19T03:33:22","slug":"saint-erblon-latelier-du-verger-expose-a-la-mediatheque","status":"publish","type":"post","link":"https:\/\/www.europesays.com\/fr\/328426\/","title":{"rendered":"Saint-Erblon. L\u2019Atelier du Verger expose \u00e0 la m\u00e9diath\u00e8que"},"content":{"rendered":"<p>L\u2019Atelier du Verger est un groupe d\u2019une vingtaine de personnes passionn\u00e9es par la peinture, qui se retrouvent tous les mardis pour s\u2019adonner \u00e0 cet art. Sous les conseils d\u2019Olivier Grolleau, ils travaillent la peinture \u00e0 l\u2019huile ou l\u2019acrylique, <strong>\u00ab\u00a0quelques fois aussi l\u2019aquarelle,<\/strong> pr\u00e9cise Michel Le Guen, vice-pr\u00e9sident de l\u2019association. <strong>Chacun choisit ses th\u00e8mes selon son inspiration, il n\u2019y a pas de th\u00e8me impos\u00e9, m\u00eame s\u2019il y a beaucoup de paysages. Il y a aussi des portraits.\u00a0\u00bb<\/strong><\/p>\n<p>Jusqu\u2019au 25\u00a0ao\u00fbt, l\u2019atelier du Verger expose une soixantaine de toiles \u00e0 la m\u00e9diath\u00e8que, \u00e9voquant principalement la nature et les vacances.<\/p>\n<p>Jusqu\u2019au lundi 25\u00a0ao\u00fbt, exposition visible aux heures d\u2019ouverture de la m\u00e9diath\u00e8que.<\/p>\n<p>\u00a0<\/p>\n","protected":false},"excerpt":{"rendered":"L\u2019Atelier du Verger est un groupe d\u2019une vingtaine de personnes passionn\u00e9es par la peinture, qui se retrouvent tous&hellip;\n","protected":false},"author":2,"featured_media":328427,"comment_status":"","ping_status":"","sticky":false,"template":"","format":"standard","meta":{"footnotes":""},"categories":[2821],"tags":[1111,11,4396,829,1777,674,8110,1011,27,16582,12,584,25,38436,46557],"class_list":{"0":"post-328426","1":"post","2":"type-post","3":"status-publish","4":"format-standard","5":"has-post-thumbnail","7":"category-rennes","8":"tag-actu","9":"tag-actualites","10":"tag-atelier","11":"tag-bretagne","12":"tag-eu","13":"tag-europe","14":"tag-expose","15":"tag-fr","16":"tag-france","17":"tag-mediatheque","18":"tag-news","19":"tag-rennes","20":"tag-republique-francaise","21":"tag-saint-erblon","22":"tag-verger"},"share_on_mastodon":{"url":"https:\/\/pubeurope.com\/@fr\/115053331066531961","error":""},"_links":{"self":[{"href":"https:\/\/www.europesays.com\/fr\/wp-json\/wp\/v2\/posts\/328426","targetHints":{"allow":["GET"]}}],"collection":[{"href":"https:\/\/www.europesays.com\/fr\/wp-json\/wp\/v2\/posts"}],"about":[{"href":"https:\/\/www.europesays.com\/fr\/wp-json\/wp\/v2\/types\/post"}],"author":[{"embeddable":true,"href":"https:\/\/www.europesays.com\/fr\/wp-json\/wp\/v2\/users\/2"}],"replies":[{"embeddable":true,"href":"https:\/\/www.europesays.com\/fr\/wp-json\/wp\/v2\/comments?post=328426"}],"version-history":[{"count":0,"href":"https:\/\/www.europesays.com\/fr\/wp-json\/wp\/v2\/posts\/328426\/revisions"}],"wp:featuredmedia":[{"embeddable":true,"href":"https:\/\/www.europesays.com\/fr\/wp-json\/wp\/v2\/media\/328427"}],"wp:attachment":[{"href":"https:\/\/www.europesays.com\/fr\/wp-json\/wp\/v2\/media?parent=328426"}],"wp:term":[{"taxonomy":"category","embeddable":true,"href":"https:\/\/www.europesays.com\/fr\/wp-json\/wp\/v2\/categories?post=328426"},{"taxonomy":"post_tag","embeddable":true,"href":"https:\/\/www.europesays.com\/fr\/wp-json\/wp\/v2\/tags?post=328426"}],"curies":[{"name":"wp","href":"https:\/\/api.w.org\/{rel}","templated":true}]}}