{"id":328428,"date":"2025-08-19T03:34:27","date_gmt":"2025-08-19T03:34:27","guid":{"rendered":"https:\/\/www.europesays.com\/fr\/328428\/"},"modified":"2025-08-19T03:34:27","modified_gmt":"2025-08-19T03:34:27","slug":"saviez-vous-que-rennes-etait-la-sixieme-grande-ville-la-plus-verte-de-france","status":"publish","type":"post","link":"https:\/\/www.europesays.com\/fr\/328428\/","title":{"rendered":"Saviez-vous que Rennes \u00e9tait la sixi\u00e8me grande ville la plus verte de France ?"},"content":{"rendered":"<p>L\u2019incontournable parc du Thabor et son charmant voisin Oberthur, l\u2019immense parc des Gayeulles, les prairies Saint-Martin\u2026 Vue du ciel, la capitale bretonne compte 25\u00a0% de couverture arbor\u00e9e, faisant d\u2019elle la 6e ville de plus de 200\u00a0000\u00a0habitants la plus \u00ab\u00a0verte\u00a0\u00bb du pays. Des donn\u00e9es du site <a href=\"https:\/\/www.nosvillesvertes.fr\/Classement\" target=\"_blank\" rel=\"noopener\">Nos villes vertes<\/a> de l\u2019entreprise Kermap, qui traite les cartes fournies par l\u2019IGN, l\u2019Institut g\u00e9ographique national.<\/p>\n<p>\t<img decoding=\"async\" src=\"https:\/\/www.europesays.com\/fr\/wp-content\/uploads\/2025\/08\/P35411863D6938783G_px_640_.jpg\" alt=\"photo rennes est la 6e grande ville de france avec le plus de couvert v\u00e9g\u00e9tal, selon kermap (site nos villes vertes).  \u00a9  kermap\" width=\"640\" title=\" Rennes est la 6e grande ville de France avec le plus de couvert v\u00e9g\u00e9tal, selon Kermap (site Nos villes vertes).   Kermap \"\/><\/p>\n<p class=\"elmt-legende\"> Rennes est la 6e grande ville de France avec le plus de couvert v\u00e9g\u00e9tal, selon Kermap (site Nos villes vertes).   Kermap <\/p>\n<p>Selon ses calculs, Rennes compte 25\u00a0% de patrimoine arbor\u00e9 sur ses 50\u00a0km2 (zones publiques et jardins priv\u00e9s), soit 44\u00a0m2 de surface v\u00e9g\u00e9talis\u00e9e par habitant. Une surface en augmentation, puisqu\u2019elle \u00e9tait de 21\u00a0% (soit 37\u00a0m2) <a href=\"https:\/\/rennes.maville.com\/actu\/actudet_-decryptage.-rennes-la-verte-grise-aux-yeux-de-ses-habitants-_52674-3989937_actu.Htm\" target=\"_blank\" rel=\"noopener\">en 2019<\/a>.<\/p>\n<p>30\u00a0000\u00a0arbres plant\u00e9s en six ans<\/p>\n<p>Rennes monte m\u00eame sur la deuxi\u00e8me marche du podium selon le dernier <a href=\"https:\/\/rennes.maville.com\/actu\/actudet_-comment-rennes-se-retrouve-2e-ville-la-plus-verte-de-france-_7-6029315_actu.Htm\" target=\"_blank\" rel=\"noopener\">classement de l\u2019Observatoire des villes vertes<\/a> (2023), qui compare 97\u00a0indicateurs dans trois cat\u00e9gories\u00a0: <strong>\u00ab\u00a0Le nombre de m\u00b2 d\u2019espaces verts et d\u2019arbres par habitant, ainsi que le budget allou\u00e9.\u00a0\u00bb<\/strong><\/p>\n<p>D\u2019apr\u00e8s Ariane Selinger, secr\u00e9taire g\u00e9n\u00e9rale, c\u2019est <strong>\u00ab\u00a0\u00e0 l\u2019issue de la consultation citoyenne Rennes 2030\u00a0\u00bb<\/strong> (r\u00e9alis\u00e9e en 2019) que la Ville a pris la mesure de l\u2019attente en la mati\u00e8re. Depuis, Rennes a<strong> \u00ab\u00a0beaucoup augment\u00e9 son budget verdissement, avec 155\u00a0\u20ac par habitant, pr\u00e8s du double de la moyenne nationale.\u00a0\u00bb<\/strong><\/p>\n<p>\t<img decoding=\"async\" src=\"https:\/\/www.europesays.com\/fr\/wp-content\/uploads\/2025\/08\/P35411864D6938783G_px_640_.jpg\" alt=\"photo \u00e0 rennes, la dalle du parking vilaine sera d\u00e9truite, le fleuve va r\u00e9appara\u00eetre.  \u00a9  marc ollivier\/ouest-france\" width=\"640\" title=\" \u00c0 Rennes, la dalle du parking Vilaine sera d\u00e9truite, le fleuve va r\u00e9appara\u00eetre.   Marc Ollivier\/Ouest-France \"\/><\/p>\n<p class=\"elmt-legende\"> \u00c0 Rennes, la dalle du parking Vilaine sera d\u00e9truite, le fleuve va r\u00e9appara\u00eetre.   Marc Ollivier\/Ouest-France <\/p>\n<p>La maire socialiste, Nathalie App\u00e9r\u00e9, s\u2019est \u00e9galement engag\u00e9e \u00e0 faire planter 30\u00a0000\u00a0arbres durant le mandat, entre 2020 et 2026. En f\u00e9vrier, <strong>\u00ab\u00a0la barre des 20\u00a0000\u00a0est largement d\u00e9pass\u00e9e\u00a0\u00bb,<\/strong> <a href=\"https:\/\/rennes.maville.com\/actu\/actudet_-a-rennes-ou-en-est-la-promesse-de-la-ville-de-planter-30-000-arbres-d-ici-2026-_7-6677616_actu.Htm\" target=\"_blank\" rel=\"noopener\"> assurait-elle,<\/a> optimiste sur la r\u00e9alisation de l\u2019objectif.<\/p>\n<p>Les Rennais, eux, continuent de trouver leur centre-ville min\u00e9ral. La densit\u00e9 des immeubles anciens, les rues pav\u00e9es\u2026 Dont le charme ne suffit pas \u00e0 masquer le manque de v\u00e9g\u00e9tal. L\u00e0 aussi, les choses \u00e9voluent. Avec quelques arbres plant\u00e9s place de la Mairie, du Champ-Jacquet\u2026 Si cela reste anecdotique, ce ne sera pas le cas sur les quais et place R\u00e9publique o\u00f9, d\u2019ici 2028, 200\u00a0arbres seront plant\u00e9s \u00e0 l\u2019occasion de la r\u00e9fection du secteur.<\/p>\n<p>Aussi pour r\u00e9pondre \u00e0 <strong>\u00ab\u00a0l\u2019un des d\u00e9fis majeurs du XXIe\u00a0si\u00e8cle\u00a0: l\u2019adaptation au changement climatique\u00a0\u00bb<\/strong>, rappelle Marc Herv\u00e9, adjoint \u00e0 l\u2019urbanisme. Or, pr\u00e8s de v\u00e9g\u00e9taux, comme de l\u2019eau, l<a href=\"https:\/\/rennes.maville.com\/actu\/actudet_-face-au-changement-climatique-comment-adapter-la-ville-pour-que-rennes-reste-vivable-_7-6109792_actu.Htm\" target=\"_blank\" rel=\"noopener\">\u2019air est naturellement plus frais<\/a>\u2026<\/p>\n<p>\t<img decoding=\"async\" src=\"https:\/\/www.europesays.com\/fr\/wp-content\/uploads\/2025\/08\/P35411865D6938783G_px_640_.jpg\" alt=\"photo des arbres seront plant\u00e9s le long des quais de vilaine d\u00e9couverte.  \u00a9  phytolab\" width=\"640\" title=\" Des arbres seront plant\u00e9s le long des quais de Vilaine d\u00e9couverte.   Phytolab \"\/><\/p>\n<p class=\"elmt-legende\"> Des arbres seront plant\u00e9s le long des quais de Vilaine d\u00e9couverte.   Phytolab <\/p>\n<p>Faire r\u00e9appara\u00eetre le fleuve<\/p>\n<p>Cet automne, les premiers coups de marteau-piqueur seront donn\u00e9s sur la dalle en b\u00e9ton construite dans les ann\u00e9es 1960\u00a0pour cr\u00e9er un parking sur le fleuve Vilaine, en plein centre-ville. Au terme de huit mois de d\u00e9construction, puis d\u2019am\u00e9nagement de larges trottoirs arbor\u00e9s et de pontons, les 270\u00a0m\u00e8tres de quais v\u00e9g\u00e9talis\u00e9s seront rendus aux pi\u00e9tons.<\/p>\n<p>\u00a0<\/p>\n","protected":false},"excerpt":{"rendered":"L\u2019incontournable parc du Thabor et son charmant voisin Oberthur, l\u2019immense parc des Gayeulles, les prairies Saint-Martin\u2026 Vue du&hellip;\n","protected":false},"author":2,"featured_media":328429,"comment_status":"","ping_status":"","sticky":false,"template":"","format":"standard","meta":{"footnotes":""},"categories":[2821],"tags":[1111,11,829,1777,674,1011,27,4027,12,584,25,4937,46558,15402,4824],"class_list":{"0":"post-328428","1":"post","2":"type-post","3":"status-publish","4":"format-standard","5":"has-post-thumbnail","7":"category-rennes","8":"tag-actu","9":"tag-actualites","10":"tag-bretagne","11":"tag-eu","12":"tag-europe","13":"tag-fr","14":"tag-france","15":"tag-grande","16":"tag-news","17":"tag-rennes","18":"tag-republique-francaise","19":"tag-saint-brieuc","20":"tag-saviez-vous","21":"tag-verte","22":"tag-ville"},"share_on_mastodon":{"url":"https:\/\/pubeurope.com\/@fr\/115053334981715618","error":""},"_links":{"self":[{"href":"https:\/\/www.europesays.com\/fr\/wp-json\/wp\/v2\/posts\/328428","targetHints":{"allow":["GET"]}}],"collection":[{"href":"https:\/\/www.europesays.com\/fr\/wp-json\/wp\/v2\/posts"}],"about":[{"href":"https:\/\/www.europesays.com\/fr\/wp-json\/wp\/v2\/types\/post"}],"author":[{"embeddable":true,"href":"https:\/\/www.europesays.com\/fr\/wp-json\/wp\/v2\/users\/2"}],"replies":[{"embeddable":true,"href":"https:\/\/www.europesays.com\/fr\/wp-json\/wp\/v2\/comments?post=328428"}],"version-history":[{"count":0,"href":"https:\/\/www.europesays.com\/fr\/wp-json\/wp\/v2\/posts\/328428\/revisions"}],"wp:featuredmedia":[{"embeddable":true,"href":"https:\/\/www.europesays.com\/fr\/wp-json\/wp\/v2\/media\/328429"}],"wp:attachment":[{"href":"https:\/\/www.europesays.com\/fr\/wp-json\/wp\/v2\/media?parent=328428"}],"wp:term":[{"taxonomy":"category","embeddable":true,"href":"https:\/\/www.europesays.com\/fr\/wp-json\/wp\/v2\/categories?post=328428"},{"taxonomy":"post_tag","embeddable":true,"href":"https:\/\/www.europesays.com\/fr\/wp-json\/wp\/v2\/tags?post=328428"}],"curies":[{"name":"wp","href":"https:\/\/api.w.org\/{rel}","templated":true}]}}