{"id":32843,"date":"2025-04-18T01:23:03","date_gmt":"2025-04-18T01:23:03","guid":{"rendered":"https:\/\/www.europesays.com\/fr\/32843\/"},"modified":"2025-04-18T01:23:03","modified_gmt":"2025-04-18T01:23:03","slug":"previsions-du-vendredi-18-avril-2025-3","status":"publish","type":"post","link":"https:\/\/www.europesays.com\/fr\/32843\/","title":{"rendered":"pr\u00e9visions du vendredi 18 avril 2025"},"content":{"rendered":"<p>Toujours de la grisaille aujourd&rsquo;hui. Les nuages vont stationner sur Nantes. Il va faire 14\u00b0C en moyenne. Un l\u00e9ger vent de sud-est soufflera. Le matin, des nuages ne voudront pas faire place au soleil. Il faudra s&rsquo;attendre \u00e0 des perturbations, les Nantais se retrouveront sous des pluies \u00e9parses. En revanche, un temps plus chaud est pr\u00e9vu l&rsquo;apr\u00e8s-midi \u00e9tant donn\u00e9 que le mercure va conna\u00eetre une l\u00e9g\u00e8re hausse. Les valeurs afficheront entre 13 et 18\u00b0C. Le soir, encore des nuages dans le ciel qui emp\u00eachent le soleil de faire son apparition. Du mauvais temps est \u00e0 pr\u00e9voir. Des pluies \u00e9parses vont tomber. On passera de vendredi \u00e0 samedi par une nuit pluvieuse.<\/p>\n<p>Demain, Nantes devra encore patienter avant que les nuages ne se dissipent. Des pluies \u00e9parses vont tomber sur la ville. Une chute des temp\u00e9ratures est \u00e0 craindre. Les valeurs s&rsquo;\u00e9chelonneront entre 9 et 14\u00b0C. Une modeste brise d&rsquo;ouest sera ressentie par les habitants. La matin\u00e9e se d\u00e9roulera dans le brouillard. Les valeurs avoisineront les 12\u00b0C. Les nuages en pr\u00e9vision demain apr\u00e8s-midi, et un ciel encore gris. Les maximales pourront atteindre 14\u00b0C tandis que les minimales seront de 11\u00b0C. On notera la pr\u00e9sence persistante de nuages demain soir. La m\u00e9t\u00e9o sera marqu\u00e9e par des pluies \u00e9parses.<\/p>\n<p>Peu de changements pour la suite. Des temp\u00e9ratures dans les 12\u00b0C iront de pair avec un ciel pluvieux.<\/p>\n<p><\/p>\n","protected":false},"excerpt":{"rendered":"Toujours de la grisaille aujourd&rsquo;hui. Les nuages vont stationner sur Nantes. Il va faire 14\u00b0C en moyenne. Un&hellip;\n","protected":false},"author":2,"featured_media":32844,"comment_status":"","ping_status":"","sticky":false,"template":"","format":"standard","meta":{"footnotes":""},"categories":[2818],"tags":[1111,11,1777,674,1011,27,3047,766,12,2636,2119,25],"class_list":{"0":"post-32843","1":"post","2":"type-post","3":"status-publish","4":"format-standard","5":"has-post-thumbnail","7":"category-nantes","8":"tag-actu","9":"tag-actualites","10":"tag-eu","11":"tag-europe","12":"tag-fr","13":"tag-france","14":"tag-loire-atlantique","15":"tag-nantes","16":"tag-news","17":"tag-pays-de-la-loire","18":"tag-previsions-meteo","19":"tag-republique-francaise"},"share_on_mastodon":{"url":"https:\/\/pubeurope.com\/@fr\/114356355285024916","error":""},"_links":{"self":[{"href":"https:\/\/www.europesays.com\/fr\/wp-json\/wp\/v2\/posts\/32843","targetHints":{"allow":["GET"]}}],"collection":[{"href":"https:\/\/www.europesays.com\/fr\/wp-json\/wp\/v2\/posts"}],"about":[{"href":"https:\/\/www.europesays.com\/fr\/wp-json\/wp\/v2\/types\/post"}],"author":[{"embeddable":true,"href":"https:\/\/www.europesays.com\/fr\/wp-json\/wp\/v2\/users\/2"}],"replies":[{"embeddable":true,"href":"https:\/\/www.europesays.com\/fr\/wp-json\/wp\/v2\/comments?post=32843"}],"version-history":[{"count":0,"href":"https:\/\/www.europesays.com\/fr\/wp-json\/wp\/v2\/posts\/32843\/revisions"}],"wp:featuredmedia":[{"embeddable":true,"href":"https:\/\/www.europesays.com\/fr\/wp-json\/wp\/v2\/media\/32844"}],"wp:attachment":[{"href":"https:\/\/www.europesays.com\/fr\/wp-json\/wp\/v2\/media?parent=32843"}],"wp:term":[{"taxonomy":"category","embeddable":true,"href":"https:\/\/www.europesays.com\/fr\/wp-json\/wp\/v2\/categories?post=32843"},{"taxonomy":"post_tag","embeddable":true,"href":"https:\/\/www.europesays.com\/fr\/wp-json\/wp\/v2\/tags?post=32843"}],"curies":[{"name":"wp","href":"https:\/\/api.w.org\/{rel}","templated":true}]}}