{"id":328430,"date":"2025-08-19T03:35:28","date_gmt":"2025-08-19T03:35:28","guid":{"rendered":"https:\/\/www.europesays.com\/fr\/328430\/"},"modified":"2025-08-19T03:35:28","modified_gmt":"2025-08-19T03:35:28","slug":"strasbourg-un-collectif-dhabitants-attaque-leur-bailleur-social-domial","status":"publish","type":"post","link":"https:\/\/www.europesays.com\/fr\/328430\/","title":{"rendered":"Strasbourg. Un collectif d\u2019habitants attaque leur bailleur social Domial"},"content":{"rendered":"<p class=\"wp-block-post-excerpt__excerpt\">Amiante expos\u00e9e, interruptions quotidiennes d\u2019ouvriers, d\u00e9g\u00e2ts dans les appartements\u2026 \u00c0 Strasbourg, des locataires ont assign\u00e9 en justice le bailleur social Domial apr\u00e8s deux ann\u00e9es de travaux catastrophiques. Ils r\u00e9clament r\u00e9paration pour les d\u00e9sagr\u00e9ments subis et le pr\u00e9judice moral. <\/p>\n<p>Camille Curnier<\/p>\n<p>Publi\u00e9 le 18 ao\u00fbt 2025\u00a0\u00a0\u00b7\u00a0\u00a0<\/p>\n<p>Imprim\u00e9 le 19 ao\u00fbt 2025 \u00e0 05h35\u00a0\u00a0\u00b7\u00a0\u00a0<\/p>\n<p>Modifi\u00e9 le 18 ao\u00fbt 2025\u00a0\u00a0\u00b7\u00a0\u00a0<\/p>\n<p>\t\t\t\t\t6\u00a0minutes\n<\/p>\n<p class=\"has-drop-cap\">Au croisement des rues de Berne et de Gen\u00e8ve \u00e0 Strasbourg, un long b\u00e2timent angulaire s\u2019\u00e9tale sur plusieurs dizaines de m\u00e8tres. Derri\u00e8re ses fa\u00e7ades blanches fra\u00eechement r\u00e9nov\u00e9es, le quotidien des habitants s\u2019est brusquement d\u00e9t\u00e9rior\u00e9 en 2023. \u00ab\u00a0Quand on regarde de loin, c\u2019est tout beau, tout neuf\u2026 Mais les travaux ont \u00e9t\u00e9 un v\u00e9ritable enfer pour nous\u00a0\u00bb, souffle C\u00e9line, locataire du num\u00e9ro 6.<\/p>\n<p>Elle s\u2019interrompt, puis se l\u00e8ve pour ouvrir une armoire. Elle en sort un large dossier jaune, le pose sur la table. \u00c0 l\u2019int\u00e9rieur, des dizaines de courriels et de lettres adress\u00e9s au bailleur social Domial, propri\u00e9taire de l\u2019immeuble\u00a0: des photos, des comptes rendus de conciliations, un inventaire pr\u00e9cis de malfa\u00e7ons et de d\u00e9sagr\u00e9ments v\u00e9cu pendant les travaux de r\u00e9habilitation du b\u00e2timent. En tournant les pages, elle s\u2019arr\u00eate parfois. Des mois de travaux, des mois de gal\u00e8res pour des travaux qui se sont prolong\u00e9s jusqu\u2019en 2025, selon Domial. <\/p>\n<p>Le 12 septembre, ils seront une dizaine de locataires \u00e0 se tenir face \u00e0 Domial devant un juge des contentieux du tribunal de Strasbourg. Il ne s\u2019agira plus de parler travaux mais de demander r\u00e9paration pour ce qu\u2019ils estiment avoir endur\u00e9 pendant des mois. Des d\u00e9g\u00e2ts, des finitions laiss\u00e9es en plan, mais surtout un pr\u00e9judice moral. Ils r\u00e9clament 4\u00a0500 euros chacun en compensation.<\/p>\n<p class=\"has-primary-color has-text-color\">\n\t\t\t<strong> Cet article fait partie de l\u2019\u00e9dition abonn\u00e9s.<\/strong><br \/>\n\t\t\t| D\u00e9j\u00e0 abonn\u00e9\u00a0?<br \/>\n\t\t\t<a href=\"https:\/\/www.rue89strasbourg.com\/user\/connexion\" data-type=\"page\" data-id=\"116070\" target=\"_blank\" rel=\"noopener\">Connectez-vous<\/a>\n\t\t<\/p>\n<p>Abonnez-vous maintenant pour poursuivre votre lecture<\/p>\n<p><img loading=\"lazy\" decoding=\"async\" width=\"1206\" height=\"1241\" src=\"https:\/\/www.europesays.com\/fr\/wp-content\/uploads\/2025\/04\/04-paywall.png\" alt=\"Abonnez-vous\" class=\"wp-image-282314\" style=\"aspect-ratio:0.9717969379532635;width:281px;height:auto\"  \/><\/p>\n<p>\t\t\t<a href=\"https:\/\/www.rue89strasbourg.com\/\" class=\"custom-logo-link\" rel=\"home noopener\" target=\"_blank\"><img loading=\"lazy\" decoding=\"async\" width=\"290\" height=\"62\" src=\"https:\/\/www.europesays.com\/fr\/wp-content\/uploads\/2025\/04\/1743975279_388_logo.png\" class=\"custom-logo\" alt=\"Rue89 Strasbourg Enqu\u00eates et informations locales\"  \/><\/a><\/p>\n<p>\n\t\t\t\tAbonnez-vous maintenant pour suivre l\u2019actualit\u00e9 locale.\t\t\t<\/p>\n<p class=\"font-bold font-serif-heading mb-2 text-4xl\">\n\t\t\t\t\t\tL\u2019investigation locale \u00e0 port\u00e9e de main.\n\t\t\t\t\t<\/p>\n<p>\n\t\t\t\t\t\tAbonnez-vous et profitez d\u2019un acc\u00e8s illimit\u00e9 \u00e0 Rue89 Strasbourg. Annulez quand vous voulez.\n\t\t\t\t\t<\/p>\n<p class=\"xl:text-sm\">\n\t\t\t\t\tD\u00e9j\u00e0 abonn\u00e9\u00a0?<br \/>\n\t\t\t\t\t<a class=\"border border-transparent text-center transition-colors duration-instant focus:border-info focus:rounded focus:shadow-focus cursor-pointer text-black hover:text-gray-700 active:bg-black-700 font-semibold inline-block\" href=\"https:\/\/www.rue89strasbourg.com\/user\/connexion?redirect=\/travaux-traumatismes-domial-tribunal-strasbourg-355361\" target=\"_blank\" rel=\"noopener\">Connectez-vous<\/a>\t\t\t\t<\/p>\n<p>\n\t\t\t\tChoisissez votre formule\u00a0:\n\t\t\t<\/p>\n<p>\t\t\t\tFermer<\/p>\n","protected":false},"excerpt":{"rendered":"Amiante expos\u00e9e, interruptions quotidiennes d\u2019ouvriers, d\u00e9g\u00e2ts dans les appartements\u2026 \u00c0 Strasbourg, des locataires ont assign\u00e9 en justice le&hellip;\n","protected":false},"author":2,"featured_media":328431,"comment_status":"","ping_status":"","sticky":false,"template":"","format":"standard","meta":{"footnotes":""},"categories":[2820],"tags":[1111,11,46559,1777,674,1011,27,775,46560,1908,16354,12,25,640],"class_list":{"0":"post-328430","1":"post","2":"type-post","3":"status-publish","4":"format-standard","5":"has-post-thumbnail","7":"category-strasbourg","8":"tag-actu","9":"tag-actualites","10":"tag-domial","11":"tag-eu","12":"tag-europe","13":"tag-fr","14":"tag-france","15":"tag-grand-est","16":"tag-krutenau","17":"tag-logement","18":"tag-logement-social","19":"tag-news","20":"tag-republique-francaise","21":"tag-strasbourg"},"share_on_mastodon":{"url":"https:\/\/pubeurope.com\/@fr\/115053338623096852","error":""},"_links":{"self":[{"href":"https:\/\/www.europesays.com\/fr\/wp-json\/wp\/v2\/posts\/328430","targetHints":{"allow":["GET"]}}],"collection":[{"href":"https:\/\/www.europesays.com\/fr\/wp-json\/wp\/v2\/posts"}],"about":[{"href":"https:\/\/www.europesays.com\/fr\/wp-json\/wp\/v2\/types\/post"}],"author":[{"embeddable":true,"href":"https:\/\/www.europesays.com\/fr\/wp-json\/wp\/v2\/users\/2"}],"replies":[{"embeddable":true,"href":"https:\/\/www.europesays.com\/fr\/wp-json\/wp\/v2\/comments?post=328430"}],"version-history":[{"count":0,"href":"https:\/\/www.europesays.com\/fr\/wp-json\/wp\/v2\/posts\/328430\/revisions"}],"wp:featuredmedia":[{"embeddable":true,"href":"https:\/\/www.europesays.com\/fr\/wp-json\/wp\/v2\/media\/328431"}],"wp:attachment":[{"href":"https:\/\/www.europesays.com\/fr\/wp-json\/wp\/v2\/media?parent=328430"}],"wp:term":[{"taxonomy":"category","embeddable":true,"href":"https:\/\/www.europesays.com\/fr\/wp-json\/wp\/v2\/categories?post=328430"},{"taxonomy":"post_tag","embeddable":true,"href":"https:\/\/www.europesays.com\/fr\/wp-json\/wp\/v2\/tags?post=328430"}],"curies":[{"name":"wp","href":"https:\/\/api.w.org\/{rel}","templated":true}]}}