{"id":328434,"date":"2025-08-19T03:40:01","date_gmt":"2025-08-19T03:40:01","guid":{"rendered":"https:\/\/www.europesays.com\/fr\/328434\/"},"modified":"2025-08-19T03:40:01","modified_gmt":"2025-08-19T03:40:01","slug":"2-clubs-de-ligue-1-veulent-signer-neal-maupay","status":"publish","type":"post","link":"https:\/\/www.europesays.com\/fr\/328434\/","title":{"rendered":"2 clubs de Ligue 1 veulent signer Neal Maupay"},"content":{"rendered":"<p style=\"text-align: justify;\"><strong>LIGUE 1 2025-2026 \u2013 Selon RMC Sport, Lille et Nice sont sur le coup pour signer Neal Maupay (Olympique de Marseille).\u00a0<\/strong><\/p>\n<p style=\"text-align: justify;\">Alors que la d\u00e9faite \u00e0 Rennes a d\u00e9j\u00e0 laiss\u00e9 des traces \u00e0 l\u2019OM, les dirigeants doivent terminer leur mercato estival. Alors que plusieurs recrues sont encore attendues, trois ou quatre, l\u2019Olympique de Marseille doit encore d\u00e9graisser. <strong>Jonathan<\/strong> <strong>Rowe<\/strong>, temporairement \u00e9cart\u00e9 du groupe apr\u00e8s son altercation avec <strong>Adrien<\/strong> <strong>Rabiot<\/strong>, est un candidat au d\u00e9part.<\/p>\n<p><a href=\"https:\/\/dicodusport.fr\/blog\/om-adrien-rabiot-et-jonathan-rowe-ecartes-apres-leur-altercation\/\" class=\"vlp-link\" title=\"OM : Adrien Rabiot et Jonathan Rowe \u00e9cart\u00e9s apr\u00e8s leur altercation\" target=\"_blank\" rel=\"noopener\"><img loading=\"lazy\" decoding=\"async\" style=\"max-width: 792px;\" width=\"792\" height=\"445\" class=\"attachment-800x445 size-800x445 perfmatters-lazy\" alt=\"\" src=\"https:\/\/www.europesays.com\/fr\/wp-content\/uploads\/2025\/08\/OM-Adrien-Rabiot-et-Jonathan-Rowe-ecartes-apres-leur-altercation.png\"  data-\/><\/p>\n<p>OM : Adrien Rabiot et Jonathan Rowe \u00e9cart\u00e9s apr\u00e8s leur altercation<\/p>\n<p>LIGUE 1 2025-2026 &#8211; Selon RMC Sport, Adrien Rabiot et Jonathan Rowe ont \u00e9t\u00e9 \u00e9cart\u00e9s du groupe suite \u00e0 leur altercation \u00e0 l&rsquo;issue du match perdu \u00e0 Rennes.\u00a0<\/p>\n<p>Lire l&rsquo;article<\/p>\n<p>dicodusport.fr<\/p>\n<p>Lille et Nice pistent Neal Maupay<\/p>\n<p style=\"text-align: justify;\">Mais l\u2019international espoirs anglais n\u2019est pas le seul joueur \u00e0 vendre dans l\u2019effectif olympien. M\u00eame s\u2019il a rendu des services la saison pass\u00e9e, <strong>Neal<\/strong> <strong>Maupay<\/strong> n\u2019entre plus dans les plans de <strong>Roberto<\/strong> <strong>De<\/strong> <strong>Zerbi<\/strong>. L\u2019attaquant fran\u00e7ais n\u2019\u00e9tait m\u00eame pas dans le groupe lors de la d\u00e9faite face au <strong>Stade<\/strong> <strong>Rennais<\/strong>. Sauf retournement de situation, il devrait quitter le club.<\/p>\n<p style=\"text-align: justify;\">En France, <strong>Nice<\/strong>, son club formateur, est venu aux renseignements. Tr\u00e8s critiqu\u00e9s par les supporters des Aiglons lors de sa signature \u00e0 <strong>Marseille<\/strong>, il pourrait donc malgr\u00e9 tout rentrer \u00e0 la maison. Le <strong>LOSC<\/strong>, toujours en qu\u00eate d\u2019au moins un renfort offensif, est aussi venu aux renseignements. Son profil plait \u00e0 <strong>Bruno<\/strong> <strong>G\u00e9n\u00e9sio<\/strong>. Les deux clubs fran\u00e7ais doivent se m\u00e9fier de la concurrence de l\u2019Udinese qui s\u2019est aussi positionn\u00e9 sur l\u2019attaquant de 29 ans.<\/p>\n<p>\u00c0 ce sujet<br \/>\n<a href=\"https:\/\/dicodusport.fr\/blog\/mercato-om-2025-2026-le-tableau-complet-des-transferts-arrivees-et-departs\/\" class=\"vlp-link\" title=\"Mercato OM 2025-2026 : Le tableau complet des transferts, arriv\u00e9es et d\u00e9parts\" target=\"_blank\" rel=\"noopener\"><img loading=\"lazy\" decoding=\"async\" style=\"max-width: 792px;\" width=\"792\" height=\"445\" class=\"attachment-800x445 size-800x445 perfmatters-lazy\" alt=\"Mercato OM 2025-2026 Le tableau complet des transferts, arriv\u00e9es et d\u00e9parts\" src=\"https:\/\/www.europesays.com\/fr\/wp-content\/uploads\/2025\/08\/Mercato-OM-2025-2026-Le-tableau-complet-des-transferts-arrivees-et-departs.png\"  data-\/><\/p>\n<p>Mercato OM 2025-2026 : Le tableau complet des transferts, arriv\u00e9es et d\u00e9parts<\/p>\n<p>TRANSFERTS OM &#8211; Retrouvez tous les mouvements de l&rsquo;Olympique de Marseille pour l&rsquo;intersaison 2025 en Ligue 1. Arriv\u00e9es, d\u00e9part, pr\u00eats, transferts d\u00e9finitifs, ne ratez rien du mercato estival.\u00a0<\/p>\n<p>Lire l&rsquo;article<\/p>\n<p>dicodusport.fr<\/p>\n","protected":false},"excerpt":{"rendered":"LIGUE 1 2025-2026 \u2013 Selon RMC Sport, Lille et Nice sont sur le coup pour signer Neal Maupay&hellip;\n","protected":false},"author":2,"featured_media":328435,"comment_status":"","ping_status":"","sticky":false,"template":"","format":"standard","meta":{"footnotes":""},"categories":[2819],"tags":[1111,11,2113,1777,674,1011,27,884,12,2401,149,882,25],"class_list":{"0":"post-328434","1":"post","2":"type-post","3":"status-publish","4":"format-standard","5":"has-post-thumbnail","7":"category-nice","8":"tag-actu","9":"tag-actualites","10":"tag-breve","11":"tag-eu","12":"tag-europe","13":"tag-fr","14":"tag-france","15":"tag-marseille","16":"tag-news","17":"tag-nice","18":"tag-om","19":"tag-provence-alpes-cote-dazur","20":"tag-republique-francaise"},"share_on_mastodon":{"url":"","error":""},"_links":{"self":[{"href":"https:\/\/www.europesays.com\/fr\/wp-json\/wp\/v2\/posts\/328434","targetHints":{"allow":["GET"]}}],"collection":[{"href":"https:\/\/www.europesays.com\/fr\/wp-json\/wp\/v2\/posts"}],"about":[{"href":"https:\/\/www.europesays.com\/fr\/wp-json\/wp\/v2\/types\/post"}],"author":[{"embeddable":true,"href":"https:\/\/www.europesays.com\/fr\/wp-json\/wp\/v2\/users\/2"}],"replies":[{"embeddable":true,"href":"https:\/\/www.europesays.com\/fr\/wp-json\/wp\/v2\/comments?post=328434"}],"version-history":[{"count":0,"href":"https:\/\/www.europesays.com\/fr\/wp-json\/wp\/v2\/posts\/328434\/revisions"}],"wp:featuredmedia":[{"embeddable":true,"href":"https:\/\/www.europesays.com\/fr\/wp-json\/wp\/v2\/media\/328435"}],"wp:attachment":[{"href":"https:\/\/www.europesays.com\/fr\/wp-json\/wp\/v2\/media?parent=328434"}],"wp:term":[{"taxonomy":"category","embeddable":true,"href":"https:\/\/www.europesays.com\/fr\/wp-json\/wp\/v2\/categories?post=328434"},{"taxonomy":"post_tag","embeddable":true,"href":"https:\/\/www.europesays.com\/fr\/wp-json\/wp\/v2\/tags?post=328434"}],"curies":[{"name":"wp","href":"https:\/\/api.w.org\/{rel}","templated":true}]}}