{"id":328436,"date":"2025-08-19T03:41:18","date_gmt":"2025-08-19T03:41:18","guid":{"rendered":"https:\/\/www.europesays.com\/fr\/328436\/"},"modified":"2025-08-19T03:41:18","modified_gmt":"2025-08-19T03:41:18","slug":"pourquoi-le-ciel-est-si-voile-et-la-lumiere-est-si-etrange-ce-lundi","status":"publish","type":"post","link":"https:\/\/www.europesays.com\/fr\/328436\/","title":{"rendered":"pourquoi le ciel est si voil\u00e9 et la lumi\u00e8re est si \u00e9trange ce lundi"},"content":{"rendered":"<p>            Par<br \/>\n        <strong><br \/>\n            <a href=\"https:\/\/actu.fr\/auteur\/herve-pinson\" title=\"Consulter tous les articles de Herv\u00e9 Pinson\" rel=\"nofollow noopener\" target=\"_blank\">Herv\u00e9 Pinson<\/a><br \/>\n        <\/strong><\/p>\n<p>        Publi\u00e9 le<\/p>\n<p>            18 ao\u00fbt 2025 \u00e0 16h09        <\/p>\n<p>Depuis quelques jours, le ciel de l\u2019Ouest de la France dont la Loire-Atlantique est pour le moins <b>tr\u00e8s voil\u00e9<\/b>, avec une <b>lumi\u00e8re blafarde<\/b> et un soleil rougeoyant le matin et le soir, parfois immortalis\u00e9s par des photographies saisissantes.<\/p>\n<p class=\" wall-content\">Il faut aller loin pour trouver la raison de cette m\u00e9t\u00e9o particuli\u00e8re.<\/p>\n<p>    <a href=\"https:\/\/www.facebook.com\/plugins\/post.php?href=https%3A%2F%2Fwww.facebook.com%2Falainbarresfr%2Fposts%2Fpfbid0yx8UzbtTZwssqG1T2hrKnWuPgjUvJ9qZnGQK1J88rerfKwVvBJ77ivSpfdqHwoXyl&amp;show_text=true&amp;width=350\" title=\"Ouvrie le lien\" rel=\"nofollow noopener\" target=\"_blank\">Cliquez ici pour visualiser le contenu<\/a><\/p>\n<p>Un voile venu d\u2019Espagne et du Portugal<\/p>\n<p class=\" wall-content\">Selon <a href=\"https:\/\/airpl.org\/\" rel=\"nofollow noopener\" target=\"_blank\">Air Pays de la Loire<\/a>, qui indique une d\u00e9gradation de la qualit\u00e9 de l\u2019air allant <b>de moyenne \u00e0 d\u00e9grad\u00e9e<\/b> ce lundi 18\u00a0ao\u00fbt 2025, \u00ab\u2009le voile nuageux observ\u00e9 depuis samedi 16\u00a0ao\u00fbt provient en partie des <a href=\"https:\/\/actu.fr\/monde\/violents-incendies-en-espagne-et-au-portugal-plusieurs-pompiers-tues-des-milliers-d-hectares-ravages_63045240.html\" rel=\"nofollow noopener\" target=\"_blank\">incendies au Portugal et en Espagne<\/a>\u2009\u00bb.<\/p>\n<p class=\" wall-content\">Le r\u00e9seau europ\u00e9en <a href=\"https:\/\/atmosphere.copernicus.eu\/charts\/packages\/cams_air_quality\/products\/europe-air-quality-daily-aggregated-forecast-aerosol-tracers?base_time=202508180000&amp;layer_name=composition_europe_pm_wf_forecast_surface&amp;level=key_3000&amp;originating_centre=85_2&amp;projection=opencharts_europe&amp;stream=dame&amp;valid_time=202508182300\" rel=\"nofollow noopener\" target=\"_blank\">Copernicus<\/a>, qui surveille aussi la qualit\u00e9 de l\u2019air, montre que les particules li\u00e9es aux incendies se trouvent \u00e0 environ <b>3\u2009000\u00a0m\u00e8tres d\u2019altitude<\/b>.<\/p>\n<p>    <img   decoding=\"async\" loading=\"lazy\" class=\"size-large\" src=\"https:\/\/www.europesays.com\/fr\/wp-content\/uploads\/2025\/08\/822480bf23a86782480bf23a87c248v-960x640.jpg\" alt=\"Les particules au-dessus de l'Ouest de la France se trouvent \u00e0 environ 3000 m\u00e8tres d'altitude.\" width=\"960\" height=\"640\"\/><br \/>\n    Les particules au-dessus de l\u2019Ouest de la France se trouvent \u00e0 environ 3\u2009000\u00a0m\u00e8tres d\u2019altitude. \u00a9CopernicusVid\u00e9os : en ce moment sur Actu<\/p>\n<p class=\" wall-content\">Dans le sud du pays aussi, un <b>soleil rouge<\/b> insolite \u00e9tonne les habitants, comme en t\u00e9moigne <a href=\"https:\/\/actu.fr\/occitanie\/perpignan_66136\/on-a-jamais-vu-ca-c-est-quoi-ce-soleil-rouge-impressionnant-dans-les-pyrenees-orientales_63044945.html\" rel=\"nofollow noopener\" target=\"_blank\">actu Perpignan<\/a>.<\/p>\n<p class=\" wall-content\">Air Pays de la Loire indique par ailleurs que \u00ab\u2009les temp\u00e9ratures plus mod\u00e9r\u00e9es et la couverture nuageuse limitent la formation d\u2019<b>ozone<\/b>\u2009\u00bb. Ce gaz est un polluant et irrite les <b>voies respiratoires<\/b>.<\/p>\n<p>Votre r\u00e9gion, votre actu !<\/p>\n<p>Recevez chaque jour les infos qui comptent pour vous.<\/p>\n<p>\t<a href=\"https:\/\/actu.fr\/newsletter\" class=\"ac-btn ac-btn--corner ac-btn--medium ac-btn--blue800\" rel=\"nofollow noopener\" target=\"_blank\">S&rsquo;incrire<\/a><\/p>\n<p>    <a href=\"https:\/\/www.facebook.com\/plugins\/post.php?href=https%3A%2F%2Fwww.facebook.com%2Fairpaysdelaloire%2Fposts%2Fpfbid0qfc3DdQzuJNpMAitS1VTNhivM9YkYRkcfigQLB2xSiHRLJv3jFpUhT5ADbAYPR73l&amp;show_text=true&amp;width=350\" title=\"Ouvrie le lien\" rel=\"nofollow noopener\" target=\"_blank\">Cliquez ici pour visualiser le contenu<\/a><\/p>\n<p class=\" wall-content\">La qualit\u00e9 de l\u2019air devrait un peu s\u2019am\u00e9liorer mardi 19\u00a0ao\u00fbt 2025, indique la carte pr\u00e9visionnelle d\u2019Air Pays de la Loire, tandis que <a href=\"https:\/\/actu.fr\/meteo\/des-orages-violents-prevus-en-france-voici-ou-ils-vont-eclater-mardi-et-mercredi_63045801.html\" rel=\"nofollow noopener\" target=\"_blank\">le temps va aussi changer<\/a> et que les <b>temp\u00e9ratures<\/b> vont se rafra\u00eechir les jours \u00e0 venir.<\/p>\n<p class=\" wall-content\">Personnalisez votre actualit\u00e9 en ajoutant vos villes et m\u00e9dias en favori avec <a href=\"https:\/\/moncompte.actu.fr\" title=\"D\u00e9couvez Mon Actu\" rel=\"nofollow noopener\" data-trk=\"{&quot;cta&quot;:{&quot;action&quot;:&quot;https:\\\/\\\/moncompte.actu.fr&quot;,&quot;category&quot;:&quot;mon compte&quot;,&quot;from&quot;:&quot;article footer&quot;,&quot;name&quot;:&quot;Mon actu&quot;,&quot;type&quot;:&quot;cta&quot;}}\" target=\"_blank\">Mon Actu<\/a>.<\/p>\n","protected":false},"excerpt":{"rendered":"Par Herv\u00e9 Pinson Publi\u00e9 le 18 ao\u00fbt 2025 \u00e0 16h09 Depuis quelques jours, le ciel de l\u2019Ouest de&hellip;\n","protected":false},"author":2,"featured_media":328437,"comment_status":"","ping_status":"","sticky":false,"template":"","format":"standard","meta":{"footnotes":""},"categories":[2818],"tags":[1111,11,1777,674,1011,27,1310,2487,2357,766,12,2636,1800,25],"class_list":{"0":"post-328436","1":"post","2":"type-post","3":"status-publish","4":"format-standard","5":"has-post-thumbnail","7":"category-nantes","8":"tag-actu","9":"tag-actualites","10":"tag-eu","11":"tag-europe","12":"tag-fr","13":"tag-france","14":"tag-incendie","15":"tag-meteo","16":"tag-meteo-france","17":"tag-nantes","18":"tag-news","19":"tag-pays-de-la-loire","20":"tag-pollution","21":"tag-republique-francaise"},"share_on_mastodon":{"url":"https:\/\/pubeurope.com\/@fr\/115053362201752960","error":""},"_links":{"self":[{"href":"https:\/\/www.europesays.com\/fr\/wp-json\/wp\/v2\/posts\/328436","targetHints":{"allow":["GET"]}}],"collection":[{"href":"https:\/\/www.europesays.com\/fr\/wp-json\/wp\/v2\/posts"}],"about":[{"href":"https:\/\/www.europesays.com\/fr\/wp-json\/wp\/v2\/types\/post"}],"author":[{"embeddable":true,"href":"https:\/\/www.europesays.com\/fr\/wp-json\/wp\/v2\/users\/2"}],"replies":[{"embeddable":true,"href":"https:\/\/www.europesays.com\/fr\/wp-json\/wp\/v2\/comments?post=328436"}],"version-history":[{"count":0,"href":"https:\/\/www.europesays.com\/fr\/wp-json\/wp\/v2\/posts\/328436\/revisions"}],"wp:featuredmedia":[{"embeddable":true,"href":"https:\/\/www.europesays.com\/fr\/wp-json\/wp\/v2\/media\/328437"}],"wp:attachment":[{"href":"https:\/\/www.europesays.com\/fr\/wp-json\/wp\/v2\/media?parent=328436"}],"wp:term":[{"taxonomy":"category","embeddable":true,"href":"https:\/\/www.europesays.com\/fr\/wp-json\/wp\/v2\/categories?post=328436"},{"taxonomy":"post_tag","embeddable":true,"href":"https:\/\/www.europesays.com\/fr\/wp-json\/wp\/v2\/tags?post=328436"}],"curies":[{"name":"wp","href":"https:\/\/api.w.org\/{rel}","templated":true}]}}