{"id":328438,"date":"2025-08-19T03:42:22","date_gmt":"2025-08-19T03:42:22","guid":{"rendered":"https:\/\/www.europesays.com\/fr\/328438\/"},"modified":"2025-08-19T03:42:22","modified_gmt":"2025-08-19T03:42:22","slug":"la-banderole-cinglante-de-la-brigade-loire-envers-les-parisiens-2","status":"publish","type":"post","link":"https:\/\/www.europesays.com\/fr\/328438\/","title":{"rendered":"la banderole cinglante de la Brigade Loire envers les Parisiens"},"content":{"rendered":"<p class=\"mb-4 text-lg md:leading-8 break-words\">Entre la pelouse et les tribunes, l&rsquo;accueil des Parisiens a \u00e9t\u00e9 contrast\u00e9 ce dimanche avant le match de cl\u00f4ture de la premi\u00e8re journ\u00e9e de Ligue 1 entre Nantes et le PSG (0-1). Si <a href=\"https:\/\/fr.news.yahoo.com\/sport\/nantes-psg-cadre-souvenir-troph%C3%A9e-194802273.html\" data-ylk=\"slk:le pr\u00e9sident des Canaris Waldemar Kita a voulu mettre les petits plats dans les grands;elm:context_link;itc:0;sec:content-canvas;outcm:mb_qualified_link;_E:mb_qualified_link;ct:story;\" class=\"link  yahoo-link\" target=\"_blank\" rel=\"noopener\">le pr\u00e9sident des Canaris Waldemar Kita a voulu mettre les petits plats dans les grands<\/a> pour f\u00e9liciter les champions d&rsquo;Europe, la Brigade Loire n&rsquo;a pas \u00e9t\u00e9 tendre avec le club de la capitale.<\/p>\n<p class=\"mb-4 text-lg md:leading-8 break-words\">Au moment de l&rsquo;entr\u00e9e des joueurs, une imposante banderole a \u00e9t\u00e9 d\u00e9ploy\u00e9e dans la tribune Loire du stade de la Beaujoire. \u00ab\u00a0Magouilles politico\/financi\u00e8res, m\u00e9dias soumis, footix d\u00e9c\u00e9r\u00e9br\u00e9s: f\u00e9licitations, vous \u00eates les nouveaux Marseillais!\u00a0\u00bb, pouvait-on y lire. Dans leur viseur: le PSG et son pr\u00e9sident Nasser Al-Khela\u00effi, au centre de plusieurs affaires judiciaires et pol\u00e9miques m\u00e9diatiques.<\/p>\n<p>Tapis rouge d\u00e9roul\u00e9 par Kita<\/p>\n<p class=\"mb-4 text-lg md:leading-8 break-words\">Cette prise de position cinglante de la Brigade Loire (le groupe d&rsquo;ultras nantais dont la tribune \u00e9tait partiellement ferm\u00e9e ce dimanche pour usage d&rsquo;engins pyrotechniques en fin de saison derni\u00e8re) contraste largement avec les cadeaux offerts par Waldemar Kita aux Parisiens.<\/p>\n<p class=\"mb-4 text-lg md:leading-8 break-words\">Le dirigeant franco-polonais a donn\u00e9 \u00e0 Marquinhos un cadre noir avec une Ligue des champions et une Tour Eiffel en or. Mais aussi un troph\u00e9e en chocolat sous verre, avec les couleurs de Nantes d\u2019un c\u00f4t\u00e9 et celles de Paris de l\u2019autre.<\/p>\n<p class=\"mb-4 text-lg md:leading-8 break-words\">En marge de cette marque de respect, Kita a \u00e9chang\u00e9 <a href=\"https:\/\/fr.news.yahoo.com\/sport\/nantes-psg-%C3%AAtes-chr%C3%A9tiens-c-211958546.html\" data-ylk=\"slk:quelques mots pour le moins \u00e9tranges avec le capitaine du PSG;elm:context_link;itc:0;sec:content-canvas;outcm:mb_qualified_link;_E:mb_qualified_link;ct:story;\" class=\"link  yahoo-link\" target=\"_blank\" rel=\"noopener\">quelques mots pour le moins \u00e9tranges avec le capitaine du PSG<\/a> pr\u00e8s de la pelouse. Les micros de Ligue 1+ \u00e9taient alors ouverts. Les propos tenus par le dirigeant ont \u00e9t\u00e9 entendus en direct. \u00ab\u00a0C\u2019est bien, vous les Br\u00e9siliens, vous vous adaptez bien. Vous \u00eates chr\u00e9tiens, c\u2019est bien\u00a0\u00bb, a lanc\u00e9 le patron nantais au d\u00e9fenseur de la Sele\u00e7ao, sans que la suite de la discussion soit audible.<\/p>\n<p class=\"mb-4 text-lg md:leading-8 break-words\"><a href=\"https:\/\/rmcsport.bfmtv.com\/football\/ligue-1\/nantes-psg-la-banderole-cinglante-de-la-brigade-loire-envers-les-parisiens_AV-202508180319.html#xtor=AL-68\" rel=\"nofollow noopener\" target=\"_blank\" data-ylk=\"slk:Article original publi\u00e9 sur RMC Sport;elm:context_link;itc:0;sec:content-canvas\" class=\"link \">Article original publi\u00e9 sur RMC Sport<\/a><\/p>\n","protected":false},"excerpt":{"rendered":"Entre la pelouse et les tribunes, l&rsquo;accueil des Parisiens a \u00e9t\u00e9 contrast\u00e9 ce dimanche avant le match de&hellip;\n","protected":false},"author":2,"featured_media":328439,"comment_status":"","ping_status":"","sticky":false,"template":"","format":"standard","meta":{"footnotes":""},"categories":[2818],"tags":[1111,11,46561,1777,674,1011,27,447,791,766,12,626,2636,93,25,14854,30694],"class_list":{"0":"post-328438","1":"post","2":"type-post","3":"status-publish","4":"format-standard","5":"has-post-thumbnail","7":"category-nantes","8":"tag-actu","9":"tag-actualites","10":"tag-brigade-loire","11":"tag-eu","12":"tag-europe","13":"tag-fr","14":"tag-france","15":"tag-ligue-des-champions","16":"tag-marquinhos","17":"tag-nantes","18":"tag-news","19":"tag-paris","20":"tag-pays-de-la-loire","21":"tag-psg","22":"tag-republique-francaise","23":"tag-stade-de-la-beaujoire","24":"tag-waldemar-kita"},"share_on_mastodon":{"url":"https:\/\/pubeurope.com\/@fr\/115053366025868997","error":""},"_links":{"self":[{"href":"https:\/\/www.europesays.com\/fr\/wp-json\/wp\/v2\/posts\/328438","targetHints":{"allow":["GET"]}}],"collection":[{"href":"https:\/\/www.europesays.com\/fr\/wp-json\/wp\/v2\/posts"}],"about":[{"href":"https:\/\/www.europesays.com\/fr\/wp-json\/wp\/v2\/types\/post"}],"author":[{"embeddable":true,"href":"https:\/\/www.europesays.com\/fr\/wp-json\/wp\/v2\/users\/2"}],"replies":[{"embeddable":true,"href":"https:\/\/www.europesays.com\/fr\/wp-json\/wp\/v2\/comments?post=328438"}],"version-history":[{"count":0,"href":"https:\/\/www.europesays.com\/fr\/wp-json\/wp\/v2\/posts\/328438\/revisions"}],"wp:featuredmedia":[{"embeddable":true,"href":"https:\/\/www.europesays.com\/fr\/wp-json\/wp\/v2\/media\/328439"}],"wp:attachment":[{"href":"https:\/\/www.europesays.com\/fr\/wp-json\/wp\/v2\/media?parent=328438"}],"wp:term":[{"taxonomy":"category","embeddable":true,"href":"https:\/\/www.europesays.com\/fr\/wp-json\/wp\/v2\/categories?post=328438"},{"taxonomy":"post_tag","embeddable":true,"href":"https:\/\/www.europesays.com\/fr\/wp-json\/wp\/v2\/tags?post=328438"}],"curies":[{"name":"wp","href":"https:\/\/api.w.org\/{rel}","templated":true}]}}