{"id":328440,"date":"2025-08-19T03:44:28","date_gmt":"2025-08-19T03:44:28","guid":{"rendered":"https:\/\/www.europesays.com\/fr\/328440\/"},"modified":"2025-08-19T03:44:28","modified_gmt":"2025-08-19T03:44:28","slug":"theatre-spectacle-deambulatoire-battle-de-compliments-lagenda-culturel-du-18-au-24-aout","status":"publish","type":"post","link":"https:\/\/www.europesays.com\/fr\/328440\/","title":{"rendered":"th\u00e9\u00e2tre, spectacle d\u00e9ambulatoire, battle de compliments&#8230; l\u2019agenda culturel du 18 au 24\u00a0ao\u00fbt"},"content":{"rendered":"<p>        <img decoding=\"async\" id=\"25187045\" src=\"https:\/\/www.europesays.com\/fr\/wp-content\/uploads\/2025\/08\/20250709183114-davt32.jpg\" alt=\"Le mus\u00e9e des Beaux-Arts pr\u00e9sente son nouvel accrochage sur le th\u00e8me de l\u2019enfance.\" itemprop=\"contentURL\"\/><\/p>\n<p>    Le mus\u00e9e des Beaux-Arts pr\u00e9sente son nouvel accrochage sur le th\u00e8me de l\u2019enfance.<\/p>\n<p>Thierry DAVID\/SO<\/p>\n<p>Le mus\u00e9e des Beaux-Arts pr\u00e9sente son nouvel accrochage sur le th\u00e8me de l\u2019enfance. L\u2019exposition rassemble une cinquantaine d\u2019\u0153uvres des collections du mus\u00e9e, du XVIIe au XXe\u00a0si\u00e8cle. Sa particularit\u00e9 est d\u2019\u00eatre une exposition \u00e0 voir et \u00e0 \u00e9couter\u00a0: des r\u00e9cits audio et des audiodescriptions, cr\u00e9\u00e9s \u00e0 partir de souvenirs d\u2019enfance de patients et de r\u00e9sidents d\u2019Ehpad, accompagnent les \u0153uvres (via smartphone ou audioguide).<\/p>\n<p>Exposition (tout public), Bordeaux, mus\u00e9e des Beaux-Arts, jusqu\u2019au 5\u00a0juin 2026 (ferm\u00e9 le mardi), de 11\u00a0heures \u00e0 18\u00a0heures. Tarif\u00a0: 6\u00a0euros. <a href=\"https:\/\/musba-bordeaux.fr\/\" target=\"_blank\" rel=\"nofollow noopener\">musba-bordeaux.fr<\/a><\/p>\n<p>\u00ab\u00a0La Maison\u00a0\u00bb, une exp\u00e9rience th\u00e9\u00e2trale immersive \u00e0 Lormont<\/p>\n<p>        <img decoding=\"async\" id=\"25415992\" src=\"https:\/\/www.europesays.com\/fr\/wp-content\/uploads\/2025\/08\/220304-dcdo-qcc-cognac-cr2-i-mathie-0555-preview.jpg\" alt=\"\u00ab\u00a0La Maison\u00a0\u00bb, un spectacle d\u00e9ambulatoire de Camille Duvelleroy et Caroline Melon de la compagnie De chair et d\u2019os.\" itemprop=\"contentURL\"\/><\/p>\n<p>    \u00ab\u00a0La Maison\u00a0\u00bb, un spectacle d\u00e9ambulatoire de Camille Duvelleroy et Caroline Melon de la compagnie De chair et d\u2019os.<\/p>\n<p>Ivan Mathie<\/p>\n<p>La compagnie De chair et d\u2019os propose une exp\u00e9rience immersive et solitaire \u00e0 Lormont. Le spectateur est invit\u00e9 \u00e0 d\u00e9ambuler seul dans une maison pour y d\u00e9couvrir les traces et les secrets laiss\u00e9s par six g\u00e9n\u00e9rations de femmes qui s\u2019y sont succ\u00e9d\u00e9. De pi\u00e8ce en pi\u00e8ce, il suit les indices d\u2019une histoire intime, dans un lieu tenu secret jusqu\u2019\u00e0 24\u00a0heures avant la repr\u00e9sentation.<\/p>\n<p>Th\u00e9\u00e2tre immersif (d\u00e8s 10\u00a0ans), Lormont, lieu secret, du 20 au 26\u00a0ao\u00fbt. Gratuit sur r\u00e9servation sur <a href=\"https:\/\/etemetropolitain.bordeaux-metropole.fr\/\" target=\"_blank\" rel=\"nofollow noopener\">etemetropolitain.bordeaux-metropole.fr. <\/a>Cr\u00e9neaux de r\u00e9servation (tous les quarts d\u2019heure) mercredi\u00a020, de 10\u00a0\u00e0 20\u00a0heures.<\/p>\n<p>Du th\u00e9\u00e2tre avec \u00ab\u00a0Pr\u00e9ludes\u00a0\u00bb \u00e0 Talence<\/p>\n<p>        <img decoding=\"async\" id=\"25423197\" src=\"https:\/\/www.europesays.com\/fr\/wp-content\/uploads\/2025\/08\/preludes-cie-moukaromain-grandchamp.jpg\" alt=\"La Compagnie Mouka installe sa cabine d\u2019\u00e9coute sur la place Alcala-de-Henares.\" itemprop=\"contentURL\"\/><\/p>\n<p>    La Compagnie Mouka installe sa cabine d\u2019\u00e9coute sur la place Alcala-de-Henares.<\/p>\n<p>Romain Grandchamp<\/p>\n<p>La Compagnie Mouka installe sa cabine d\u2019\u00e9coute sur la place Alcala-de-Henares pour une exp\u00e9rience th\u00e9\u00e2trale intimiste. Un spectateur \u00e0 la fois est invit\u00e9 \u00e0 choisir une histoire et \u00e0 assister \u00e0 une tr\u00e8s courte forme de spectacle. Dans ce t\u00eate-\u00e0-t\u00eate exclusif, des contes c\u00e9l\u00e8bres comme \u00ab\u00a0La Petite Fille aux allumettes\u00a0\u00bb ou \u00ab\u00a0Barbe bleue\u00a0\u00bb sont revisit\u00e9s \u00e0 travers le th\u00e9\u00e2tre d\u2019objet.<\/p>\n<p>Th\u00e9\u00e2tre d\u2019objet (d\u00e8s 6\u00a0ans), <a href=\"https:\/\/www.talence.fr\/agenda-liste\/spectacle-preludes\/\" target=\"_blank\" rel=\"nofollow noopener\">Talence, place Alcala-de-Henares,<\/a> le mercredi 20\u00a0ao\u00fbt, en continu de 10\u00a0h\u00a030 \u00e0 12\u00a0h\u00a030 et de 15\u00a0heures \u00e0 19\u00a0heures. Entr\u00e9e libre. 05\u00a057\u00a012\u00a029\u00a000.<\/p>\n<p>Danse contemporaine avec \u00ab\u00a0Hello Beautiful Stranger\u00a0\u00bb \u00e0 Cenon<\/p>\n<p>La compagnie Lalla pr\u00e9sente un duo de danse contemporaine dans le parc de la Ludo-m\u00e9diath\u00e8que. N\u00e9es sur des continents diff\u00e9rents, les danseuses Jessica Yactine et Kristen Rulifson y explorent la question de l\u2019alt\u00e9rit\u00e9. \u00c0 travers la fluidit\u00e9 du contact improvisation et les pas cod\u00e9s des danses de couple, leurs corps s\u2019engagent dans un dialogue sensible et une chor\u00e9graphie qui s\u2019\u00e9mancipe des fronti\u00e8res.<\/p>\n<p>Danse contemporaine (d\u00e8s 10\u00a0ans), Cenon, parc de la Ludo-m\u00e9diath\u00e8que, le mercredi 20\u00a0ao\u00fbt \u00e0 17\u00a0heures. Gratuit. <a href=\"https:\/\/etemetropolitain.bordeaux-metropole.fr\/\" target=\"_blank\" rel=\"nofollow noopener\">etemetropolitain.bordeaux-metropole.fr.<\/a><\/p>\n<p>\u00ab\u00a0Battle de Compliments\u00a0\u00bb \u00e0 Bruges<\/p>\n<p>        <img decoding=\"async\" id=\"20448756\" src=\"https:\/\/www.europesays.com\/fr\/wp-content\/uploads\/2025\/08\/cenon-6-juillet-2024-rocher-de-palmer-palmer-block-party-battle-de-compliments-avec-le-collectif-ta-.jpeg\" alt=\"Le collectif \u00ab\u00a0Ta M\u00e8re La Mieux\u00a0\u00bb inverse les codes du battle rap au th\u00e9\u00e2tre de verdure du parc Treulon.\" itemprop=\"contentURL\"\/><\/p>\n<p>    Le collectif \u00ab\u00a0Ta M\u00e8re La Mieux\u00a0\u00bb inverse les codes du battle rap au th\u00e9\u00e2tre de verdure du parc Treulon.<\/p>\n<p>Archives Yannick Delneste<\/p>\n<p>Le collectif \u00ab\u00a0Ta M\u00e8re La Mieux\u00a0\u00bb inverse les codes du battle rap au th\u00e9\u00e2tre de verdure du parc Treulon. Ici, pas de clashs mais des joutes verbales o\u00f9 po\u00e8tes, rappeurs et slameurs doivent sublimer et c\u00e9l\u00e9brer leur adversaire \u00e0 coups de flatteries et de compliments. Une soir\u00e9e d\u00e9cal\u00e9e et 100\u00a0% bienveillante, o\u00f9 le public est invit\u00e9 \u00e0 arbitrer les affrontements.<\/p>\n<p>Slam &amp; \u00c9loquence (tout public), Bruges, Th\u00e9\u00e2tre de verdure du parc Treulon, le mercredi 20\u00a0ao\u00fbt \u00e0 18\u00a0h\u00a030. Gratuit. <a href=\"https:\/\/etemetropolitain.bordeaux-metropole.fr\/\" target=\"_blank\" rel=\"nofollow noopener\">etemetropolitain.bordeaux-metropole.fr.<\/a><\/p>\n<p>\u00ab\u00a0Le Dernier Banquet\u00a0\u00bb, par la compagnie Os\u2019O \u00e0 Gradignan<\/p>\n<p>        <img decoding=\"async\" id=\"25151266\" src=\"https:\/\/www.europesays.com\/fr\/wp-content\/uploads\/2025\/08\/le-dernier-banquet-collectif-osojean-jacques-brumachon-1.jpg\" alt=\"Le Collectif OS\u2019O avec \u00ab\u00a0Le Dernier Banquet\u00a0\u00bb, propose des spectacles o\u00f9 le repas n\u2019est pas un simple \u00e0-c\u00f4t\u00e9\u2026\" itemprop=\"contentURL\"\/><\/p>\n<p>    Le Collectif OS\u2019O avec \u00ab\u00a0Le Dernier Banquet\u00a0\u00bb, propose des spectacles o\u00f9 le repas n\u2019est pas un simple \u00e0-c\u00f4t\u00e9\u2026<\/p>\n<p>Jean Jacques Brumachon<\/p>\n<p>Le Collectif OS\u2019O vous convie \u00e0 un banquet qui tourne au Cluedo g\u00e9ant \u00e0 l\u2019Espace de La Tannerie. Dans une ambiance \u00ab\u00a0Agatha Christie\u00a0\u00bb, un repas en trois actes devient le th\u00e9\u00e2tre d\u2019un meurtre. Les artistes, m\u00eal\u00e9s aux convives, glissent des indices pour une enqu\u00eate pleine de soup\u00e7ons et de coups de th\u00e9\u00e2tre. Le d\u00eener 100\u00a0% v\u00e9g\u00e9tarien est inclus dans cette aventure th\u00e9\u00e2trale et conviviale.<\/p>\n<p>D\u00eener-spectacle (d\u00e8s 12\u00a0ans), Gradignan, Espace de La Tannerie, le mercredi 20\u00a0ao\u00fbt \u00e0 20h. 16\u00a0\u20ac (d\u00eener inclus), r\u00e9servation obligatoire. <a href=\"https:\/\/etemetropolitain.bordeaux-metropole.fr\/\" target=\"_blank\" rel=\"nofollow noopener\">etemetropolitain.bordeaux-metropole.fr.<\/a><\/p>\n<p>Cin\u00e9 en plein air\u00a0: \u00ab\u00a0Un P\u2019tit Truc en plus\u00a0\u00bb \u00e0 Saint-M\u00e9dard-en-Jalles<\/p>\n<p>        <img decoding=\"async\" id=\"19992510\" src=\"https:\/\/www.europesays.com\/fr\/wp-content\/uploads\/2025\/08\/22-un-ptit-truc-en-plus-2024-cine-nomine.jpg\" alt=\"La com\u00e9die \u00ab\u00a0Un P\u2019tit Truc en plus\u00a0\u00bb est projet\u00e9e en plein air sur le site des bords de Jalle.\" itemprop=\"contentURL\"\/><\/p>\n<p>    La com\u00e9die \u00ab\u00a0Un P\u2019tit Truc en plus\u00a0\u00bb est projet\u00e9e en plein air sur le site des bords de Jalle.<\/p>\n<p>Cine Nomine<\/p>\n<p>La com\u00e9die \u00ab\u00a0Un P\u2019tit Truc en plus\u00a0\u00bb est projet\u00e9e en plein air sur le site des bords de Jalle. Le film suit un p\u00e8re et son fils en cavale qui se r\u00e9fugient dans une colonie de vacances pour jeunes adultes en situation de handicap. Le public peut arriver d\u00e8s 19\u00a0h\u00a030 pour pique-niquer (pensez \u00e0 vos si\u00e8ges). En cas de pluie ou de canicule, la s\u00e9ance sera d\u00e9plac\u00e9e au cin\u00e9ma l\u2019\u00c9toile.<\/p>\n<p><a href=\"https:\/\/www.saint-medard-en-jalles.fr\/open-agenda\/cine-plein-air-un-ptit-truc-en-plus\/\" target=\"_blank\" rel=\"nofollow noopener\">Cin\u00e9ma en plein air (tout public), Saint-M\u00e9dard-en-Jalles,<\/a> bords de Jalle (Gajac), le mercredi 20\u00a0ao\u00fbt \u00e0 21\u00a0h\u00a030. Gratuit.<\/p>\n<p>Concert de Natascha Rogers Trio \u00e0 Eysines<\/p>\n<p>        <img decoding=\"async\" id=\"25423103\" src=\"https:\/\/www.europesays.com\/fr\/wp-content\/uploads\/2025\/08\/2-julien-mignot.jpg\" alt=\"Natascha Rogers est \u00e0 Eysines jeudi 21\u00a0ao\u00fbt.\" itemprop=\"contentURL\"\/><\/p>\n<p>    Natascha Rogers est \u00e0 Eysines jeudi 21\u00a0ao\u00fbt.<\/p>\n<p>Julien Mignot<\/p>\n<p>Dans le cadre des In\u00e9dits de l\u2019\u00c9t\u00e9, la percussionniste, pianiste et chanteuse Natascha Rogers se produit au parc du ch\u00e2teau Lescombes. S\u2019appuyant sur son dernier album \u00ab\u00a0Onaida\u00a0\u00bb, elle propose une musique en clair-obscur, m\u00ealant des compositions \u00e9pur\u00e9es au piano \u00e0 la chaleur du jazz, du groove afro-cubain et au rythme sacr\u00e9 des tambours bat\u00e0. Un univers intime et irradiant, port\u00e9 par des chants en anglais, espagnol et yoruba.<\/p>\n<p>Concert (tout public), Eysines, parc du ch\u00e2teau Lescombes, le jeudi 21\u00a0ao\u00fbt \u00e0 20\u00a0heures. Gratuit. <a href=\"https:\/\/etemetropolitain.bordeaux-metropole.fr\/\" target=\"_blank\" rel=\"nofollow noopener\">etemetropolitain.bordeaux-metropole.fr<\/a><\/p>\n<p>De la bossa-nova au jazz, le trio Blue Mojito \u00e0 Bordeaux<\/p>\n<p>        <img decoding=\"async\" id=\"21706472\" src=\"https:\/\/www.europesays.com\/fr\/wp-content\/uploads\/2025\/08\/bordeauxrivegauche-83695092543146dc9150fba1b454b3ec-150908-ph0.jpg\" alt=\"Natacha Roscio, chanteuse du groupe Blue Mojito.\" itemprop=\"contentURL\"\/><\/p>\n<p>    Natacha Roscio, chanteuse du groupe Blue Mojito.<\/p>\n<p>Syndicat de quartier de France<\/p>\n<p>Dans le cadre de Quartiers d\u2019\u00e9t\u00e9, le Blue Mojito Trio propose un voyage musical sur le square Hypoust\u00e9guy, \u00e0 Bacalan. Le groupe explore les standards de la bossa-nova, du jazz et d\u2019autres p\u00e9pites des musiques d\u2019Am\u00e9rique latine, de l\u2019Argentine au Br\u00e9sil. Port\u00e9 par la voix douce de sa chanteuse d\u2019origine argentine, le trio cr\u00e9e un univers chaleureux, romantique et p\u00e9tillant.<\/p>\n<p>Concert (tout public), Bordeaux, square Dr Roger-Hypoust\u00e9guy (Bacalan), le jeudi 21\u00a0ao\u00fbt \u00e0 21\u00a0heures. Gratuit. <a href=\"https:\/\/Bordeaux.fr\/\" target=\"_blank\" rel=\"nofollow noopener\">Bordeaux.fr<\/a><\/p>\n<p>Ap\u00e9ro concert avec Koko Loco \u00e0 Saint-M\u00e9dard-en-Jalles<\/p>\n<p>        <img decoding=\"async\" id=\"20579531\" src=\"https:\/\/www.europesays.com\/fr\/wp-content\/uploads\/2025\/08\/royanetroyannais-f9b63ec1b3cf442094e9fd70014ad9d5-104807-ph0.jpg\" alt=\"Koko Loco donnera une tonalit\u00e9 afro et carib\u00e9enne ce vendredi.\" itemprop=\"contentURL\"\/><\/p>\n<p>    Koko Loco donnera une tonalit\u00e9 afro et carib\u00e9enne ce vendredi.<\/p>\n<p>Koko Loko<\/p>\n<p>Les ap\u00e9ros concerts du parc de l\u2019Ing\u00e9nieur se poursuivent avec Koko Loko et sa \u00ab\u00a0tropical pop\u00a0\u00bb. Le groupe propose un cocktail musical envo\u00fbtant aux sonorit\u00e9s afro, jazz et carib\u00e9ennes, avec un r\u00e9pertoire festif enti\u00e8rement r\u00e9arrang\u00e9. Une buvette et une petite restauration sont pr\u00e9vues sur place (pensez \u00e0 vos si\u00e8ges). En cas de pluie, le concert est d\u00e9plac\u00e9 salle Antonin-Larroque.<\/p>\n<p>Concert (tout public), <a href=\"https:\/\/www.saint-medard-en-jalles.fr\/open-agenda\/apero-concert-de-lingenieur-2\/\" target=\"_blank\" rel=\"nofollow noopener\">Saint-M\u00e9dard-en-Jalles, parc de l\u2019Ing\u00e9nieur, <\/a>le vendredi 22\u00a0ao\u00fbt \u00e0 20\u00a0h\u00a015. Entr\u00e9e libre.<\/p>\n<p>Un \u00ab\u00a0Monologue culinaire\u00a0\u00bb \u00e0 Talence<\/p>\n<p>        <img decoding=\"async\" id=\"22042642\" src=\"https:\/\/www.europesays.com\/fr\/wp-content\/uploads\/2025\/08\/haut-bearn-d6b981c146624dbcb2b017f210995919-184343-ph0.jpg\" alt=\"Le \u00ab\u00a0Monologue culinaire\u00a0\u00bb de la Cie La Machine \u00e0 Pingouins.\" itemprop=\"contentURL\"\/><\/p>\n<p>    Le \u00ab\u00a0Monologue culinaire\u00a0\u00bb de la Cie La Machine \u00e0 Pingouins.<\/p>\n<p>Bernard Patrice<\/p>\n<p>L\u2019interpr\u00e8te et auteur Luis Alberto Rodr\u00edguez propose un voyage gustatif et \u00e9motionnel au c\u0153ur de sa ville natale, Monterrey, dans le bois de Thouars. Ce spectacle hilarant tord le cou aux clich\u00e9s sur le Mexique en relevant le d\u00e9fi de partager l\u2019histoire qui se cache derri\u00e8re un plat. En cas de pluie, la repr\u00e9sentation sera d\u00e9plac\u00e9e au D\u00f4me (annulation en cas de canicule).<\/p>\n<p>Th\u00e9\u00e2tre (d\u00e8s 8\u00a0ans), Talence, bois de Thouars, le vendredi 22\u00a0ao\u00fbt \u00e0 19\u00a0heures. Entr\u00e9e libre. 05\u00a057\u00a012\u00a029\u00a000. <a href=\"https:\/\/etemetropolitain.bordeaux-metropole.fr\/\" target=\"_blank\" rel=\"nofollow noopener\">etemetropolitain.bordeaux-metropole.fr.<\/a><\/p>\n<p>Cin\u00e9-club interdit aux moins de 18\u00a0ans \u00e0 Bordeaux<\/p>\n<p>        <img decoding=\"async\" id=\"25423328\" src=\"https:\/\/www.europesays.com\/fr\/wp-content\/uploads\/2025\/08\/blue-movie-andy-warhol-1969.jpg\" alt=\"\u00ab\u00a0Blue Movie\u00a0\u00bb a \u00e9t\u00e9 r\u00e9alis\u00e9, \u00e9crit et produit par Andy Warhol.\" itemprop=\"contentURL\"\/><\/p>\n<p>    \u00ab\u00a0Blue Movie\u00a0\u00bb a \u00e9t\u00e9 r\u00e9alis\u00e9, \u00e9crit et produit par Andy Warhol.<\/p>\n<p>Andy Warhol Films<\/p>\n<p>Dans le cadre de ses s\u00e9ances mensuelles, l\u2019association Monoquini pr\u00e9sente \u00ab\u00a0Blue Movie\u00a0\u00bb d\u2019Andy Warhol (1978) au cin\u00e9ma Minikino. \u0152uvre obscure et d\u00e9rangeante du cin\u00e9ma bis italien, le film d\u2019Alberto Cavallone explore les rapports ambigus et pervers entre un photographe de guerre traumatis\u00e9 et ses mod\u00e8les. Un climat de folie dissipe la fronti\u00e8re entre fantasme et r\u00e9alit\u00e9 dans ce film \u00e0 la fois bancal et fascinant.<\/p>\n","protected":false},"excerpt":{"rendered":"Le mus\u00e9e des Beaux-Arts pr\u00e9sente son nouvel accrochage sur le th\u00e8me de l\u2019enfance. Thierry DAVID\/SO Le mus\u00e9e des&hellip;\n","protected":false},"author":2,"featured_media":328441,"comment_status":"","ping_status":"","sticky":false,"template":"","format":"standard","meta":{"footnotes":""},"categories":[2817],"tags":[1111,11,1997,1777,674,1011,27,12,2219,25],"class_list":{"0":"post-328440","1":"post","2":"type-post","3":"status-publish","4":"format-standard","5":"has-post-thumbnail","7":"category-bordeaux","8":"tag-actu","9":"tag-actualites","10":"tag-bordeaux","11":"tag-eu","12":"tag-europe","13":"tag-fr","14":"tag-france","15":"tag-news","16":"tag-nouvelle-aquitaine","17":"tag-republique-francaise"},"share_on_mastodon":{"url":"https:\/\/pubeurope.com\/@fr\/115053374266440390","error":""},"_links":{"self":[{"href":"https:\/\/www.europesays.com\/fr\/wp-json\/wp\/v2\/posts\/328440","targetHints":{"allow":["GET"]}}],"collection":[{"href":"https:\/\/www.europesays.com\/fr\/wp-json\/wp\/v2\/posts"}],"about":[{"href":"https:\/\/www.europesays.com\/fr\/wp-json\/wp\/v2\/types\/post"}],"author":[{"embeddable":true,"href":"https:\/\/www.europesays.com\/fr\/wp-json\/wp\/v2\/users\/2"}],"replies":[{"embeddable":true,"href":"https:\/\/www.europesays.com\/fr\/wp-json\/wp\/v2\/comments?post=328440"}],"version-history":[{"count":0,"href":"https:\/\/www.europesays.com\/fr\/wp-json\/wp\/v2\/posts\/328440\/revisions"}],"wp:featuredmedia":[{"embeddable":true,"href":"https:\/\/www.europesays.com\/fr\/wp-json\/wp\/v2\/media\/328441"}],"wp:attachment":[{"href":"https:\/\/www.europesays.com\/fr\/wp-json\/wp\/v2\/media?parent=328440"}],"wp:term":[{"taxonomy":"category","embeddable":true,"href":"https:\/\/www.europesays.com\/fr\/wp-json\/wp\/v2\/categories?post=328440"},{"taxonomy":"post_tag","embeddable":true,"href":"https:\/\/www.europesays.com\/fr\/wp-json\/wp\/v2\/tags?post=328440"}],"curies":[{"name":"wp","href":"https:\/\/api.w.org\/{rel}","templated":true}]}}