{"id":328446,"date":"2025-08-19T03:49:14","date_gmt":"2025-08-19T03:49:14","guid":{"rendered":"https:\/\/www.europesays.com\/fr\/328446\/"},"modified":"2025-08-19T03:49:14","modified_gmt":"2025-08-19T03:49:14","slug":"giroud-deja-en-grande-forme-le-milieu-lillois-deboussole-les-tops-et-les-flops","status":"publish","type":"post","link":"https:\/\/www.europesays.com\/fr\/328446\/","title":{"rendered":"Giroud d\u00e9j\u00e0 en grande forme, le milieu lillois d\u00e9boussol\u00e9&#8230; Les tops et les flops"},"content":{"rendered":"<p><strong>TOPS\/FLOPS \u2013<\/strong> Le retour convaincant de Giroud, le doubl\u00e9 de Doumbia ou la r\u00e9serve technique du Stade Brestois\u00a0: retrouvez les tops et les flops du match nul entre Brest et Lille dimanche (3-3).<\/p>\n<p class=\"fig-paragraph\"><strong>TOPS<\/strong><\/p>\n<p>Giroud est comme le bon vin<\/p>\n<p class=\"fig-paragraph\">Certes, on exag\u00e8re un peu, il ne se bonifie pas avec l\u2019\u00e2ge, le meilleur est derri\u00e8re lui. Mais Olivier Giroud a prouv\u00e9 qu\u2019\u00e0 38 ans, il reste un joueur savoureux, \u00e0 appr\u00e9cier sans mod\u00e9ration. Le meilleur buteur de l\u2019histoire des Bleus\u00a0<a href=\"http:\/\/www.lefigaro.fr\/sports\/football\/ligue-1-en-video-le-but-d-olivier-giroud-avec-lille-sur-sa-premiere-occasion-20250817\" data-fig-type=\"NewsFlash\" data-gtm-custom-categorie=\"navigation\" data-gtm-custom-action=\"crossclick\" data-gtm-custom-label=\"Contextuel\" data-gtm-event=\"customEventSPE\" data-fig-domain=\"LEFIGARO\" target=\"_blank\" rel=\"noopener\">a ouvert le score sur sa premi\u00e8re occasion<\/a>, une frappe sans contr\u00f4le du gauche parfaitement plac\u00e9e (11e).<\/p>\n<p>                                    <a class=\"fig-a11y-skip a11y-hidden\" href=\"#fig-a11y-skip-main-inarticle\"><br \/>\n        Passer la publicit\u00e9<br \/>\n    <\/a><\/p>\n<p class=\"fig-paragraph\">Il a pass\u00e9 le match \u00e0 \u00e9puiser la d\u00e9fense brestoise, Brendan Chardonnet en particulier, par son jeu dos au but, ses d\u00e9viations bien senties et sa capacit\u00e9 \u00e0 gagner des duels. L\u2019ancien r\u00e9sident de Los Angeles a jou\u00e9 l\u2019int\u00e9gralit\u00e9 de la rencontre, laissant entrevoir quelques signes de fatigue en fin de match.<\/p>\n<p>Doumbia, le truc en plus des Brestois<\/p>\n<p class=\"fig-paragraph\">Il n\u2019est pas all\u00e9 jusqu\u2019au quadrupl\u00e9,\u00a0<a href=\"http:\/\/www.lefigaro.fr\/sports\/football\/ligue-1\/la-toupie-ronaldinho-edinson-cavani-5-choses-a-savoir-sur-kamory-doumbia-auteur-d-un-quadruple-historique-avec-brest-20231221\" data-fig-type=\"NewsFlash\" data-gtm-custom-categorie=\"navigation\" data-gtm-custom-action=\"crossclick\" data-gtm-custom-label=\"Contextuel\" data-gtm-event=\"customEventSPE\" data-fig-domain=\"LEFIGARO\" target=\"_blank\" rel=\"noopener\">comme un soir de d\u00e9cembre 2023<\/a>\u00a0contre Lorient (4-0). Il n\u2019en a pas moins \u00e9t\u00e9 pr\u00e9cieux dimanche pour le Stade Brestois. Kamory Doumbia a relanc\u00e9 le suspense \u00e0 Francis Le Bl\u00e9 en renard des surfaces (34e) puis a \u00e9galis\u00e9 d\u2019une frappe imparable, ouvrant son pied droit aux 18 m\u00e8tres (51e). Son volume de jeu (9 ballons r\u00e9cup\u00e9r\u00e9s) et sa d\u00e9termination ont permis aux Finist\u00e9riens de garder la flamme. \u00abC\u2019est la mentalit\u00e9 de l\u2019\u00e9quipe\u00bb, a r\u00e9sum\u00e9 le Malien au micro de Ligue\u00a01+.<\/p>\n<p class=\"fig-paragraph\"><strong>FLOPS<\/strong><\/p>\n<p>Le milieu lillois sans impact<\/p>\n<p class=\"fig-paragraph\">En optant pour un 4-2-3-1 plut\u00f4t qu\u2019un 4-3-3, Bruno Genesio s\u2019est peut-\u00eatre priv\u00e9 d\u2019un plus grand impact de son \u00e9quipe dans le c\u0153ur du jeu. Benjamin Andr\u00e9 et Ngal\u2019ayel Mukau ont souvent sembl\u00e9 d\u00e9bord\u00e9 et pris de court par l\u2019intensit\u00e9 brestoise. Le LOSC a subi le rythme pendant le plus clair de la rencontre et la capacit\u00e9 de Giroud \u00e0 conserver le ballon haut \u00e9tait un bol d\u2019air frais bienvenu. Une fin de match mieux ma\u00eetris\u00e9e, entre la fatigue brestoise et l\u2019entr\u00e9e de Nabil Bentaleb.<\/p>\n<p>Grande confusion apr\u00e8s le troisi\u00e8me but lillois<\/p>\n<p class=\"fig-paragraph\"><a href=\"http:\/\/www.lefigaro.fr\/sports\/football\/ligue-1\/ligue-1-malgre-le-retour-reussi-d-olivier-giroud-lille-se-contente-d-un-nul-spectaculaire-a-brest-20250817\" data-fig-type=\"NewsFlash\" data-gtm-custom-categorie=\"navigation\" data-gtm-custom-action=\"crossclick\" data-gtm-custom-label=\"Contextuel\" data-gtm-event=\"customEventSPE\" data-fig-domain=\"LEFIGARO\" target=\"_blank\" rel=\"noopener\">Ce score nul (3-3)<\/a>\u00a0sera-t-il bel et bien valid\u00e9 dans les prochains jours\u00a0? Le capitaine brestois, Brendan Chardonnet, a pris le temps de d\u00e9poser une r\u00e9serve technique aupr\u00e8s de l\u2019arbitre, M. Turpin, suite au troisi\u00e8me but nordiste (66e). Mukau a marqu\u00e9 sur un corner tir\u00e9 par Hakon Haraldsson. Sauf qu\u2019au moment du centre, le juge de touche a lev\u00e9 son drapeau, estimant que le ballon \u00e9tait sorti des limites du terrain avant d\u2019y revenir sur le centre de l\u2019Islandais.<\/p>\n<p>                                    <a class=\"fig-a11y-skip a11y-hidden\" href=\"#fig-a11y-skip-main-inarticle_mtf\"><br \/>\n        Passer la publicit\u00e9<br \/>\n    <\/a><\/p>\n<p class=\"fig-paragraph\">Le but a d\u2019abord \u00e9t\u00e9 refus\u00e9 avant que l\u2019assitance-vid\u00e9o ne vienne le valider, suscitant l\u2019ire d\u2019Eric Roy et ses joueurs. Ces derniers se sont-ils arr\u00eat\u00e9s de d\u00e9fendre une fois le drapeau lev\u00e9\u00a0? Si tel est le cas, les images ne suffisent pas \u00e0 traduire clairement l\u2019\u00e9tat d\u2019esprit des Finist\u00e9riens au moment du but. Une confusion regrettable et qui n\u2019a, heureusement, pas g\u00e2ch\u00e9 le spectacle.<\/p>\n","protected":false},"excerpt":{"rendered":"TOPS\/FLOPS \u2013 Le retour convaincant de Giroud, le doubl\u00e9 de Doumbia ou la r\u00e9serve technique du Stade Brestois\u00a0:&hellip;\n","protected":false},"author":2,"featured_media":328447,"comment_status":"","ping_status":"","sticky":false,"template":"","format":"standard","meta":{"footnotes":""},"categories":[2815],"tags":[1111,11,1777,674,1011,27,811,1307,2267,12,5959,25],"class_list":{"0":"post-328446","1":"post","2":"type-post","3":"status-publish","4":"format-standard","5":"has-post-thumbnail","7":"category-lille","8":"tag-actu","9":"tag-actualites","10":"tag-eu","11":"tag-europe","12":"tag-fr","13":"tag-france","14":"tag-hauts-de-france","15":"tag-lille","16":"tag-losc","17":"tag-news","18":"tag-olivier-giroud","19":"tag-republique-francaise"},"share_on_mastodon":{"url":"https:\/\/pubeurope.com\/@fr\/115053393618478843","error":""},"_links":{"self":[{"href":"https:\/\/www.europesays.com\/fr\/wp-json\/wp\/v2\/posts\/328446","targetHints":{"allow":["GET"]}}],"collection":[{"href":"https:\/\/www.europesays.com\/fr\/wp-json\/wp\/v2\/posts"}],"about":[{"href":"https:\/\/www.europesays.com\/fr\/wp-json\/wp\/v2\/types\/post"}],"author":[{"embeddable":true,"href":"https:\/\/www.europesays.com\/fr\/wp-json\/wp\/v2\/users\/2"}],"replies":[{"embeddable":true,"href":"https:\/\/www.europesays.com\/fr\/wp-json\/wp\/v2\/comments?post=328446"}],"version-history":[{"count":0,"href":"https:\/\/www.europesays.com\/fr\/wp-json\/wp\/v2\/posts\/328446\/revisions"}],"wp:featuredmedia":[{"embeddable":true,"href":"https:\/\/www.europesays.com\/fr\/wp-json\/wp\/v2\/media\/328447"}],"wp:attachment":[{"href":"https:\/\/www.europesays.com\/fr\/wp-json\/wp\/v2\/media?parent=328446"}],"wp:term":[{"taxonomy":"category","embeddable":true,"href":"https:\/\/www.europesays.com\/fr\/wp-json\/wp\/v2\/categories?post=328446"},{"taxonomy":"post_tag","embeddable":true,"href":"https:\/\/www.europesays.com\/fr\/wp-json\/wp\/v2\/tags?post=328446"}],"curies":[{"name":"wp","href":"https:\/\/api.w.org\/{rel}","templated":true}]}}