{"id":328448,"date":"2025-08-19T03:50:12","date_gmt":"2025-08-19T03:50:12","guid":{"rendered":"https:\/\/www.europesays.com\/fr\/328448\/"},"modified":"2025-08-19T03:50:12","modified_gmt":"2025-08-19T03:50:12","slug":"latelier-galerie-de-berth-et-catha-une-invitation-a-lart-nomade","status":"publish","type":"post","link":"https:\/\/www.europesays.com\/fr\/328448\/","title":{"rendered":"L\u2019atelier-galerie de Berth et CathA, une invitation \u00e0 l\u2019art nomade"},"content":{"rendered":"<p>Bert et CathA ouvrent leur lieu de vie, de cr\u00e9ation et d\u2019exposition \u00e0 Flaux au hameau des Auvis, de juillet \u00e0 octobre. Un atelier de travail en continuit\u00e9 en compl\u00e9mentarit\u00e9 de leur galerie situ\u00e9e \u00e0 Marseille \u00ab\u00a0une balade pour des \u0153uvres d\u2019art nomades Ici ou l\u00e0\u00a0\u00bb.<\/p>\n<p>Berth et CathA, c\u2019est l\u2019histoire d\u2019une amiti\u00e9 n\u00e9e sur les bords de la M\u00e9diterran\u00e9e dans les ann\u00e9es 80 dans la commune de Rayol-Canadel dans le Var.<\/p>\n<p>L\u2019aventure artistique de ce duo commence en 2017 o\u00f9 pendant quatre \u00e9t\u00e9s, ils exposent \u00e0 la galerie du Maurin \u00e0 Rayol-Canadel. CathA a poursuivi des \u00e9tudes en management malgr\u00e9 son app\u00e9tence pour la peinture et la cr\u00e9ativit\u00e9. \u00ab\u00a0Je suis destin\u00e9e \u00e0 la peinture\u00a0\u00bb, dit-elle. Elle commence sa carri\u00e8re en entreprise avant de fonder son studio Le ceramic painting et accompagnement cr\u00e9atif, l\u2019un des premiers en France.<\/p>\n<p>Form\u00e9e \u00e0 diff\u00e9rentes techniques et approches artistiques ainsi qu\u2019en art-th\u00e9rapie, elle cr\u00e9e peintures, c\u00e9ramiques, sculptures et anime des ateliers pour adultes et enfants. Berth est peintre et sculpteur, dipl\u00f4m\u00e9 des arts d\u00e9coratifs et des Beaux-Arts de Paris en peinture et architecture. Passionn\u00e9 par le cin\u00e9ma, il travaille pour Universals Studios \u00e0 Hollywood en tant que directeur artistique. De retour en France, il fonde son cabinet d\u2019architecte et de design.<\/p>\n<p><b>Un espace o\u00f9 l\u2019art se vit<\/b><\/p>\n<p>Riche de leur exp\u00e9rience \u00e0 Rayol-Canadel, ils ont l\u2019opportunit\u00e9 pendant trois ans d\u2019habiter un immense espace aux Docks de Marseille devenu un lieu phare de la ville, lieu d\u2019exception pour la cr\u00e9ation et l\u2019exp\u00e9rimentation. Au-del\u00e0 des \u00e9v\u00e8nements artistiques, ils ont ouvert cet espace \u00e0 la lecture, la po\u00e9sie, la musique, la danse, le tout dans une ambiance de partage.<\/p>\n<p>En 2024, la galerie \u00e9volutive Ici ou l\u00e0 et le studio Cr\u00e9aMics s\u2019installent Passage des Folies Berg\u00e8res au pied du quartier du Panier \u00e0 Marseille. \u00ab\u00a0L\u2019ADN reste le m\u00eame, assure CathA. L\u2019objectif est de casser l\u2019image de la galerie trop formelle.\u00a0\u00bb Ils souhaitent \u00ab\u00a0un lieu o\u00f9 les familles, les entreprises, tout le monde peut venir, partager et m\u00eame s\u2019asseoir \u00e0 une table pour dessiner et cr\u00e9er\u00a0\u00bb.<\/p>\n<p>Artistes multidisciplinaires, ils forment un duo o\u00f9 ils transposent leurs univers nourris d\u2019influence et de sensibilit\u00e9 pour des \u0153uvres joyeuses, lumineuses et g\u00e9n\u00e9reuses avec une palette de couleurs chaudes. Tous les deux travaillent aussi \u00e0 quatre mains sur une m\u00eame toile ou un m\u00eame projet d\u2019occupation.<\/p>\n<p>Lors des journ\u00e9es ArtyFlaux, vendredi 5, samedi 6 et dimanche 7 septembre prochains, Berth et CathA seront pr\u00e9sents et r\u00e9aliseront une performance en live, un exercice jubilatoire alliant peinture et musique. La maison atelier-galerie sera ouverte au public.<\/p>\n<p>Pour toutes informations compl\u00e9mentaires : 06 84 55 06 07, 06 09 57 71 26.<\/p>\n","protected":false},"excerpt":{"rendered":"Bert et CathA ouvrent leur lieu de vie, de cr\u00e9ation et d\u2019exposition \u00e0 Flaux au hameau des Auvis,&hellip;\n","protected":false},"author":2,"featured_media":328449,"comment_status":"","ping_status":"","sticky":false,"template":"","format":"standard","meta":{"footnotes":""},"categories":[2814],"tags":[1111,11,1777,674,1011,27,884,12,882,25],"class_list":{"0":"post-328448","1":"post","2":"type-post","3":"status-publish","4":"format-standard","5":"has-post-thumbnail","7":"category-marseille","8":"tag-actu","9":"tag-actualites","10":"tag-eu","11":"tag-europe","12":"tag-fr","13":"tag-france","14":"tag-marseille","15":"tag-news","16":"tag-provence-alpes-cote-dazur","17":"tag-republique-francaise"},"share_on_mastodon":{"url":"https:\/\/pubeurope.com\/@fr\/115053397534945127","error":""},"_links":{"self":[{"href":"https:\/\/www.europesays.com\/fr\/wp-json\/wp\/v2\/posts\/328448","targetHints":{"allow":["GET"]}}],"collection":[{"href":"https:\/\/www.europesays.com\/fr\/wp-json\/wp\/v2\/posts"}],"about":[{"href":"https:\/\/www.europesays.com\/fr\/wp-json\/wp\/v2\/types\/post"}],"author":[{"embeddable":true,"href":"https:\/\/www.europesays.com\/fr\/wp-json\/wp\/v2\/users\/2"}],"replies":[{"embeddable":true,"href":"https:\/\/www.europesays.com\/fr\/wp-json\/wp\/v2\/comments?post=328448"}],"version-history":[{"count":0,"href":"https:\/\/www.europesays.com\/fr\/wp-json\/wp\/v2\/posts\/328448\/revisions"}],"wp:featuredmedia":[{"embeddable":true,"href":"https:\/\/www.europesays.com\/fr\/wp-json\/wp\/v2\/media\/328449"}],"wp:attachment":[{"href":"https:\/\/www.europesays.com\/fr\/wp-json\/wp\/v2\/media?parent=328448"}],"wp:term":[{"taxonomy":"category","embeddable":true,"href":"https:\/\/www.europesays.com\/fr\/wp-json\/wp\/v2\/categories?post=328448"},{"taxonomy":"post_tag","embeddable":true,"href":"https:\/\/www.europesays.com\/fr\/wp-json\/wp\/v2\/tags?post=328448"}],"curies":[{"name":"wp","href":"https:\/\/api.w.org\/{rel}","templated":true}]}}