{"id":328452,"date":"2025-08-19T03:52:14","date_gmt":"2025-08-19T03:52:14","guid":{"rendered":"https:\/\/www.europesays.com\/fr\/328452\/"},"modified":"2025-08-19T03:52:14","modified_gmt":"2025-08-19T03:52:14","slug":"pres-de-lyon-le-cambrioleur-oublie-un-detail-important-sa-fuite-stoppee-net-par-les-gendarmes","status":"publish","type":"post","link":"https:\/\/www.europesays.com\/fr\/328452\/","title":{"rendered":"Pr\u00e8s de Lyon. Le cambrioleur oublie un d\u00e9tail important, sa fuite stopp\u00e9e net par les gendarmes"},"content":{"rendered":"<p>            Par<br \/>\n        <strong><br \/>\n            <a href=\"https:\/\/actu.fr\/auteur\/emma-ressegaire\" title=\"Consulter tous les articles de Emma Ressegaire\" rel=\"nofollow noopener\" target=\"_blank\">Emma Ressegaire<\/a><br \/>\n        <\/strong><\/p>\n<p>        Publi\u00e9 le<\/p>\n<p>            18 ao\u00fbt 2025 \u00e0 10h23        <\/p>\n<p>Le samedi 31 juillet, aux alentours de 13 heures, une famille contacte la gendarmerie suite au<strong> cambriolage de leur domicile<\/strong> situ\u00e9 \u00e0 Brignais, pr\u00e8s de <a href=\"https:\/\/actu.fr\/lyon\/\" rel=\"nofollow noopener\" target=\"_blank\">Lyon<\/a>. Selon la <a href=\"https:\/\/actu.fr\/auvergne-rhone-alpes\/dagneux_01142\/pres-de-lyon-les-gendarmes-arretent-un-chauffard-suisse-sur-l-a42-sa-vitesse-est-effrayante_63037684.html\" rel=\"nofollow noopener\" target=\"_blank\">gendarmerie<\/a> du Rh\u00f4ne, plusieurs <strong>bijoux et appareils \u00e9lectroniques<\/strong> ont disparu.\u00a0<br \/>Dans un premier temps, les forces de l\u2019ordre remarquent qu\u2019un des appareils \u00e9lectroniques de l\u2019une des victimes continue d\u2019\u00e9mettre un signal. La <strong>g\u00e9olocalisation<\/strong> se trouve \u00e0 quelques m\u00e8tres du domicile, \u00e0 <strong>un arr\u00eat de bus<\/strong> pr\u00e8s de la maison.<br \/>Les militaires d\u00e9cident alors de suivre cette piste.<\/p>\n<p>Arr\u00eat\u00e9 dans un bus<\/p>\n<p class=\" wall-content\">Une fois sur place, les gendarmes contr\u00f4lent un individu mais sans trouver les objets recherch\u00e9s.<\/p>\n<p class=\" wall-content\">Mais quelque temps apr\u00e8s, le signal se r\u00e9active, indiquant un trac\u00e9 suivant le trajet du bus. Par cons\u00e9quent, les militaires arr\u00eatent le bus et tombent de nouveau sur le m\u00eame individu. Et cette fois-ci, ce dernier est d\u00e9couvert en <strong>possession d\u2019un sac qui appartient aux victimes<\/strong>, contenant tout le butin, ainsi qu\u2019une arme prohib\u00e9e.<\/p>\n<p>    <a href=\"https:\/\/www.facebook.com\/plugins\/post.php?href=https%3A%2F%2Fwww.facebook.com%2Fgendarmeriedurhone%2Fposts%2Fpfbid0HUmUzTcdCA21b1s3ia885uWDeByxsEy4svzvvnNhQ1bxdHxGghTxhD1WWGhjBamhl&amp;show_text=true&amp;width=350\" title=\"Ouvrie le lien\" rel=\"nofollow noopener\" target=\"_blank\">Cliquez ici pour visualiser le contenu<\/a><\/p>\n<p>Condamn\u00e9 \u00e0 un an de prison<\/p>\n<p class=\" wall-content\">Plac\u00e9 en garde \u00e0 vue, l\u2019individu a \u00e9t\u00e9 pr\u00e9sent\u00e9 au tribunal judiciaire de Lyon : il a \u00e9t\u00e9 condamn\u00e9 \u00e0 <strong>un an d\u2019emprisonnement<\/strong> ainsi qu\u2019\u00e0 une interdiction de porter ou d\u00e9tenir une arme pendant trois ans et une interdiction du territoire pour la m\u00eame dur\u00e9e.<\/p>\n<p class=\" wall-content\">Personnalisez votre actualit\u00e9 en ajoutant vos villes et m\u00e9dias en favori avec <a href=\"https:\/\/moncompte.actu.fr\" title=\"D\u00e9couvez Mon Actu\" rel=\"nofollow noopener\" data-trk=\"{&quot;cta&quot;:{&quot;action&quot;:&quot;https:\\\/\\\/moncompte.actu.fr&quot;,&quot;category&quot;:&quot;mon compte&quot;,&quot;from&quot;:&quot;article footer&quot;,&quot;name&quot;:&quot;Mon actu&quot;,&quot;type&quot;:&quot;cta&quot;}}\" target=\"_blank\">Mon Actu<\/a>.<\/p>\n","protected":false},"excerpt":{"rendered":"Par Emma Ressegaire Publi\u00e9 le 18 ao\u00fbt 2025 \u00e0 10h23 Le samedi 31 juillet, aux alentours de 13&hellip;\n","protected":false},"author":2,"featured_media":328453,"comment_status":"","ping_status":"","sticky":false,"template":"","format":"standard","meta":{"footnotes":""},"categories":[1889],"tags":[1111,11,2430,1174,1777,674,118,1011,27,3381,303,2428,12,25],"class_list":{"0":"post-328452","1":"post","2":"type-post","3":"status-publish","4":"format-standard","5":"has-post-thumbnail","7":"category-lyon","8":"tag-actu","9":"tag-actualites","10":"tag-auvergne-rhone-alpes","11":"tag-cambriolage","12":"tag-eu","13":"tag-europe","14":"tag-faits-divers","15":"tag-fr","16":"tag-france","17":"tag-gendarmerie","18":"tag-justice","19":"tag-lyon","20":"tag-news","21":"tag-republique-francaise"},"share_on_mastodon":{"url":"https:\/\/pubeurope.com\/@fr\/115053405462695371","error":""},"_links":{"self":[{"href":"https:\/\/www.europesays.com\/fr\/wp-json\/wp\/v2\/posts\/328452","targetHints":{"allow":["GET"]}}],"collection":[{"href":"https:\/\/www.europesays.com\/fr\/wp-json\/wp\/v2\/posts"}],"about":[{"href":"https:\/\/www.europesays.com\/fr\/wp-json\/wp\/v2\/types\/post"}],"author":[{"embeddable":true,"href":"https:\/\/www.europesays.com\/fr\/wp-json\/wp\/v2\/users\/2"}],"replies":[{"embeddable":true,"href":"https:\/\/www.europesays.com\/fr\/wp-json\/wp\/v2\/comments?post=328452"}],"version-history":[{"count":0,"href":"https:\/\/www.europesays.com\/fr\/wp-json\/wp\/v2\/posts\/328452\/revisions"}],"wp:featuredmedia":[{"embeddable":true,"href":"https:\/\/www.europesays.com\/fr\/wp-json\/wp\/v2\/media\/328453"}],"wp:attachment":[{"href":"https:\/\/www.europesays.com\/fr\/wp-json\/wp\/v2\/media?parent=328452"}],"wp:term":[{"taxonomy":"category","embeddable":true,"href":"https:\/\/www.europesays.com\/fr\/wp-json\/wp\/v2\/categories?post=328452"},{"taxonomy":"post_tag","embeddable":true,"href":"https:\/\/www.europesays.com\/fr\/wp-json\/wp\/v2\/tags?post=328452"}],"curies":[{"name":"wp","href":"https:\/\/api.w.org\/{rel}","templated":true}]}}