{"id":328458,"date":"2025-08-19T03:57:12","date_gmt":"2025-08-19T03:57:12","guid":{"rendered":"https:\/\/www.europesays.com\/fr\/328458\/"},"modified":"2025-08-19T03:57:12","modified_gmt":"2025-08-19T03:57:12","slug":"des-supporters-du-paris-fc-autorises-a-se-rendre-au-stade-velodrome-de-marseille","status":"publish","type":"post","link":"https:\/\/www.europesays.com\/fr\/328458\/","title":{"rendered":"des supporters du Paris FC autoris\u00e9s \u00e0 se rendre au stade V\u00e9lodrome de Marseille"},"content":{"rendered":"<p>Une centaine de supporters parisiens assisteront au d\u00e9placement de leur \u00e9quipe sur la pelouse de l\u2019OM, samedi (17h), lors de la deuxi\u00e8me journ\u00e9e de Ligue 1.<\/p>\n<p class=\"fig-paragraph\">C\u2019est suffisamment rare ces derni\u00e8res ann\u00e9es pour \u00eatre soulign\u00e9. Samedi, des supporters parisiens devraient garnir le parcage visiteur du stade V\u00e9lodrome lors du d\u00e9placement du\u00a0<a href=\"http:\/\/www.lefigaro.fr\/sports\/football\/ligue-1\/ligue-1-le-paris-fc-battu-a-angers-strasbourg-arrache-le-succes-a-metz-auxerre-demarre-bien-20250817\" target=\"_blank\" data-fig-type=\"NewsFlash\" rel=\"noopener\" data-gtm-custom-categorie=\"navigation\" data-gtm-custom-action=\"crossclick\" data-gtm-custom-label=\"Contextuel\" data-gtm-event=\"customEventSPE\" data-fig-domain=\"LEFIGARO\">Paris FC<\/a>\u00a0sur la pelouse de l\u2019OM, pour le compte de la deuxi\u00e8me journ\u00e9e de\u00a0<a href=\"http:\/\/www.lefigaro.fr\/sports\/football\/ligue-1\/classement-ligue-1-monaco-premier-leader-paris-deja-dauphin-l-om-surprenant-avant-dernier-20250818\" target=\"_blank\" data-fig-type=\"NewsFlash\" rel=\"noopener\" data-gtm-custom-categorie=\"navigation\" data-gtm-custom-action=\"crossclick\" data-gtm-custom-label=\"Contextuel\" data-gtm-event=\"customEventSPE\" data-fig-domain=\"LEFIGARO\">Ligue 1.<\/a>\u00a0Comme indiqu\u00e9 par\u00a0<a href=\"https:\/\/www.lequipe.fr\/Football\/Actualites\/Il-y-aura-des-parisiens-dans-le-parcage-au-velodrome-une-centaine-de-supporters-du-pfc-autorises-pour-le-deplacement-a-marseille\/1585927\" target=\"_blank\" rel=\"sponsored noopener\" data-gtm-custom-categorie=\"navigation\" data-gtm-custom-action=\"crossclick\" data-gtm-custom-label=\"Contextuel\" data-gtm-event=\"customEventSPE\">L\u2019\u00c9quipe<\/a> \u00a0et RMC Sport, une centaine d\u2019inconditionnels du club de la capitale, promu cette saison, sera autoris\u00e9e \u00e0 faire le d\u00e9placement \u00e0 Marseille.<\/p>\n<p class=\"fig-paragraph\">La pr\u00e9fecture de police des Bouches-du-Rh\u00f4ne\u00a0a confirm\u00e9 cette autorisation ce lundi \u00e0 l\u2019issue d\u2019une r\u00e9union, la jauge maximale de supporters parisiens n\u2019\u00e9tant pas encore fix\u00e9e. Une chose est certaine, ceux-ci seront des ultras du Paris FC, abonn\u00e9s de longue date au club et connus des dirigeants. Ils seront \u00abtr\u00e8s encadr\u00e9s\u00bb, contr\u00f4l\u00e9s puis escort\u00e9s d\u00e8s leur d\u00e9part jusqu\u2019\u00e0 leur arriv\u00e9e au V\u00e9lodrome par un dispositif de s\u00e9curit\u00e9, qui sera d\u00e9termin\u00e9 et communiqu\u00e9 en fin de semaine, a indiqu\u00e9 la pr\u00e9fecture de police.<\/p>\n<p>                                    <a class=\"fig-a11y-skip a11y-hidden\" href=\"#fig-a11y-skip-main-inarticle\"><br \/>\n        Passer la publicit\u00e9<br \/>\n    <\/a><\/p>\n<p>Dernier duel il y a plus de 40 ans<\/p>\n<p class=\"fig-paragraph\">Remont\u00e9 cette saison en L1, le Paris FC n\u2019avait plus jou\u00e9 en premi\u00e8re division depuis la saison 1978-1979 et il n\u2019y a pas de rivalit\u00e9 historique entre le club et l\u2019OM. Le PFC et l\u2019OM se sont affront\u00e9s pour la derni\u00e8re fois lors de la saison 1981-82, en deuxi\u00e8me division.<\/p>\n<p class=\"fig-paragraph\">En revanche, les relations entre fans marseillais et ceux du PSG sont conflictuelles et les matchs entre les deux \u00e9quipes ont r\u00e9guli\u00e8rement donn\u00e9 lieu dans le pass\u00e9 \u00e0 des incidents entre supporters. Depuis 2015, les d\u00e9placements de supporters du PSG au V\u00e9lodrome sont syst\u00e9matiquement interdits par les autorit\u00e9s.<\/p>\n<p class=\"fig-paragraph\"><strong>\u00c0 VOIR AUSSI &#8211;<\/strong> Le but de Georges Mikautadze dans la victoire de Lyon \u00e0 Lens samedi dernier (0-1)<\/p>\n","protected":false},"excerpt":{"rendered":"Une centaine de supporters parisiens assisteront au d\u00e9placement de leur \u00e9quipe sur la pelouse de l\u2019OM, samedi (17h),&hellip;\n","protected":false},"author":2,"featured_media":328459,"comment_status":"","ping_status":"","sticky":false,"template":"","format":"standard","meta":{"footnotes":""},"categories":[1888],"tags":[1111,1928,11,1927,1777,674,1011,27,12,1926,1176,626,445,1925,25],"class_list":{"0":"post-328458","1":"post","2":"type-post","3":"status-publish","4":"format-standard","5":"has-post-thumbnail","7":"category-paris","8":"tag-actu","9":"tag-actu-paris","10":"tag-actualites","11":"tag-actualites-paris","12":"tag-eu","13":"tag-europe","14":"tag-fr","15":"tag-france","16":"tag-news","17":"tag-news-paris","18":"tag-olympique-de-marseille","19":"tag-paris","20":"tag-paris-fc","21":"tag-paris-news","22":"tag-republique-francaise"},"share_on_mastodon":{"url":"https:\/\/pubeurope.com\/@fr\/115053425042752319","error":""},"_links":{"self":[{"href":"https:\/\/www.europesays.com\/fr\/wp-json\/wp\/v2\/posts\/328458","targetHints":{"allow":["GET"]}}],"collection":[{"href":"https:\/\/www.europesays.com\/fr\/wp-json\/wp\/v2\/posts"}],"about":[{"href":"https:\/\/www.europesays.com\/fr\/wp-json\/wp\/v2\/types\/post"}],"author":[{"embeddable":true,"href":"https:\/\/www.europesays.com\/fr\/wp-json\/wp\/v2\/users\/2"}],"replies":[{"embeddable":true,"href":"https:\/\/www.europesays.com\/fr\/wp-json\/wp\/v2\/comments?post=328458"}],"version-history":[{"count":0,"href":"https:\/\/www.europesays.com\/fr\/wp-json\/wp\/v2\/posts\/328458\/revisions"}],"wp:featuredmedia":[{"embeddable":true,"href":"https:\/\/www.europesays.com\/fr\/wp-json\/wp\/v2\/media\/328459"}],"wp:attachment":[{"href":"https:\/\/www.europesays.com\/fr\/wp-json\/wp\/v2\/media?parent=328458"}],"wp:term":[{"taxonomy":"category","embeddable":true,"href":"https:\/\/www.europesays.com\/fr\/wp-json\/wp\/v2\/categories?post=328458"},{"taxonomy":"post_tag","embeddable":true,"href":"https:\/\/www.europesays.com\/fr\/wp-json\/wp\/v2\/tags?post=328458"}],"curies":[{"name":"wp","href":"https:\/\/api.w.org\/{rel}","templated":true}]}}