{"id":328466,"date":"2025-08-19T04:01:10","date_gmt":"2025-08-19T04:01:10","guid":{"rendered":"https:\/\/www.europesays.com\/fr\/328466\/"},"modified":"2025-08-19T04:01:10","modified_gmt":"2025-08-19T04:01:10","slug":"direct-guerre-en-ukraine-trump-a-commence-les-preparatifs-dune-rencontre-poutine-zelensky","status":"publish","type":"post","link":"https:\/\/www.europesays.com\/fr\/328466\/","title":{"rendered":"DIRECT. Guerre en Ukraine : Trump a \u00ab commenc\u00e9 les pr\u00e9paratifs \u00bb d&rsquo;une rencontre Poutine-Zelensky"},"content":{"rendered":"<p>Un \u00a0sommet Poutine-Zelensky en vue apr\u00e8s la r\u00e9union des Europ\u00e9ens autour de Trump<\/p>\n<p><a href=\"https:\/\/www.leparisien.fr\/international\/etats-unis\/donald-trump\/\" target=\"_blank\" rel=\"nofollow noopener\">Donald Trump<\/a> va \u00ab commencer les pr\u00e9paratifs \u00bb d&rsquo;une rencontre entre <a href=\"https:\/\/www.leparisien.fr\/international\/volodymyr-zelensky\/\" target=\"_blank\" rel=\"nofollow noopener\">Volodymyr Zelensky<\/a> et <a href=\"https:\/\/www.leparisien.fr\/international\/vladimir-poutine\/\" target=\"_blank\" rel=\"nofollow noopener\">Vladimir Poutine<\/a>, qui rejetait jusqu&rsquo;ici une telle r\u00e9union, au terme d&rsquo;une \u00ab tr\u00e8s bonne \u00bb entrevue avec le pr\u00e9sident ukrainien et plusieurs dirigeants europ\u00e9ens.<\/p>\n<p>Le pr\u00e9sident russe est convenu de cette <a href=\"#1c2b7eec-663f-42e5-9a62-611217f587a5\">future rencontre<\/a>, qui devrait se produire dans les deux semaines \u00e0 venir, lors d&rsquo;un entretien t\u00e9l\u00e9phonique avec son homologue am\u00e9ricain, a fait savoir le chancelier allemand Friedrich Merz, l&rsquo;un des responsables europ\u00e9ens convi\u00e9s \u00e0 la Maison Blanche.<\/p>\n<p>\u00ab Nous sommes pr\u00eats \u00e0 une rencontre bilat\u00e9rale avec Poutine et apr\u00e8s cela nous nous attendons \u00e0 une rencontre trilat\u00e9rale \u00bb avec la participation de Donald Trump, a de son c\u00f4t\u00e9 d\u00e9clar\u00e9 le chef d&rsquo;Etat ukrainien \u00e0 la presse.<\/p>\n<p>Les \u00e9ventuelles concessions territoriales exig\u00e9es par la Russie \u00e0 l&rsquo;Ukraine sont \u00ab une question que nous laisserons entre moi et Poutine \u00bb, a-t-il ajout\u00e9.<\/p>\n","protected":false},"excerpt":{"rendered":"Un \u00a0sommet Poutine-Zelensky en vue apr\u00e8s la r\u00e9union des Europ\u00e9ens autour de Trump Donald Trump va \u00ab commencer&hellip;\n","protected":false},"author":2,"featured_media":328467,"comment_status":"","ping_status":"","sticky":false,"template":"","format":"standard","meta":{"footnotes":""},"categories":[1590],"tags":[11,46562,1777,674,46563,12,46564,220],"class_list":{"0":"post-328466","1":"post","2":"type-post","3":"status-publish","4":"format-standard","5":"has-post-thumbnail","7":"category-ukraine","8":"tag-actualites","9":"tag-amerika","10":"tag-eu","11":"tag-europe","12":"tag-neu","13":"tag-news","14":"tag-politik","15":"tag-ukraine"},"share_on_mastodon":{"url":"https:\/\/pubeurope.com\/@fr\/115053440844981795","error":""},"_links":{"self":[{"href":"https:\/\/www.europesays.com\/fr\/wp-json\/wp\/v2\/posts\/328466","targetHints":{"allow":["GET"]}}],"collection":[{"href":"https:\/\/www.europesays.com\/fr\/wp-json\/wp\/v2\/posts"}],"about":[{"href":"https:\/\/www.europesays.com\/fr\/wp-json\/wp\/v2\/types\/post"}],"author":[{"embeddable":true,"href":"https:\/\/www.europesays.com\/fr\/wp-json\/wp\/v2\/users\/2"}],"replies":[{"embeddable":true,"href":"https:\/\/www.europesays.com\/fr\/wp-json\/wp\/v2\/comments?post=328466"}],"version-history":[{"count":0,"href":"https:\/\/www.europesays.com\/fr\/wp-json\/wp\/v2\/posts\/328466\/revisions"}],"wp:featuredmedia":[{"embeddable":true,"href":"https:\/\/www.europesays.com\/fr\/wp-json\/wp\/v2\/media\/328467"}],"wp:attachment":[{"href":"https:\/\/www.europesays.com\/fr\/wp-json\/wp\/v2\/media?parent=328466"}],"wp:term":[{"taxonomy":"category","embeddable":true,"href":"https:\/\/www.europesays.com\/fr\/wp-json\/wp\/v2\/categories?post=328466"},{"taxonomy":"post_tag","embeddable":true,"href":"https:\/\/www.europesays.com\/fr\/wp-json\/wp\/v2\/tags?post=328466"}],"curies":[{"name":"wp","href":"https:\/\/api.w.org\/{rel}","templated":true}]}}