{"id":328472,"date":"2025-08-19T04:04:25","date_gmt":"2025-08-19T04:04:25","guid":{"rendered":"https:\/\/www.europesays.com\/fr\/328472\/"},"modified":"2025-08-19T04:04:25","modified_gmt":"2025-08-19T04:04:25","slug":"concours-complet-lallemagne-remporte-la-coupe-des-nations-darville","status":"publish","type":"post","link":"https:\/\/www.europesays.com\/fr\/328472\/","title":{"rendered":"Concours complet : L&rsquo;Allemagne remporte la Coupe des nations d&rsquo;Arville"},"content":{"rendered":"<p><strong>En Belgique, le site d\u2019Arville accueillait une \u00e9tape du circuit Coupe des nations de concours complet, remport\u00e9e par \u00e9quipes par l\u2019Allemagne, devant les Etats-Unis, \u00e9galement vainqueurs en individuel, et l\u2019Australie. La France, dont les couples venaient prendre de l\u2019exp\u00e9rience, termine septi\u00e8me. <\/strong><\/p>\n<p>L\u2019Allemagne et les \u00c9tats-Unis se sont livr\u00e9 une lutte acharn\u00e9e pour la victoire lors de la <a href=\"https:\/\/live.rechenstelle.de\/2025\/arville\/nationcup05.html\" target=\"_blank\" rel=\"noreferrer noopener\">quatri\u00e8me \u00e9tape de la Coupe des nations FEI de concours complet<\/a>, qui s\u2019est d\u00e9roul\u00e9e le week-end dernier sur le magnifique site d\u2019Arville, en Belgique. Le concours f\u00eatait d\u2019ailleurs<a href=\"https:\/\/www.chevalmag.com\/sports\/le-cci-darville-fete-ses-20-ans-en-2025\/\" target=\"_blank\" rel=\"noreferrer noopener\"> ses vingt ans cette ann\u00e9e<\/a>. Avec moins de deux points s\u00e9parant les deux \u00e9quipes apr\u00e8s le cross, le dernier test, l\u2019hippique, s\u2019annon\u00e7ait palpitant. Avec seulement deux barres renvers\u00e9es et quelques p\u00e9nalit\u00e9s de temps en quatre parcours, l\u2019Allemagne a termin\u00e9 avec un score de 104,1 points, devan\u00e7ant ainsi les \u00c9tats-Unis, qui ont termin\u00e9 avec un total de 112,7 points. L\u2019Australie a pris la troisi\u00e8me place avec 131 points, tandis que la Belgique, pays h\u00f4te, a termin\u00e9 dixi\u00e8me.<\/p>\n<p><img loading=\"lazy\" decoding=\"async\" width=\"1024\" height=\"683\" src=\"https:\/\/www.europesays.com\/fr\/wp-content\/uploads\/2025\/08\/54726963914_5e4f722521_k-1024x683.jpg\" alt=\"Victoire de l'Allemagne sur la Coupe des nations d'Arville\" class=\"wp-image-79011\"  \/>L\u2019Allemagne s\u2019impose devant les Etats-Unis et l\u2019Australie. \u00a9 FEI\/Libby Law Photographie<\/p>\n<p>Galop d\u2019essai avant Blenheim<\/p>\n<p>Pour la cheffe d\u2019\u00e9quipe germanique, Annette Wyrwoll, ce rendez-vous belge lui a permis d\u2019y voir plus clair en vue de la s\u00e9lection pour les championnats d\u2019Europe de Blenheim (Grande-Bretagne), qui auront lieu le mois prochain. Michael Jung, Malin Hansen-Hotopp et J\u00e9r\u00f4me Robin\u00e9 \u00e9tant d\u00e9j\u00e0 sur la short-list pour la s\u00e9lection, ils pouvaient g\u00e9rer leur concours \u00ab comme ils le souhaitaient \u00bb. En revanche, les autres jouaient leur s\u00e9lection puisqu\u2019ils \u00e9taient \u00ab cinq couples pr\u00e9tendants pour seulement trois places restantes \u00bb. La cheffe d\u2019\u00e9quipe a d\u2019ailleurs confi\u00e9 que la f\u00e9d\u00e9ration allemande ferait part de son choix pour Blenheim ce mardi. <\/p>\n<p>Si l\u2019Allemagne s\u2019est impos\u00e9 par \u00e9quipes, elle a d\u00fb s\u2019incliner <a href=\"https:\/\/www.rechenstelle.de\/media\/filer_public\/82\/d0\/82d0fefe-6133-491b-a728-17cc359fd5dc\/arvil_050_ersprges-1fr3.pdf\" target=\"_blank\" rel=\"noreferrer noopener\">en individuel et laisser la plus haute marche du podium aux Etats-Unis<\/a>. En effet, \u00e0 l\u2019issue des trois tests, c\u2019est Lauren Nicholson qui a termin\u00e9 avec le meilleur score (31,7 points). Apr\u00e8s un dressage en 28,5 points et 3,2 points de temps sur le cross, elle s\u2019est offert cette victoire internationale gr\u00e2ce \u00e0 un parcours parfait sur l\u2019hippique. Elle devance ainsi les Allemands Calvin B\u00f6ckmann, sur The Phantom of the Opera (32,8), et Anna Siemer, avec FRH Butts Avondale (33,3).<\/p>\n<p><img loading=\"lazy\" decoding=\"async\" width=\"1024\" height=\"683\" src=\"https:\/\/www.europesays.com\/fr\/wp-content\/uploads\/2025\/08\/54727082860_f406efa774_k-1024x683.jpg\" alt=\"Calvin B\u00f6ckmann et The Phantom of the Opera\" class=\"wp-image-79010\"  \/>Calvin B\u00f6ckmann et The Phantom of the Opera. \u00a9 FEI\/Libby Law Photography<\/p>\n<p>C\u00f4t\u00e9 Fran\u00e7ais, les Bleus ont accroch\u00e9 une septi\u00e8me place collective. L\u2019\u00e9quipe se composait de S\u00e9bastien Cavaillon\/Black Pearl Z, Bastien Commecy\/Crack du Noyer, Lisa Gualtieri\/A d\u2019Aunis  et Camille Laisney\/Avalone. En individuel, S\u00e9bastien Cavaillon r\u00e9alise la meilleure performance sur son deuxi\u00e8me cheval, engag\u00e9 uniquement en individuel, Hashtag de la Vigne. Le couple termine vingt-cinqui\u00e8me avec 50,1 points.<\/p>\n<p>(Avec communiqu\u00e9)<\/p>\n<p>\t\t\t\tComp\u00e9tition \u00e9questreConcours complet<\/p>\n","protected":false},"excerpt":{"rendered":"En Belgique, le site d\u2019Arville accueillait une \u00e9tape du circuit Coupe des nations de concours complet, remport\u00e9e par&hellip;\n","protected":false},"author":2,"featured_media":328473,"comment_status":"","ping_status":"","sticky":false,"template":"","format":"standard","meta":{"footnotes":""},"categories":[1587],"tags":[11,672,1804,46573,26668,1805,1803,1777,674,1801,12,1802],"class_list":{"0":"post-328472","1":"post","2":"type-post","3":"status-publish","4":"format-standard","5":"has-post-thumbnail","7":"category-allemagne","8":"tag-actualites","9":"tag-allemagne","10":"tag-bundesrepublik-deutschland","11":"tag-competition-equestre","12":"tag-concours-complet","13":"tag-de","14":"tag-deutschland","15":"tag-eu","16":"tag-europe","17":"tag-germany","18":"tag-news","19":"tag-republique-federale-dallemagne"},"share_on_mastodon":{"url":"https:\/\/pubeurope.com\/@fr\/115053452700023971","error":""},"_links":{"self":[{"href":"https:\/\/www.europesays.com\/fr\/wp-json\/wp\/v2\/posts\/328472","targetHints":{"allow":["GET"]}}],"collection":[{"href":"https:\/\/www.europesays.com\/fr\/wp-json\/wp\/v2\/posts"}],"about":[{"href":"https:\/\/www.europesays.com\/fr\/wp-json\/wp\/v2\/types\/post"}],"author":[{"embeddable":true,"href":"https:\/\/www.europesays.com\/fr\/wp-json\/wp\/v2\/users\/2"}],"replies":[{"embeddable":true,"href":"https:\/\/www.europesays.com\/fr\/wp-json\/wp\/v2\/comments?post=328472"}],"version-history":[{"count":0,"href":"https:\/\/www.europesays.com\/fr\/wp-json\/wp\/v2\/posts\/328472\/revisions"}],"wp:featuredmedia":[{"embeddable":true,"href":"https:\/\/www.europesays.com\/fr\/wp-json\/wp\/v2\/media\/328473"}],"wp:attachment":[{"href":"https:\/\/www.europesays.com\/fr\/wp-json\/wp\/v2\/media?parent=328472"}],"wp:term":[{"taxonomy":"category","embeddable":true,"href":"https:\/\/www.europesays.com\/fr\/wp-json\/wp\/v2\/categories?post=328472"},{"taxonomy":"post_tag","embeddable":true,"href":"https:\/\/www.europesays.com\/fr\/wp-json\/wp\/v2\/tags?post=328472"}],"curies":[{"name":"wp","href":"https:\/\/api.w.org\/{rel}","templated":true}]}}