{"id":328474,"date":"2025-08-19T04:05:15","date_gmt":"2025-08-19T04:05:15","guid":{"rendered":"https:\/\/www.europesays.com\/fr\/328474\/"},"modified":"2025-08-19T04:05:15","modified_gmt":"2025-08-19T04:05:15","slug":"menace-des-guerres-en-europe-emmanuel-macron-sen-prend-aux-somnambules-qui-nont-pas-voulu-voir-18-08-2025-a-1506","status":"publish","type":"post","link":"https:\/\/www.europesays.com\/fr\/328474\/","title":{"rendered":"\u00ab\u00a0Menace\u00a0\u00bb des guerres en Europe : Emmanuel Macron s&rsquo;en prend aux \u00ab\u00a0somnambules qui n&rsquo;ont pas voulu voir\u00a0\u00bb &#8211; 18\/08\/2025 \u00e0 15:06"},"content":{"rendered":"<p> Le chef de l&rsquo;Etat s&rsquo;est exprim\u00e9 dans un discours dimanche 17 ao\u00fbt, \u00e0 la veille de la rencontre pr\u00e9vue entre dirigeants europ\u00e9ens, Volodymyr Zelensky et Donald Trump \u00e0 Washington.<\/p>\n<p>        <img fetchpriority=\"high\" decoding=\"async\" src=\"https:\/\/www.europesays.com\/fr\/wp-content\/uploads\/2025\/08\/3f7aff6a82ae5908b20b60db8102c0e2-760x507.jpg\" alt=\"Emmanuel Macron, \u00e0 Bormes-les-Mimosas, le 17 ao\u00fbt 2025 ( POOL \/ MIGUEL MEDINA )\" loading=\"eager\" width=\"760\" height=\"507\" style=\"max-width: 100%!important; height: auto;\"\/><\/p>\n<p class=\"c-image-news__legend\">Emmanuel Macron, \u00e0 Bormes-les-Mimosas, le 17 ao\u00fbt 2025 ( POOL \/ MIGUEL MEDINA )<\/p>\n<p>\n A l&rsquo;occasion d&rsquo;une comm\u00e9moration de l&rsquo;anniversaire de la lib\u00e9ration de Bormes-les-Mimosas (Var), Emmanuel Macron s&rsquo;en est pris aux \u00ab\u00a0somnambules\u00a0\u00bb qui \u00ab\u00a0n&rsquo;ont pas voulu voir la menace qui paraissait si loin aux confins de l&rsquo;Europe\u00a0\u00bb et \u00ab\u00a0nous ont men\u00e9 au d\u00e9sastre\u00a0\u00bb, dressant un parall\u00e8le avec la guerre en Ukraine.\n<\/p>\n<p>\n <strong><br \/>\n  \u00ab\u00a0La guerre est revenue en Europe et ceux qui pensent qu&rsquo;elle est tr\u00e8s loin, qu&rsquo;elle ne nous concerne pas, sont les m\u00eames somnambules que ceux d&rsquo;hier\u00a0\u00bb<br \/>\n <\/strong><br \/>\n , a ajout\u00e9 le pr\u00e9sident de la R\u00e9publique, \u00e0 la veille d&rsquo;une rencontre \u00e0 Washington entre les pr\u00e9sidents am\u00e9ricain Donald Trump et ukrainien Voldymyr Zelenski, \u00e0 laquelle il assistera \u00e9galement ainsi que plusieurs responsables europ\u00e9ens.\n<\/p>\n<p> \u00ab\u00a0Ceux qui ont d\u00e9cid\u00e9 d\u00e9j\u00e0 d&rsquo;\u00eatre soumis\u00a0\u00bb<\/p>\n<p>\n \u00ab\u00a0Ceux qui pensent qu&rsquo;on peut \u00eatre libre en \u00e9tant faible, ceux qui pensent qu&rsquo;on peut \u00eatre libre en continuant de vivre comme s&rsquo;il n&rsquo;y avait pas la guerre et un monde de pr\u00e9dateurs \u00e0 nos portes sont ceux qui &#8211; ils n&rsquo;auront peut \u00eatre pas en r\u00e9pondre &#8211; pr\u00e9parent la d\u00e9faite de demain\u00a0\u00bb, a insist\u00e9 le chef de l&rsquo;Etat, consid\u00e9rant qu&rsquo;il s&rsquo;agissait de \u00ab\u00a0ceux qui ont d\u00e9cid\u00e9 d\u00e9j\u00e0 d&rsquo;\u00eatre soumis\u00a0\u00bb.\n<\/p>\n<p>\n Emmanuel Macron a encore appel\u00e9 \u00e0 \u00ab\u00a0nous pr\u00e9parer, nous armer, \u00eatre une nation \u00e0 la force morale qui ne mettra jamais un genou au sol et le faire en europ\u00e9en\u00a0\u00bb.\n<\/p>\n<p>\n Quelques heures plus t\u00f4t, \u00e0 l&rsquo;issue d&rsquo;une r\u00e9union en visioconf\u00e9rence avec la \u00ab\u00a0coalition des volontaires\u00a0\u00bb alli\u00e9s de Kiev, le pr\u00e9sident fran\u00e7ais avait affirm\u00e9 que son homologue russe, Vladimir Poutine, ne voulait pas la paix mais une \u00ab\u00a0capitulation\u00a0\u00bb de l&rsquo;Ukraine. Il avait pour sa part dit vouloir \u00ab\u00a0une paix robuste, durable, c&rsquo;est-\u00e0-dire respectueuse du droit international, (&#8230;) qui respecte la souverainet\u00e9, l&rsquo;int\u00e9grit\u00e9 territoriale de tous les pays\u00a0\u00bb.<\/p>\n","protected":false},"excerpt":{"rendered":"Le chef de l&rsquo;Etat s&rsquo;est exprim\u00e9 dans un discours dimanche 17 ao\u00fbt, \u00e0 la veille de la rencontre&hellip;\n","protected":false},"author":2,"featured_media":328475,"comment_status":"","ping_status":"","sticky":false,"template":"","format":"standard","meta":{"footnotes":""},"categories":[1586],"tags":[400,11,398,408,405,1777,674,1011,27,403,402,399,404,12,25,401,406,407],"class_list":{"0":"post-328474","1":"post","2":"type-post","3":"status-publish","4":"format-standard","5":"has-post-thumbnail","7":"category-europe","8":"tag-action-cac-40","9":"tag-actualites","10":"tag-bourse-de-paris","11":"tag-boursorama","12":"tag-cotations","13":"tag-eu","14":"tag-europe","15":"tag-fr","16":"tag-france","17":"tag-indices-devises","18":"tag-investir","19":"tag-investissement","20":"tag-marche-boursier","21":"tag-news","22":"tag-republique-francaise","23":"tag-sicav","24":"tag-trackers","25":"tag-warrants"},"share_on_mastodon":{"url":"https:\/\/pubeurope.com\/@fr\/115053456675422609","error":""},"_links":{"self":[{"href":"https:\/\/www.europesays.com\/fr\/wp-json\/wp\/v2\/posts\/328474","targetHints":{"allow":["GET"]}}],"collection":[{"href":"https:\/\/www.europesays.com\/fr\/wp-json\/wp\/v2\/posts"}],"about":[{"href":"https:\/\/www.europesays.com\/fr\/wp-json\/wp\/v2\/types\/post"}],"author":[{"embeddable":true,"href":"https:\/\/www.europesays.com\/fr\/wp-json\/wp\/v2\/users\/2"}],"replies":[{"embeddable":true,"href":"https:\/\/www.europesays.com\/fr\/wp-json\/wp\/v2\/comments?post=328474"}],"version-history":[{"count":0,"href":"https:\/\/www.europesays.com\/fr\/wp-json\/wp\/v2\/posts\/328474\/revisions"}],"wp:featuredmedia":[{"embeddable":true,"href":"https:\/\/www.europesays.com\/fr\/wp-json\/wp\/v2\/media\/328475"}],"wp:attachment":[{"href":"https:\/\/www.europesays.com\/fr\/wp-json\/wp\/v2\/media?parent=328474"}],"wp:term":[{"taxonomy":"category","embeddable":true,"href":"https:\/\/www.europesays.com\/fr\/wp-json\/wp\/v2\/categories?post=328474"},{"taxonomy":"post_tag","embeddable":true,"href":"https:\/\/www.europesays.com\/fr\/wp-json\/wp\/v2\/tags?post=328474"}],"curies":[{"name":"wp","href":"https:\/\/api.w.org\/{rel}","templated":true}]}}