{"id":328476,"date":"2025-08-19T04:06:12","date_gmt":"2025-08-19T04:06:12","guid":{"rendered":"https:\/\/www.europesays.com\/fr\/328476\/"},"modified":"2025-08-19T04:06:12","modified_gmt":"2025-08-19T04:06:12","slug":"laccord-us-ue-suspendu-a-la-moderation-des-grandes-plateformes","status":"publish","type":"post","link":"https:\/\/www.europesays.com\/fr\/328476\/","title":{"rendered":"L&rsquo;accord US\/UE suspendu \u00e0 la mod\u00e9ration des grandes plateformes"},"content":{"rendered":"<p>Le DSA coince entre les \u00c9tats-Unis et l\u2019Union europ\u00e9enne, qui doivent toujours mettre un point final sur l\u2019accord commercial annonc\u00e9 fin juillet. Bruxelles refuse que le r\u00e8glement sur les services num\u00e9riques, qui renforce les obligations des grandes plateformes en ligne dans le domaine de la mod\u00e9ration, serve de monnaie d\u2019\u00e9change avec Washington.<\/p>\n<p>Pour s\u00e9curiser l\u2019accord commercial avec les \u00c9tats-Unis, la Commission europ\u00e9enne a c\u00e9d\u00e9 sur de nombreux points \u2014 en s\u2019engageant \u00e0 acheter beaucoup d\u2019\u00e9nergie am\u00e9ricaine, tout en acceptant des droits de douane \u00e0 hauteur de 15\u00a0%. Certes, c\u2019est mieux que pas d\u2019accord du tout, mais la pilule reste difficile \u00e0 avaler pour plusieurs \u00c9tats membres, dont la France.<\/p>\n<blockquote>\n<p>Lire <a href=\"https:\/\/www.01net.com\/actualites\/accord-ue-us-sur-les-droits-de-douane-dans-la-tech-qui-sont-les-gagnants-et-les-perdants-de-ce-deal.html\" rel=\"nofollow noopener\" target=\"_blank\">Accord UE\/US sur les droits de douane\u00a0: dans la tech, qui sont les gagnants et les perdants de ce deal\u00a0?<\/a><\/p>\n<\/blockquote>\n<p>L\u2019accord annonc\u00e9 le 27 juillet doit maintenant \u00eatre formalis\u00e9, et les discussions coincent sur un sujet sensible\u00a0: le r\u00e8glement sur les services num\u00e9riques (<strong>DSA<\/strong>). Bruxelles a beaucoup c\u00e9d\u00e9, mais sur ce point il n\u2019est pas question de transiger, selon les indiscr\u00e9tions rapport\u00e9es par le Financial Times.<\/p>\n<p>En interne, la Commission pense que les \u00c9tats-Unis veulent se garder la possibilit\u00e9 d\u2019arracher des concessions sur le DSA, qui impose aux grandes plateformes en ligne \u2014 la majorit\u00e9 am\u00e9ricaines \u2014 une mod\u00e9ration bien plus forte que de l\u2019autre c\u00f4t\u00e9 de l\u2019Atlantique. Pas question d\u2019assouplir les r\u00e8gles, affirme-t-on au sein de l\u2019ex\u00e9cutif europ\u00e9en.<\/p>\n<p>Pour le moment, les n\u00e9gociations se poursuivent donc, et aussi bien \u00e0 Washington qu\u2019\u00e0 Bruxelles on veut faire contre mauvaise fortune bon c\u0153ur. \u00ab\u00a0Nous sommes pleinement concentr\u00e9s sur l\u2019obtention de cette d\u00e9claration conjointe\u00a0\u00bb, a d\u00e9clar\u00e9 le porte-parole de la Commission Olof Gill, tout en ajoutant que \u00ab\u00a0le dernier kilom\u00e8tre est toujours le plus difficile\u00a0\u00bb.<\/p>\n<blockquote>\n<p class=\"text-base text-neutral-700 dark:text-neutral-300\">\ud83d\udd34 Pour ne manquer aucune actualit\u00e9 de 01net, suivez-nous sur <a href=\"https:\/\/news.google.com\/publications\/CAAqBwgKMJPsvAswoIfUAw?hl=fr&amp;gl=FR&amp;ceid=FR%3Afr\" target=\"_blank\" rel=\"nofollow noopener\">Google Actualit\u00e9s<\/a> et <a href=\"https:\/\/whatsapp.com\/channel\/0029VaH5gKg6xCSG9nQQhQ1Z\" target=\"_blank\" rel=\"nofollow noopener\">WhatsApp<\/a>.<\/p>\n<\/blockquote>\n<p class=\"post-source\">\n            Source :<br \/>\n            <a href=\"https:\/\/www.ft.com\/content\/3f67b6ca-7259-4612-8e51-12b497128552\" target=\"_blank\" rel=\"nofollow noopener\"><br \/>\n              Financial Times<br \/>\n            <\/a>\n          <\/p>\n","protected":false},"excerpt":{"rendered":"Le DSA coince entre les \u00c9tats-Unis et l\u2019Union europ\u00e9enne, qui doivent toujours mettre un point final sur l\u2019accord&hellip;\n","protected":false},"author":2,"featured_media":328477,"comment_status":"","ping_status":"","sticky":false,"template":"","format":"standard","meta":{"footnotes":""},"categories":[1586],"tags":[11,2196,46574,1777,674,1779,1011,27,12,25,1778,364],"class_list":{"0":"post-328476","1":"post","2":"type-post","3":"status-publish","4":"format-standard","5":"has-post-thumbnail","7":"category-europe","8":"tag-actualites","9":"tag-commission-europeenne","10":"tag-dsa-donald-trump","11":"tag-eu","12":"tag-europe","13":"tag-european-union","14":"tag-fr","15":"tag-france","16":"tag-news","17":"tag-republique-francaise","18":"tag-ue","19":"tag-union-europeenne"},"share_on_mastodon":{"url":"https:\/\/pubeurope.com\/@fr\/115053460478997827","error":""},"_links":{"self":[{"href":"https:\/\/www.europesays.com\/fr\/wp-json\/wp\/v2\/posts\/328476","targetHints":{"allow":["GET"]}}],"collection":[{"href":"https:\/\/www.europesays.com\/fr\/wp-json\/wp\/v2\/posts"}],"about":[{"href":"https:\/\/www.europesays.com\/fr\/wp-json\/wp\/v2\/types\/post"}],"author":[{"embeddable":true,"href":"https:\/\/www.europesays.com\/fr\/wp-json\/wp\/v2\/users\/2"}],"replies":[{"embeddable":true,"href":"https:\/\/www.europesays.com\/fr\/wp-json\/wp\/v2\/comments?post=328476"}],"version-history":[{"count":0,"href":"https:\/\/www.europesays.com\/fr\/wp-json\/wp\/v2\/posts\/328476\/revisions"}],"wp:featuredmedia":[{"embeddable":true,"href":"https:\/\/www.europesays.com\/fr\/wp-json\/wp\/v2\/media\/328477"}],"wp:attachment":[{"href":"https:\/\/www.europesays.com\/fr\/wp-json\/wp\/v2\/media?parent=328476"}],"wp:term":[{"taxonomy":"category","embeddable":true,"href":"https:\/\/www.europesays.com\/fr\/wp-json\/wp\/v2\/categories?post=328476"},{"taxonomy":"post_tag","embeddable":true,"href":"https:\/\/www.europesays.com\/fr\/wp-json\/wp\/v2\/tags?post=328476"}],"curies":[{"name":"wp","href":"https:\/\/api.w.org\/{rel}","templated":true}]}}