{"id":32848,"date":"2025-04-18T01:26:09","date_gmt":"2025-04-18T01:26:09","guid":{"rendered":"https:\/\/www.europesays.com\/fr\/32848\/"},"modified":"2025-04-18T01:26:09","modified_gmt":"2025-04-18T01:26:09","slug":"previsions-du-vendredi-18-avril-2025-4","status":"publish","type":"post","link":"https:\/\/www.europesays.com\/fr\/32848\/","title":{"rendered":"pr\u00e9visions du vendredi 18 avril 2025"},"content":{"rendered":"<p>\u00c0 Bordeaux, les temp\u00e9ratures seront de 9\u00b0C au plus bas et de 24\u00b0C au maximum la journ\u00e9e. Une brise de sud-est soufflera l\u00e9g\u00e8rement. Des \u00e9claircies sont attendues : on passera une matin\u00e9e cl\u00e9mente. Un splendide soleil va briller et ce, tout au long de l&rsquo;apr\u00e8s-midi. Les temp\u00e9ratures vont conna\u00eetre une augmentation de plusieurs degr\u00e9s. Les valeurs afficheront entre 18\u00b0C et 24\u00b0C. Des pluies torrentielles sont pr\u00e9vues dans la soir\u00e9e. Il fera environ 15\u00b0C. Durant la nuit de vendredi \u00e0 samedi, le ciel sera clair.<\/p>\n<p>Demain, \u00e0 Bordeaux, on sera sous un ciel bien maussade, couvert de nuages. Le mercure va chuter de plusieurs degr\u00e9s. Les temp\u00e9ratures s&rsquo;\u00e9chelonneront entre 8 et 13\u00b0C. Un petit vent d&rsquo;ouest sera ressenti par les habitants. Le matin, du mauvais temps est \u00e0 pr\u00e9voir. De la bruine va tomber. Le mercure affichera 11\u00b0C en moyenne. Le soleil manquera demain apr\u00e8s-midi, car le ciel sera couvert par des nuages. Il se peut qu&rsquo;il y ait de petites averses. Les valeurs seront comprises entre 10 et 13\u00b0C. Demain soir, encore des nuages dans le ciel qui emp\u00eachent le soleil de faire son apparition. Le temps sera ponctu\u00e9 par des pluies \u00e9parses. Il va faire 10\u00b0C en moyenne.<\/p>\n<p>Les jours passent et ne changent pas. Pr\u00e9voyez 12\u00b0C en moyenne qui accompagneront des journ\u00e9es pluvieuses.<\/p>\n<p><\/p>\n","protected":false},"excerpt":{"rendered":"\u00c0 Bordeaux, les temp\u00e9ratures seront de 9\u00b0C au plus bas et de 24\u00b0C au maximum la journ\u00e9e. Une&hellip;\n","protected":false},"author":2,"featured_media":32849,"comment_status":"","ping_status":"","sticky":false,"template":"","format":"standard","meta":{"footnotes":""},"categories":[2817],"tags":[1111,11,3177,1997,1777,674,1011,27,2905,12,2219,2119,25],"class_list":{"0":"post-32848","1":"post","2":"type-post","3":"status-publish","4":"format-standard","5":"has-post-thumbnail","7":"category-bordeaux","8":"tag-actu","9":"tag-actualites","10":"tag-aquitaine","11":"tag-bordeaux","12":"tag-eu","13":"tag-europe","14":"tag-fr","15":"tag-france","16":"tag-gironde","17":"tag-news","18":"tag-nouvelle-aquitaine","19":"tag-previsions-meteo","20":"tag-republique-francaise"},"share_on_mastodon":{"url":"https:\/\/pubeurope.com\/@fr\/114356367151973068","error":""},"_links":{"self":[{"href":"https:\/\/www.europesays.com\/fr\/wp-json\/wp\/v2\/posts\/32848","targetHints":{"allow":["GET"]}}],"collection":[{"href":"https:\/\/www.europesays.com\/fr\/wp-json\/wp\/v2\/posts"}],"about":[{"href":"https:\/\/www.europesays.com\/fr\/wp-json\/wp\/v2\/types\/post"}],"author":[{"embeddable":true,"href":"https:\/\/www.europesays.com\/fr\/wp-json\/wp\/v2\/users\/2"}],"replies":[{"embeddable":true,"href":"https:\/\/www.europesays.com\/fr\/wp-json\/wp\/v2\/comments?post=32848"}],"version-history":[{"count":0,"href":"https:\/\/www.europesays.com\/fr\/wp-json\/wp\/v2\/posts\/32848\/revisions"}],"wp:featuredmedia":[{"embeddable":true,"href":"https:\/\/www.europesays.com\/fr\/wp-json\/wp\/v2\/media\/32849"}],"wp:attachment":[{"href":"https:\/\/www.europesays.com\/fr\/wp-json\/wp\/v2\/media?parent=32848"}],"wp:term":[{"taxonomy":"category","embeddable":true,"href":"https:\/\/www.europesays.com\/fr\/wp-json\/wp\/v2\/categories?post=32848"},{"taxonomy":"post_tag","embeddable":true,"href":"https:\/\/www.europesays.com\/fr\/wp-json\/wp\/v2\/tags?post=32848"}],"curies":[{"name":"wp","href":"https:\/\/api.w.org\/{rel}","templated":true}]}}