{"id":328492,"date":"2025-08-19T04:18:15","date_gmt":"2025-08-19T04:18:15","guid":{"rendered":"https:\/\/www.europesays.com\/fr\/328492\/"},"modified":"2025-08-19T04:18:15","modified_gmt":"2025-08-19T04:18:15","slug":"om-pavard-dans-le-viseur-maxifoot","status":"publish","type":"post","link":"https:\/\/www.europesays.com\/fr\/328492\/","title":{"rendered":"OM : Pavard dans le viseur ! &#8211; Maxifoot"},"content":{"rendered":"<ol>\n<li><a href=\"https:\/\/news.google.com\/rss\/articles\/CBMickFVX3lxTE9RS1JtdE5Mbkc4MjBtZmVYX2kwZUh6T3l6ekI4bXNmTXRBdXhpVWxIM21pNmFpT213REFISm9hSFVsdEp0MEI3c2FpUjlaNjc5WWhWRmVBZnA0TkIzZnRBN2JPTXpwQnNSVUFQS2JLaFVad9IBckFVX3lxTE9qNDYwdWh4MlJSLVVKU1BUR2hYNHluZmZxdlU2bXpwWFhEb3hBWGtFNkR1ZHprQmgyTkx4UE5rLUlnR0wwaXBITTFUYXdncXNoRU4yc1pHQjVEb1lIY2l2ZGZjZENQel9ZUHVzb1M1UGtXZw?oc=5\" target=\"_blank\" rel=\"noopener\">OM : Pavard dans le viseur !<\/a>&nbsp;&nbsp;Maxifoot<\/li>\n<li><a href=\"https:\/\/news.google.com\/rss\/articles\/CBMivwFBVV95cUxPM2hURktlY2tWbTVmeEIzOUx3VldCREZEXzUxbVpKcHlsZ1JHRkhhZEZRb19BQUZzLTVodFBNWmRhMTg1cWVJVVlDQVFLLVNxeC1fOVNveFNRbjhpRUpNZzBWWjlSRW5TNFJBT21MYzY0VldQUGZKdGUwUERuVDI1Rl9ud1k3TXVGOWhaRU9xM3lJQy1qT0N6TGFkaTF0OW9SOVRqRkZhQXAzVmMzcG91ZUc0cXY5U2Z1YVZzMDl6VdIBvgFBVV95cUxNUHdHSkJFcXR0ckp0NnhfRVgyZFJNNzdEMHAyQTBpLWlSbFJtSkhXUXBhczhuYk1ET1hCSjc5TEVCUDhTMmdaYi1IT2ttNGhUVUVXcWh6MjlMWjZJZHJEdEhGUEJfWEtpUWM2SndfaTVoRHFEazRKZEJ1LWR1aGNyMC1VMlk1Z2VHNlpKMXFTUHVFRlZMalhESGQtMzVVaWN3d09sZkU5elpIb1BoeFpuYm15SFNCZEw4bk1hSTlB?oc=5\" target=\"_blank\" rel=\"noopener\">Inter Milan : Pavard pourrait rebondir au FC Barcelone<\/a>&nbsp;&nbsp;Orange Actualit\u00e9s | Sports<\/li>\n<li><a href=\"https:\/\/news.google.com\/rss\/articles\/CBMimgFBVV95cUxNU000ek5sdFE0TEY3eGEwY2JHMms3WXpyNFFCSTdrQXVEUVJzbGNmZmxpZy1hT3RfRHV6NjhDUXAtc1drQjR0MHJ6MXlLUkNtVFF3Zko1aV9JV3Y1WEtmeG16SGV3dzVSRVBwdTlndWdrd3JfMGp4NmNlUHljR2dpa1kweU40UG1WbDdNQzluQjRtampObEtUQXl3?oc=5\" target=\"_blank\" rel=\"noopener\">Benjamin Pavard a \u00e9t\u00e9 propos\u00e9 au FC Barcelone !<\/a>&nbsp;&nbsp;Foot Mercato<\/li>\n<li><a href=\"https:\/\/news.google.com\/rss\/articles\/CBMijAFBVV95cUxNcHVLMkJTZGdFZlFZSE9SWExaM01kOHF4aUNpMU1EZWtreHFGUHdHa2hpX1JxZjc2WVhFR283aWVsemJYRjdSVkpDaHJmM0hoSXBHTXlEUlVtMEQ4OVZnRTFaelI1ZjJMcFVweU02N3JIWjJWRnhaZWw0ZURhc0lMS0lPYUdpX2M4SFhfbg?oc=5\" target=\"_blank\" rel=\"noopener\">Benjamin Pavard finalement \u00e0 l&rsquo;OM ? La r\u00e9v\u00e9lation hallucinante<\/a>&nbsp;&nbsp;Yahoo Actualit\u00e9s<\/li>\n<li><a href=\"https:\/\/news.google.com\/rss\/articles\/CBMi0wFBVV95cUxOTjIwVXVvQ3pDTTJaMm1iR2s2eE9OSG9EUUNEZ1JXNXA3Qkozdnk2VmJzNTVqRWtBT09fNmRhd0hPY19PelBwNGQ2RnpXZ05sbktkOXRoX1pscWZXMkJFdVR6ZkhfbHYxXzF0VVpJYS1NZ0t0VWg0QklBSVlEYnFnWnJYVEh5ZHBFM21QVDIwN2tUeFhhSWliTDlqVURqcnE2TUxCcnEzN29KNEc2S2lZV1JnejRBbUFwejU0V3FhWGZWNDZEUng2U0RWZnZnNHppdU84?oc=5\" target=\"_blank\" rel=\"noopener\">Mercato &#8211; Le LOSC connait d\u00e9sormais le prix fix\u00e9 pour Benjamin Pavard<\/a>&nbsp;&nbsp;MadeInDogues<\/li>\n<\/ol>\n","protected":false},"excerpt":{"rendered":"OM : Pavard dans le viseur !&nbsp;&nbsp;Maxifoot Inter Milan : Pavard pourrait rebondir au FC Barcelone&nbsp;&nbsp;Orange Actualit\u00e9s |&hellip;\n","protected":false},"author":2,"featured_media":328493,"comment_status":"","ping_status":"","sticky":false,"template":"","format":"standard","meta":{"footnotes":""},"categories":[1410],"tags":[2266,2262,2261,1981,83,2260,451,2263,462,2269,2257,63,1011,27,2265,1441,453,66,447,2267,955,2268,241,149,70,1817,93,2264,2258,2259,60,969,455],"class_list":{"0":"post-328492","1":"post","2":"type-post","3":"status-publish","4":"format-standard","5":"has-post-thumbnail","7":"category-football","8":"tag-as-monaco","9":"tag-bundesligua","10":"tag-calcio","11":"tag-classement","12":"tag-coupe-de-france","13":"tag-coupe-de-la-ligue","14":"tag-coupe-du-monde","15":"tag-equipe","16":"tag-fc-nantes","17":"tag-fifa","18":"tag-foot","19":"tag-football","20":"tag-fr","21":"tag-france","22":"tag-girondins-bordeaux","23":"tag-joueur","24":"tag-liga","25":"tag-ligue-1","26":"tag-ligue-des-champions","27":"tag-losc","28":"tag-match","29":"tag-ogc-nice","30":"tag-ol","31":"tag-om","32":"tag-premier-league","33":"tag-pronostic","34":"tag-psg","35":"tag-rc-lens","36":"tag-resultat","37":"tag-score","38":"tag-sports","39":"tag-transfert","40":"tag-uefa"},"share_on_mastodon":{"url":"https:\/\/pubeurope.com\/@fr\/115053507699364136","error":""},"_links":{"self":[{"href":"https:\/\/www.europesays.com\/fr\/wp-json\/wp\/v2\/posts\/328492","targetHints":{"allow":["GET"]}}],"collection":[{"href":"https:\/\/www.europesays.com\/fr\/wp-json\/wp\/v2\/posts"}],"about":[{"href":"https:\/\/www.europesays.com\/fr\/wp-json\/wp\/v2\/types\/post"}],"author":[{"embeddable":true,"href":"https:\/\/www.europesays.com\/fr\/wp-json\/wp\/v2\/users\/2"}],"replies":[{"embeddable":true,"href":"https:\/\/www.europesays.com\/fr\/wp-json\/wp\/v2\/comments?post=328492"}],"version-history":[{"count":0,"href":"https:\/\/www.europesays.com\/fr\/wp-json\/wp\/v2\/posts\/328492\/revisions"}],"wp:featuredmedia":[{"embeddable":true,"href":"https:\/\/www.europesays.com\/fr\/wp-json\/wp\/v2\/media\/328493"}],"wp:attachment":[{"href":"https:\/\/www.europesays.com\/fr\/wp-json\/wp\/v2\/media?parent=328492"}],"wp:term":[{"taxonomy":"category","embeddable":true,"href":"https:\/\/www.europesays.com\/fr\/wp-json\/wp\/v2\/categories?post=328492"},{"taxonomy":"post_tag","embeddable":true,"href":"https:\/\/www.europesays.com\/fr\/wp-json\/wp\/v2\/tags?post=328492"}],"curies":[{"name":"wp","href":"https:\/\/api.w.org\/{rel}","templated":true}]}}