{"id":328496,"date":"2025-08-19T04:21:16","date_gmt":"2025-08-19T04:21:16","guid":{"rendered":"https:\/\/www.europesays.com\/fr\/328496\/"},"modified":"2025-08-19T04:21:16","modified_gmt":"2025-08-19T04:21:16","slug":"cauterets-un-voyage-litteraire-au-coeur-des-montagnes","status":"publish","type":"post","link":"https:\/\/www.europesays.com\/fr\/328496\/","title":{"rendered":"Cauterets. Un voyage litt\u00e9raire au c\u0153ur des montagnes"},"content":{"rendered":"<p>Le 16 ao\u00fbt dernier, la Maison de la Presse de Cauterets a accueilli Jean-Paul Azam pour une s\u00e9ance de d\u00e9dicaces qui a rencontr\u00e9 un bel engouement. Originaire d\u2019Albi et photographe au sein d\u2019une maison d\u2019\u00e9dition de cartes postales, l\u2019auteur a pr\u00e9sent\u00e9 son dernier livre Mots et Merveilles des Pyr\u00e9n\u00e9es (Le Papillon Rouge \u00c9diteur), un hommage sensible et po\u00e9tique \u00e0 la cha\u00eene pyr\u00e9n\u00e9enne.<\/p>\n<p>Dans ce livre, Jean-Paul Azam associe ses propres photographies \u00e0 de pr\u00e9cieuses illustrations d\u2019\u00e9poque pour sublimer les textes que les Pyr\u00e9n\u00e9es ont inspir\u00e9s aux plus grands \u00e9crivains. Des rivages basques jusqu\u2019aux sommets m\u00e9diterran\u00e9ens, la cha\u00eene montagneuse a nourri l\u2019imaginaire de figures illustres telles que Victor Hugo, George Sand, Ernest Hemingway, Simone de Beauvoir, Antoine de Saint-Exup\u00e9ry, mais aussi Marcel Proust ou \u00c9mile Zola, qui ont chacun laiss\u00e9 des pages inoubliables empreintes de leur passage.<\/p>\n<p>\u00c0 travers cet ouvrage, l\u2019auteur propose un voyage \u00e0 la fois litt\u00e9raire et visuel, o\u00f9 s\u2019entrelacent souvenirs d\u2019enfance, r\u00e9cits h\u00e9ro\u00efques, t\u00e9moignages de r\u00e9sistance et contemplation des paysages grandioses. La s\u00e9ance de d\u00e9dicaces a permis d\u2019enrichir cette d\u00e9couverte par un moment d\u2019\u00e9change chaleureux, autour de la m\u00e9moire pyr\u00e9n\u00e9enne et du regard singulier que ces grands noms de la litt\u00e9rature ont pos\u00e9 sur les montagnes.<\/p>\n<p>Un beau moment de partage \u00e0 Cauterets, o\u00f9 passionn\u00e9s de litt\u00e9rature et amoureux des Pyr\u00e9n\u00e9es ont pu d\u00e9couvrir un livre qui conjugue m\u00e9moire, culture et \u00e9merveillement.<\/p>\n","protected":false},"excerpt":{"rendered":"Le 16 ao\u00fbt dernier, la Maison de la Presse de Cauterets a accueilli Jean-Paul Azam pour une s\u00e9ance&hellip;\n","protected":false},"author":2,"featured_media":328497,"comment_status":"","ping_status":"","sticky":false,"template":"","format":"standard","meta":{"footnotes":""},"categories":[1357],"tags":[1379,58,59,1011,27,1380],"class_list":{"0":"post-328496","1":"post","2":"type-post","3":"status-publish","4":"format-standard","5":"has-post-thumbnail","7":"category-livres","8":"tag-books","9":"tag-divertissement","10":"tag-entertainment","11":"tag-fr","12":"tag-france","13":"tag-livres"},"share_on_mastodon":{"url":"https:\/\/pubeurope.com\/@fr\/115053519454551806","error":""},"_links":{"self":[{"href":"https:\/\/www.europesays.com\/fr\/wp-json\/wp\/v2\/posts\/328496","targetHints":{"allow":["GET"]}}],"collection":[{"href":"https:\/\/www.europesays.com\/fr\/wp-json\/wp\/v2\/posts"}],"about":[{"href":"https:\/\/www.europesays.com\/fr\/wp-json\/wp\/v2\/types\/post"}],"author":[{"embeddable":true,"href":"https:\/\/www.europesays.com\/fr\/wp-json\/wp\/v2\/users\/2"}],"replies":[{"embeddable":true,"href":"https:\/\/www.europesays.com\/fr\/wp-json\/wp\/v2\/comments?post=328496"}],"version-history":[{"count":0,"href":"https:\/\/www.europesays.com\/fr\/wp-json\/wp\/v2\/posts\/328496\/revisions"}],"wp:featuredmedia":[{"embeddable":true,"href":"https:\/\/www.europesays.com\/fr\/wp-json\/wp\/v2\/media\/328497"}],"wp:attachment":[{"href":"https:\/\/www.europesays.com\/fr\/wp-json\/wp\/v2\/media?parent=328496"}],"wp:term":[{"taxonomy":"category","embeddable":true,"href":"https:\/\/www.europesays.com\/fr\/wp-json\/wp\/v2\/categories?post=328496"},{"taxonomy":"post_tag","embeddable":true,"href":"https:\/\/www.europesays.com\/fr\/wp-json\/wp\/v2\/tags?post=328496"}],"curies":[{"name":"wp","href":"https:\/\/api.w.org\/{rel}","templated":true}]}}