{"id":328498,"date":"2025-08-19T04:22:42","date_gmt":"2025-08-19T04:22:42","guid":{"rendered":"https:\/\/www.europesays.com\/fr\/328498\/"},"modified":"2025-08-19T04:22:42","modified_gmt":"2025-08-19T04:22:42","slug":"lamour-est-dans-le-pre-thierry-olive-a-deja-croise-valentin-il-est-tres-gentil-lamanchelibre-fr","status":"publish","type":"post","link":"https:\/\/www.europesays.com\/fr\/328498\/","title":{"rendered":"&quot;L&#039;Amour est dans le pr\u00e9&quot;. Thierry Olive a d\u00e9j\u00e0 crois\u00e9 Valentin : &quot;Il est tr\u00e8s gentil !&quot; &#8211; lamanchelibre.fr"},"content":{"rendered":"<ol>\n<li><a href=\"https:\/\/news.google.com\/rss\/articles\/CBMixAFBVV95cUxNUHFjdkptYU9ubDhVU3h3S3p3WjNTbXZ1NzBNMHZWZmljYl9lZ29pVkNrakhQbDNfejRFYUdNdlBNZ2p4YzRjbHFfQldxYjdvRWl0VkhQSzdQTXpEMnJOak1UdnBpY2ZXbHk5Q0xJV1UxZEJFR19jTzhkTWtPaU5BRUtlTEtVenhVc0Q3YVhKZzZwemh1LVozVzY2VWtWdDhYd3VyMV9rWnBKUGNXQXhUQXpHa09GdmtZNnJOWFJsbV9mdjZO?oc=5\" target=\"_blank\" rel=\"noopener\">\u00ab\u00a0L&rsquo;Amour est dans le pr\u00e9\u00a0\u00bb. Thierry Olive a d\u00e9j\u00e0 crois\u00e9 Valentin : \u00ab\u00a0Il est tr\u00e8s gentil !\u00a0\u00bb<\/a>&nbsp;&nbsp;lamanchelibre.fr<\/li>\n<li><a href=\"https:\/\/news.google.com\/rss\/articles\/CBMi8gFBVV95cUxNejJRbTk0c1N3b2VIYmFSZVltOUszZDFoSnhBRDlkMWx2dHlOZEtlN3J2QWVUU00wWVowLXpjNG45cVR6VjZTSVhwSGN1Z1dWNllSZnVXOEVyLXNRNFVoeHdoWUNSMkY1TWV2Y0tYaHpRdnZnQ1A4anNTOXFBazFEV1RoSm84YklJQmp2dGxDdkZqSzI3ZHdfMVN5RUd5TnA0S1lMdW5MbngwbHN1ZEw3MmdlSEdSdWdCaHJQSTQ4VlI0WS0zY0c5N05SQVRCTmpMMHJ0WEVyN19mdUN5ZHFyNEd6Nk5DN0lRcTNGNXJZUFV2dw?oc=5\" target=\"_blank\" rel=\"noopener\">\u00ab L\u2019Amour est dans le pr\u00e9 \u00bb : o\u00f9 en sont les amours de Valentin, Renaud et Pascal ?<\/a>&nbsp;&nbsp;Le Parisien<\/li>\n<li><a href=\"https:\/\/news.google.com\/rss\/articles\/CBMicEFVX3lxTE9OUWRZYlhQc2l5a2lxWG1EbE1QOGk0bE1vOWl6QjdPaVNQU3FFNlF3N01pQW00MjctZFVxTWNycHhWWHE2YXFuMFV2dmVLZDg1c1NQX0VEYWQ1R1lNYnNQemxnOFFhWVFSMU9LMkxwMm8?oc=5\" target=\"_blank\" rel=\"noopener\">L&rsquo;amour est dans le pr\u00e9 : Valentin face \u00e0 la perte d&rsquo;un \u00eatre cher apr\u00e8s sa rupture avec Flavie, \u00ab\u00a0\u00e7a a \u00e9t\u00e9 compliqu\u00e9\u00a0\u00bb<\/a>&nbsp;&nbsp;AlloCin\u00e9<\/li>\n<li><a href=\"https:\/\/news.google.com\/rss\/articles\/CBMi5AFBVV95cUxPVGtGMXVLcFc2RzIzVTNEQjNob01saTJhRkdyR194Nm8zZHdfU0puSmxzN1hGUS1JVTBReHVFTjBpb01JcDR6bEJ0dGRpVzNxZ0t1clVRekhBUTZfQ3RwelAySHhFTU9mSUIzSUM3M2JWN0xXTHNZOHNabmRwN2pPRmdnejF4UW1ZeXdUQXFQdm9GNUI0RFlTX3ZNRjdoV1RVd1hiY2w5a0x6M1Y2UE1sMFBXLTJQY3kyNXJzQUVHQWJQMjl6b0RwYXY2QmVtMmIyWHBZcmdDVTFpa084WUZENVQxRWU?oc=5\" target=\"_blank\" rel=\"noopener\">Valentin (L\u2019amour est dans le pr\u00e9) cash sur sa s\u00e9paration avec Flavie : \u00ab\u00a0Un peu de mal avec son caract\u00e8re\u00a0\u00bb<\/a>&nbsp;&nbsp;Gala<\/li>\n<li><a href=\"https:\/\/news.google.com\/rss\/articles\/CBMi6AFBVV95cUxQQVdJWWFBLU9VcTBiSmxOX1VTVU1XZEJHd0llczF2N0w5amVkMkpzNWlubGZNdUNlc016TXV3Y1JqVHBwVEh1cVJRTklIYXNZSnJnN2Nqc2RDRXdfbS1JSkhjbFF5NWRwVkxyRDg1cnQ2OTN6cmtDZ1NHOFpNV05NTTdVY29USm45MWlkaDdoLTk4SUJyTnNrV2RMblFia2ZfVk4zcGMtNHo5Z0gxZzk5emljSUlFYVpWX3R4X1M4ZXdGTHNLQlJUSUQ0XzNPNmxaSVZLNTh5X2thaVVSQW1qX1BsR3dHUlRW?oc=5\" target=\"_blank\" rel=\"noopener\">\u00ab\u00a0Trop de r\u00e9seaux sociaux\u00a0\u00bb : Valentin (L&rsquo;amour est dans le pr\u00e9 2024) explique les raisons de sa rupture avec Flavie<\/a>&nbsp;&nbsp;programme-tv.net<\/li>\n<\/ol>\n","protected":false},"excerpt":{"rendered":"\u00ab\u00a0L&rsquo;Amour est dans le pr\u00e9\u00a0\u00bb. Thierry Olive a d\u00e9j\u00e0 crois\u00e9 Valentin : \u00ab\u00a0Il est tr\u00e8s gentil !\u00a0\u00bb&nbsp;&nbsp;lamanchelibre.fr \u00ab&hellip;\n","protected":false},"author":2,"featured_media":8105,"comment_status":"","ping_status":"","sticky":false,"template":"","format":"standard","meta":{"footnotes":""},"categories":[1356],"tags":[58,59,1011,27,252,1364],"class_list":{"0":"post-328498","1":"post","2":"type-post","3":"status-publish","4":"format-standard","5":"has-post-thumbnail","7":"category-television","8":"tag-divertissement","9":"tag-entertainment","10":"tag-fr","11":"tag-france","12":"tag-television","13":"tag-tv"},"share_on_mastodon":{"url":"https:\/\/pubeurope.com\/@fr\/115053523495825819","error":""},"_links":{"self":[{"href":"https:\/\/www.europesays.com\/fr\/wp-json\/wp\/v2\/posts\/328498","targetHints":{"allow":["GET"]}}],"collection":[{"href":"https:\/\/www.europesays.com\/fr\/wp-json\/wp\/v2\/posts"}],"about":[{"href":"https:\/\/www.europesays.com\/fr\/wp-json\/wp\/v2\/types\/post"}],"author":[{"embeddable":true,"href":"https:\/\/www.europesays.com\/fr\/wp-json\/wp\/v2\/users\/2"}],"replies":[{"embeddable":true,"href":"https:\/\/www.europesays.com\/fr\/wp-json\/wp\/v2\/comments?post=328498"}],"version-history":[{"count":0,"href":"https:\/\/www.europesays.com\/fr\/wp-json\/wp\/v2\/posts\/328498\/revisions"}],"wp:featuredmedia":[{"embeddable":true,"href":"https:\/\/www.europesays.com\/fr\/wp-json\/wp\/v2\/media\/8105"}],"wp:attachment":[{"href":"https:\/\/www.europesays.com\/fr\/wp-json\/wp\/v2\/media?parent=328498"}],"wp:term":[{"taxonomy":"category","embeddable":true,"href":"https:\/\/www.europesays.com\/fr\/wp-json\/wp\/v2\/categories?post=328498"},{"taxonomy":"post_tag","embeddable":true,"href":"https:\/\/www.europesays.com\/fr\/wp-json\/wp\/v2\/tags?post=328498"}],"curies":[{"name":"wp","href":"https:\/\/api.w.org\/{rel}","templated":true}]}}