{"id":328499,"date":"2025-08-19T04:23:11","date_gmt":"2025-08-19T04:23:11","guid":{"rendered":"https:\/\/www.europesays.com\/fr\/328499\/"},"modified":"2025-08-19T04:23:11","modified_gmt":"2025-08-19T04:23:11","slug":"booba-reagit-au-feat-entre-damso-et-gims-deux-impuissants","status":"publish","type":"post","link":"https:\/\/www.europesays.com\/fr\/328499\/","title":{"rendered":"Booba r\u00e9agit au feat entre Damso et Gims : \u00ab\u00a0deux impuissants\u00a0\u00bb"},"content":{"rendered":"<p itemprop=\"description\"><strong>On se doutait bien que le featuring entre Gims et Damso allait faire r\u00e9agir le Duc&#8230;<\/strong><\/p>\n<p><strong>Les vacances d&rsquo;\u00e9t\u00e9, normalement \u00e7a sert \u00e0 se reposer et \u00e0 d\u00e9connecter<\/strong> du boulot, mais pas pour tout le monde. Et visiblement, surtout <strong>pas pour Booba<\/strong>, qui <strong>continue \u00e0 surveiller<\/strong> tout ce qui se passe dans le game et \u00e0 <a href=\"https:\/\/generations.fr\/news\/coulisse\/80172\/booba-allume-sch-et-gims-ca-fait-8-albums-que-tu-triches-y-s-est-encore-chie-dessus\" target=\"_blank\" rel=\"noopener\">insulter ceux qui le m\u00e9ritent selon lui<\/a>. La semaine derni\u00e8re, deux de ses principaux rivaux,<strong> Gims et Damso<\/strong>, sortaient <strong>un morceau en featuring nomm\u00e9 \u00ab\u00a0Tu me rends b\u00eate\u00a0\u00bb<\/strong>. Comme on pouvait s&rsquo;y attendre, B2O a \u00e9videmment r\u00e9agi au feat en clashant ses deux opps.<\/p>\n<p>On pouvait s&rsquo;y attendre : <strong>deux des cibles pr\u00e9f\u00e9r\u00e9es de Booba qui collaborent dans un feat, c&rsquo;est du pain b\u00e9ni pour le rappeur du 92i. <\/strong>Pendant la soir\u00e9e d&rsquo;hier, deux jours apr\u00e8s la sortie du morceau, Kopp a donc pris son compte Twitter, une fois de plus, pour allumer <a href=\"https:\/\/generations.fr\/news\/musique\/80168\/damso-et-gims-devoilent-le-premier-extrait-de-leur-featuring\" target=\"_blank\" rel=\"noopener\">Gims et Damso<\/a> :<\/p>\n<blockquote><p>&#13;<\/p>\n<p><strong>2 impuissants. Un qui dormait avec mes posters dans sa chambre et un a qui j&rsquo;ai donn\u00e9 la vie. C&rsquo;est mignon en vrai.<\/strong><\/p>\n<p>&#13;\n<\/p><\/blockquote>\n<p>Une pique qui fait \u00e9cho \u00e0 une punchline de <a href=\"https:\/\/generations.fr\/news\/musique\/80033\/damso-annonce-une-deuxieme-date-a-paris-la-defense-arena\" target=\"_blank\" rel=\"noopener\">Damso<\/a> pr\u00e9sente dans le morceau, dans laquelle il chante : <strong>\u00ab\u00a0Nan, j&rsquo;comprends pas tes streams Nan, j&rsquo;comprends pas tes streams On dit qu&rsquo;la Chine t&rsquo;a vue grandir\u00a0\u00bb<\/strong>. Une phrase qui semble directement destin\u00e9e \u00e0 Booba, en tout cas ce dernier s&rsquo;est probablement senti vis\u00e9 vu la vitesse \u00e0 laquelle il a r\u00e9pondu. Il faut dire que, lorsque les pol\u00e9miques de triches ont commenc\u00e9 \u00e0 \u00e9clater dans le rap FR, notamment sous l&rsquo;impulsion de Gims en 2017, B2O \u00e9tait l&rsquo;un des premiers artistes cibl\u00e9s.\u00a0<\/p>\n<blockquote class=\"twitter-tweet\"><p>&#13;<\/p>\n<p dir=\"ltr\" lang=\"fr\">2 impuissants. Un qui dormait avec mes posters dans sa chambre et un a qui j&rsquo;ai donn\u00e9 la vie. C&rsquo;est mignon en vrai. \ud83c\udff4\u200d\u2620\ufe0f <a href=\"https:\/\/t.co\/E5sfWJohuc\">pic.twitter.com\/E5sfWJohuc<\/a><\/p>\n<p>&#13;<br \/>\n\u2014 Booba (@booba) <a href=\"https:\/\/twitter.com\/booba\/status\/1957164569169641847?ref_src=twsrc%5Etfw\" target=\"_blank\" rel=\"noopener\">August 17, 2025<\/a><\/p><\/blockquote>\n<p>D&rsquo;ailleurs, <strong>depuis, que ce soit Booba, Gims ou Rohff, chacun accuse l&rsquo;autre de \u00ab\u00a0streamer fort en Asie\u00a0\u00bb<\/strong>, ce qui sous-entend que le rappeur vis\u00e9 a recours \u00e0 des proc\u00e9d\u00e9s \u00e9tranges pour faire gonfler ses chiffres. En attendant, plut\u00f4t qu&rsquo;une r\u00e9ponse sur Twitter, on aurait pr\u00e9f\u00e9r\u00e9 voir Booba allumer ses rivaux en musique, sur un diss track. Mais il garde peut-\u00eatre son \u00e9nergie pour plus tard&#8230;<\/p>\n<p>\t\t\t\t\t\t\t\t\t\t\t\t\t\t\t\t\t\t\t<script async src=\"https:\/\/platform.twitter.com\/widgets.js\" charset=\"utf-8\"><\/script><\/p>\n","protected":false},"excerpt":{"rendered":"On se doutait bien que le featuring entre Gims et Damso allait faire r\u00e9agir le Duc&#8230; Les vacances&hellip;\n","protected":false},"author":2,"featured_media":328500,"comment_status":"","ping_status":"","sticky":false,"template":"","format":"standard","meta":{"footnotes":""},"categories":[1355],"tags":[3627,3628,3626,3632,3631,3630,3629,3649,3634,3647,3663,3625,3623,3646,2163,3648,3645,58,59,3660,1011,27,3612,3620,3606,3607,3605,3608,3665,3657,3622,3613,3617,3615,3609,3614,3659,3654,3643,3653,3650,3641,3636,3642,3638,3651,3635,1361,873,12,3624,626,3639,2189,3658,1825,3618,3616,3661,3656,3619,3621,3662,3640,3664,3633,3644,3611,3610,3637,1863,2955,3655,3652],"class_list":{"0":"post-328499","1":"post","2":"type-post","3":"status-publish","4":"format-standard","5":"has-post-thumbnail","7":"category-musique","8":"tag-3627","9":"tag-3628","10":"tag-3626","11":"tag-3632","12":"tag-3631","13":"tag-3630","14":"tag-3629","15":"tag-al-peco","16":"tag-alibi","17":"tag-alpeco","18":"tag-b2o","19":"tag-banlieue","20":"tag-black","21":"tag-booba","22":"tag-chroniques","23":"tag-despo","24":"tag-diams","25":"tag-divertissement","26":"tag-entertainment","27":"tag-exclus","28":"tag-fr","29":"tag-france","30":"tag-freestyles","31":"tag-funk","32":"tag-generation","33":"tag-generation88-2","34":"tag-generations","35":"tag-generations88-2","36":"tag-generationslive","37":"tag-genratio","38":"tag-grime","39":"tag-hip","40":"tag-hip-hop","41":"tag-hiphop","42":"tag-hiphopsoul","43":"tag-hop","44":"tag-hotlist","45":"tag-james","46":"tag-k1fry","47":"tag-kerry","48":"tag-larsen","49":"tag-lim","50":"tag-lskadrille","51":"tag-mafia","52":"tag-mctyer","53":"tag-medine","54":"tag-montana","55":"tag-music","56":"tag-musique","57":"tag-news","58":"tag-noir","59":"tag-paris","60":"tag-parishiphop","61":"tag-photos","62":"tag-playlist","63":"tag-radio","64":"tag-ragga","65":"tag-rap","66":"tag-rap-francais","67":"tag-rapfr","68":"tag-reggae","69":"tag-rnb","70":"tag-roh2f","71":"tag-rue","72":"tag-ruskov-molotov","73":"tag-sefyu","74":"tag-sinik","75":"tag-sons","76":"tag-soul","77":"tag-tandem","78":"tag-us","79":"tag-videos","80":"tag-webradio","81":"tag-youssoupha"},"share_on_mastodon":{"url":"","error":"Validation failed: Text character limit of 500 exceeded"},"_links":{"self":[{"href":"https:\/\/www.europesays.com\/fr\/wp-json\/wp\/v2\/posts\/328499","targetHints":{"allow":["GET"]}}],"collection":[{"href":"https:\/\/www.europesays.com\/fr\/wp-json\/wp\/v2\/posts"}],"about":[{"href":"https:\/\/www.europesays.com\/fr\/wp-json\/wp\/v2\/types\/post"}],"author":[{"embeddable":true,"href":"https:\/\/www.europesays.com\/fr\/wp-json\/wp\/v2\/users\/2"}],"replies":[{"embeddable":true,"href":"https:\/\/www.europesays.com\/fr\/wp-json\/wp\/v2\/comments?post=328499"}],"version-history":[{"count":0,"href":"https:\/\/www.europesays.com\/fr\/wp-json\/wp\/v2\/posts\/328499\/revisions"}],"wp:featuredmedia":[{"embeddable":true,"href":"https:\/\/www.europesays.com\/fr\/wp-json\/wp\/v2\/media\/328500"}],"wp:attachment":[{"href":"https:\/\/www.europesays.com\/fr\/wp-json\/wp\/v2\/media?parent=328499"}],"wp:term":[{"taxonomy":"category","embeddable":true,"href":"https:\/\/www.europesays.com\/fr\/wp-json\/wp\/v2\/categories?post=328499"},{"taxonomy":"post_tag","embeddable":true,"href":"https:\/\/www.europesays.com\/fr\/wp-json\/wp\/v2\/tags?post=328499"}],"curies":[{"name":"wp","href":"https:\/\/api.w.org\/{rel}","templated":true}]}}