{"id":328501,"date":"2025-08-19T04:24:14","date_gmt":"2025-08-19T04:24:14","guid":{"rendered":"https:\/\/www.europesays.com\/fr\/328501\/"},"modified":"2025-08-19T04:24:14","modified_gmt":"2025-08-19T04:24:14","slug":"james-gunn-fait-monter-la-pression-autour-de-superman","status":"publish","type":"post","link":"https:\/\/www.europesays.com\/fr\/328501\/","title":{"rendered":"James Gunn fait monter la pression autour de Superman"},"content":{"rendered":"<p>Ce sera sans doute une premi\u00e8re depuis 1987 et la sortie de Superman 4 au cin\u00e9ma. Depuis que Christopher Reeve a raccroch\u00e9 son costume devant la cam\u00e9ra de Sidney J.Furie, aucun autre homme d\u2019acier n\u2019a eu le loisir de se voir consacrer une v\u00e9ritable saga au cin\u00e9ma. <a href=\"https:\/\/www.journaldugeek.com\/dossier\/henry-cavill-david-corenswet-ou-christopher-reeve-on-a-classe-les-superman-du-pire-au-meilleur\/\" rel=\"nofollow noopener\" target=\"_blank\">Superman Returns<\/a> a \u00e9t\u00e9 un \u00e9chec qui a pouss\u00e9 DC Studios \u00e0 remercier Brandon Routh apr\u00e8s un film.<\/p>\n<p>Henry Cavill, lui, a d\u00fb se r\u00e9soudre \u00e0 partager l\u2019affiche apr\u00e8s son Man of Steel en 2013. Il \u00e9tait \u00e0 l\u2019affiche de Batman v Superman avant de devenir la pierre angulaire de Justice League puis d\u2019\u00eatre rel\u00e9gu\u00e9 au rang de roi des cam\u00e9os dans Shazam! ou encore Black Adam.<\/p>\n<p>C\u2019est bien simple, depuis la derni\u00e8re apparition de Reeve dans la peau de Clark Kent et son alter ego, Warner Bros et DC Studios <strong>n\u2019ont jamais r\u00e9ussi \u00e0 faire \u00e9clore de v\u00e9ritables suites \u00e0 leurs films Superman<\/strong>. C\u2019\u00e9tait avant que James Gunn ne s\u2019empare de l\u2019iconique superh\u00e9ros et plus largement du nouveau DCU.<\/p>\n<p>Si Superman 2 n\u2019est pas encore officiellement au programme, le r\u00e9alisateur partage des nouvelles enthousiasmantes. Il confirme d\u2019abord \u00eatre pr\u00eat \u00e0 revenir derri\u00e8re la cam\u00e9ra et \u00e9voque m\u00eame le d\u00e9veloppement de ce qui <strong>pourrait \u00eatre une suite directe<\/strong> des aventures du personnage camp\u00e9 par David Corenswet. Sur le tapis rouge de<a href=\"https:\/\/www.journaldugeek.com\/2025\/07\/28\/peacemaker-le-dcu-a-t-il-enfin-deja-ce-que-marvel-cherche-desesperement\/\" rel=\"nofollow noopener\" target=\"_blank\"> Peacemaker saison 2 <\/a>, il explique avoir commenc\u00e9 \u00e0 \u00e9crire un sc\u00e9nario.<\/p>\n<blockquote>\n<p>\u201cJ\u2019ai <strong>d\u00e9j\u00e0 termin\u00e9 le traitement<\/strong> de la prochaine histoire de ce que j\u2019appellerai la \u2018saga Superman\u2019. Le traitement est termin\u00e9, ce qui signifie qu\u2019il est extr\u00eamement bien ficel\u00e9. J\u2019y travaille et j\u2019esp\u00e8re pouvoir commencer la production prochainement\u201d.\u00a0<\/p>\n<\/blockquote>\n<p> Superman 2 dans les starting-blocks\u00a0? <\/p>\n<p>S\u2019il ne nomme pas encore son projet, James Gunn laisse entendre que son retour \u00e0 la r\u00e9alisation d\u2019un film Superman est imminent. \u00c0 dire vrai, il est m\u00eame beaucoup plus proche que pr\u00e9vu. Quand Collider lui demande de pr\u00e9ciser ses projets d\u2019avenir, le co-PDG du studio ne laisse que peu de place au doute. \u201cOn est en train de planifier le tournage. Ce sera beaucoup plus t\u00f4t que pr\u00e9vu\u201d.\u00a0<\/p>\n<p>Il faut dire que Superman a \u00e9t\u00e9 un joli succ\u00e8s pour Warner Bros et DC. Le film est parvenu \u00e0 r\u00e9colter <strong>594 millions de dollars dans le monde.<\/strong> Un score timide pour l\u2019homme d\u2019acier, mais qui s\u2019accompagne d\u2019une v\u00e9ritable r\u00e9ussite du c\u00f4t\u00e9 <a href=\"https:\/\/www.journaldugeek.com\/critique\/critique-superman-james-gunn-habille-son-heros-des-couleurs-de-lespoir\/\" rel=\"nofollow noopener\" target=\"_blank\">des critiques<\/a>. Peu \u00e0 peu, Gunn et Safran r\u00e9tablissent la confiance du public en l\u2019\u00e9curie et esp\u00e8rent confirmer ce retour en gr\u00e2ce avec leurs prochains projets.<\/p>\n<p>En premi\u00e8re ligne, <a href=\"https:\/\/www.journaldugeek.com\/2024\/05\/15\/supergirl-a-une-date-de-sortie-le-reboot-du-dcu-prend-forme\/\" rel=\"nofollow noopener\" target=\"_blank\">Supergirl <\/a>doit r\u00e9unir anciens et nouveaux adeptes et prouver que les superh\u00e9ros ont encore quelque chose \u00e0 raconter. \u00c0 l\u2019heure o\u00f9 des parodies comme The Boys ont fait entrer les figures l\u00e9gendaires et classiques dans la d\u00e9su\u00e9tude, ce n\u2019est pas une mince affaire. Superman 2, si DC confirme sa sortie prochaine, serait une occasion r\u00eav\u00e9e d\u2019approfondir son univers. Gunn pourrait ainsi s\u2019emparer de nouvelles th\u00e9matiques pour livrer une adaptation de comics qui n\u2019a pas peur de jouer la carte de la na\u00efvet\u00e9 et du ludisme \u00e0 toute \u00e9preuve.<\/p>\n<blockquote>\n<p class=\"text-base text-neutral-700 dark:text-neutral-300\">\ud83d\udfe3 Pour ne manquer aucune news sur le Journal du Geek, abonnez-vous sur <a href=\"https:\/\/news.google.com\/publications\/CAAqBwgKMNr_hAswwYyCAw?hl=fr&amp;gl=FR&amp;ceid=FR%3Afr\" target=\"_blank\" rel=\"nofollow noopener\">Google Actualit\u00e9s<\/a> et sur <a href=\"https:\/\/whatsapp.com\/channel\/0029VaClM5y4tRry12tb7D2h\" target=\"_blank\" rel=\"nofollow noopener\">notre WhatsApp<\/a>. Et si vous nous adorez, on a <a href=\"https:\/\/www.journaldugeek.com\/newsletter\/\" target=\"_blank\" rel=\"nofollow noopener\">une newsletter tous les matins<\/a>.<\/p>\n<\/blockquote>\n","protected":false},"excerpt":{"rendered":"Ce sera sans doute une premi\u00e8re depuis 1987 et la sortie de Superman 4 au cin\u00e9ma. Depuis que&hellip;\n","protected":false},"author":2,"featured_media":328502,"comment_status":"","ping_status":"","sticky":false,"template":"","format":"standard","meta":{"footnotes":""},"categories":[1354],"tags":[36635,58,59,1346,1011,27,30487,1360,2133],"class_list":{"0":"post-328501","1":"post","2":"type-post","3":"status-publish","4":"format-standard","5":"has-post-thumbnail","7":"category-films","8":"tag-dc-studios","9":"tag-divertissement","10":"tag-entertainment","11":"tag-films","12":"tag-fr","13":"tag-france","14":"tag-james-gunn","15":"tag-movies","16":"tag-superman"},"share_on_mastodon":{"url":"https:\/\/pubeurope.com\/@fr\/115053531437398216","error":""},"_links":{"self":[{"href":"https:\/\/www.europesays.com\/fr\/wp-json\/wp\/v2\/posts\/328501","targetHints":{"allow":["GET"]}}],"collection":[{"href":"https:\/\/www.europesays.com\/fr\/wp-json\/wp\/v2\/posts"}],"about":[{"href":"https:\/\/www.europesays.com\/fr\/wp-json\/wp\/v2\/types\/post"}],"author":[{"embeddable":true,"href":"https:\/\/www.europesays.com\/fr\/wp-json\/wp\/v2\/users\/2"}],"replies":[{"embeddable":true,"href":"https:\/\/www.europesays.com\/fr\/wp-json\/wp\/v2\/comments?post=328501"}],"version-history":[{"count":0,"href":"https:\/\/www.europesays.com\/fr\/wp-json\/wp\/v2\/posts\/328501\/revisions"}],"wp:featuredmedia":[{"embeddable":true,"href":"https:\/\/www.europesays.com\/fr\/wp-json\/wp\/v2\/media\/328502"}],"wp:attachment":[{"href":"https:\/\/www.europesays.com\/fr\/wp-json\/wp\/v2\/media?parent=328501"}],"wp:term":[{"taxonomy":"category","embeddable":true,"href":"https:\/\/www.europesays.com\/fr\/wp-json\/wp\/v2\/categories?post=328501"},{"taxonomy":"post_tag","embeddable":true,"href":"https:\/\/www.europesays.com\/fr\/wp-json\/wp\/v2\/tags?post=328501"}],"curies":[{"name":"wp","href":"https:\/\/api.w.org\/{rel}","templated":true}]}}