{"id":328505,"date":"2025-08-19T04:26:17","date_gmt":"2025-08-19T04:26:17","guid":{"rendered":"https:\/\/www.europesays.com\/fr\/328505\/"},"modified":"2025-08-19T04:26:17","modified_gmt":"2025-08-19T04:26:17","slug":"rabiot-et-rowe-ecartes-du-groupe-apres-leur-altercation-dans-les-vestiaires-de-rennes-2","status":"publish","type":"post","link":"https:\/\/www.europesays.com\/fr\/328505\/","title":{"rendered":"Rabiot et Rowe \u00e9cart\u00e9s du groupe apr\u00e8s leur altercation dans les vestiaires de Rennes"},"content":{"rendered":"<p>La saison de l\u2019OM d\u00e9marre d\u00e9cid\u00e9ment tr\u00e8s, tr\u00e8s fort. Apr\u00e8s avoir mis des papillons dans le ventre \u00e0 ses supporters gr\u00e2ce \u00e0 un mercato d\u2019envergure et des matchs de pr\u00e9paration plut\u00f4t encourageants, l\u2019Olympique de Marseille s\u2019est finalement offert une petite crise comme on les aime pour lancer la cuv\u00e9e 2025-2026. Une <a href=\"https:\/\/www.20minutes.fr\/sport\/football\/ligue-1\/4168122-20250815-direct-rennes-om-choc-entree-retour-ligue-1-demande-peuple-suivez-match-20h\" target=\"_blank\" class=\"c-link c-link--is-underlined\" rel=\"noopener\">d\u00e9faite inaugurale<\/a> \u00e0 Rennes malgr\u00e9 une sup\u00e9riorit\u00e9 num\u00e9rique pendant plus d\u2019une heure, ces cadres \u00e0 c\u00f4t\u00e9 de leurs pompes (\u00e0 part Greenwood, \u00e9ventuellement) et <a href=\"https:\/\/www.20minutes.fr\/sport\/4168214-20250817-ligue-1-couilles-terrain-vestiaire-om-deja-feu-apres-defaite-rennes\" target=\"_blank\" class=\"c-link c-link--is-underlined\" rel=\"noopener\">une embrouille dans les vestiaires<\/a> \u00e0 la fin du match entre Adrien Rabiot et Le jeune ailier anglais Jonathan Rowe, il n\u2019y a pas \u00e0 dire, Marseille sait mettre les formes dans ces dramas.<\/p>\n<p>Les vestiaires rennais ont para\u00eet-il trembl\u00e9 ce soir-l\u00e0 et les deux hommes n\u2019ont pas \u00e9t\u00e9 loin d\u2019en venir aux mains. Il a fallu que plusieurs membres du staff s\u2019interposent pour \u00e9viter que \u00e7a termine comme en sortie de bo\u00eete \u00e0 4 heures du matin. Une attitude qui n\u2019a pas plu \u00e0 la direction olympienne qui a en effet d\u00e9cid\u00e9, selon une information de nos confr\u00e8res de <a href=\"https:\/\/rmcsport.bfmtv.com\/football\/ligue-1\/om-adrien-rabiot-et-jonathan-rowe-temporairement-ecartes-de-l-equipe-premiere_AV-202508180402.html\" rel=\"nofollow noopener\" target=\"_blank\" class=\"c-link c-link--is-underlined\">RMC Sport<\/a>, d\u2019\u00e9carter temporairement les deux joueurs du groupe professionnel.<\/p>\n<p class=\"mb-xxl@xs color-ultramarine font-weight-semi-bold@xs font-source-serif-pro heading-s@xs\">L\u2019acc\u00e8s \u00e0 ce contenu a \u00e9t\u00e9 bloqu\u00e9 afin de respecter votre choix de consentement<\/p>\n<p class=\"mb-m@xs text-l@xs\">En cliquant sur\u00ab J\u2019accepte \u00bb, vous acceptez le d\u00e9p\u00f4t de cookies par des services externes et aurez ainsi acc\u00e8s aux contenus de nos partenaires.<\/p>\n<p class=\"mb-xl@xs text-s@xs\">Plus d\u2019informations sur la page<a href=\"https:\/\/www.20minutes.fr\/gestion-cookies\" class=\"mx-xxs@xs color-ultramarine\" target=\"_blank\" rel=\"noopener\">Politique de gestion des cookies<\/a><\/p>\n<p>J\u2019accepte<\/p>\n<p>On apprend cependant que Rabiot et Rowe pourraient aussi se voir proposer de se faire pardonner en faisant un don \u00e0 la fondation OM. Le but \u00e9tant de marquer le coup et de montrer que les joueurs n\u2019ont pas \u00e0 sortir du cadre, quand bien m\u00eame ce genre d\u2019explications dans l\u2019intimit\u00e9 des vestiaires n\u2019est pas rare \u00e0 ce niveau et, connaissant le caract\u00e8re de Roberto De Zerbi, pas s\u00fbr qu\u2019il voit ce petit r\u00e8glement de compte d\u2019un si mauvais \u0153il. Quoi qu\u2019il en soit, les Marseillais sont attendus lundi en fin de journ\u00e9e \u00e0 la Commanderie, sans deux de ses joueurs, donc, jusqu\u2019\u00e0 nouvel ordre.<\/p>\n","protected":false},"excerpt":{"rendered":"La saison de l\u2019OM d\u00e9marre d\u00e9cid\u00e9ment tr\u00e8s, tr\u00e8s fort. Apr\u00e8s avoir mis des papillons dans le ventre \u00e0&hellip;\n","protected":false},"author":2,"featured_media":328506,"comment_status":"","ping_status":"","sticky":false,"template":"","format":"standard","meta":{"footnotes":""},"categories":[9],"tags":[2329,63,1011,27,66,2333,968,517,60],"class_list":{"0":"post-328505","1":"post","2":"type-post","3":"status-publish","4":"format-standard","5":"has-post-thumbnail","7":"category-sports","8":"tag-adrien-rabiot","9":"tag-football","10":"tag-fr","11":"tag-france","12":"tag-ligue-1","13":"tag-olympique-de-marseille-om","14":"tag-roberto-de-zerbi","15":"tag-sport","16":"tag-sports"},"share_on_mastodon":{"url":"https:\/\/pubeurope.com\/@fr\/115053539202244807","error":""},"_links":{"self":[{"href":"https:\/\/www.europesays.com\/fr\/wp-json\/wp\/v2\/posts\/328505","targetHints":{"allow":["GET"]}}],"collection":[{"href":"https:\/\/www.europesays.com\/fr\/wp-json\/wp\/v2\/posts"}],"about":[{"href":"https:\/\/www.europesays.com\/fr\/wp-json\/wp\/v2\/types\/post"}],"author":[{"embeddable":true,"href":"https:\/\/www.europesays.com\/fr\/wp-json\/wp\/v2\/users\/2"}],"replies":[{"embeddable":true,"href":"https:\/\/www.europesays.com\/fr\/wp-json\/wp\/v2\/comments?post=328505"}],"version-history":[{"count":0,"href":"https:\/\/www.europesays.com\/fr\/wp-json\/wp\/v2\/posts\/328505\/revisions"}],"wp:featuredmedia":[{"embeddable":true,"href":"https:\/\/www.europesays.com\/fr\/wp-json\/wp\/v2\/media\/328506"}],"wp:attachment":[{"href":"https:\/\/www.europesays.com\/fr\/wp-json\/wp\/v2\/media?parent=328505"}],"wp:term":[{"taxonomy":"category","embeddable":true,"href":"https:\/\/www.europesays.com\/fr\/wp-json\/wp\/v2\/categories?post=328505"},{"taxonomy":"post_tag","embeddable":true,"href":"https:\/\/www.europesays.com\/fr\/wp-json\/wp\/v2\/tags?post=328505"}],"curies":[{"name":"wp","href":"https:\/\/api.w.org\/{rel}","templated":true}]}}