{"id":328509,"date":"2025-08-19T04:28:13","date_gmt":"2025-08-19T04:28:13","guid":{"rendered":"https:\/\/www.europesays.com\/fr\/328509\/"},"modified":"2025-08-19T04:28:13","modified_gmt":"2025-08-19T04:28:13","slug":"a-langon-cette-legende-locale-du-rugby-ouvre-son-hotel-restaurant","status":"publish","type":"post","link":"https:\/\/www.europesays.com\/fr\/328509\/","title":{"rendered":"\u00e0 Langon, cette l\u00e9gende locale du rugby ouvre son h\u00f4tel-restaurant"},"content":{"rendered":"<p>            Par<br \/>\n        <strong><br \/>\n            <a href=\"https:\/\/actu.fr\/auteur\/gael-arcuset\" title=\"Consulter tous les articles de Ga\u00ebl Arcuset\" target=\"_blank\" rel=\"noopener\">Ga\u00ebl Arcuset<\/a><br \/>\n        <\/strong><\/p>\n<p>        Publi\u00e9 le<\/p>\n<p>            18 ao\u00fbt 2025 \u00e0 20h02        <\/p>\n<p>\u00ab\u00a0On fait comme \u00e0 la maison, je ne sais pas si c\u2019est comme \u00e7a qu\u2019il faut faire\u2026\u00a0\u00bb \u00ab\u00a0Oui, oui, c\u2019est comme \u00e7a.\u00a0\u00bb Vendredi 15 ao\u00fbt 2025, 8 h 30. Dans la salle encore toute neuve de <b>l\u2019h\u00f4tel-restaurant Le Brennus<\/b>, non loin du p\u00e9age de l\u2019autoroute A 62, \u00e0 <a href=\"https:\/\/actu.fr\/nouvelle-aquitaine\/langon_33227\" target=\"_blank\" rel=\"noopener\">Langon<\/a> (<a href=\"https:\/\/actu.fr\/nouvelle-aquitaine\/gironde_33\" target=\"_blank\" rel=\"noopener\">Gironde<\/a>) une famille savoure sereinement son petit-d\u00e9jeuner apr\u00e8s une nuit sur place. Deux jours seulement que l\u2019\u00e9tablissement a ouvert, et d\u00e9j\u00e0, les tables se remplissent. Ce lieu, c\u2019est tout simplement le nouveau b\u00e9b\u00e9 de <b>Bruno Celhay \u2013 Titi pour les intimes \u2013 <\/b>qui m\u00e8ne aussi la barque \u00e0 <a href=\"https:\/\/actu.fr\/nouvelle-aquitaine\/castets-et-castillon_33106\/gironde-a-castets-et-castillon-au-bord-du-canal-l-ecluse-52-rouvre-sa-table_42001666.html\" target=\"_blank\" rel=\"noopener\">L\u2019\u00c9cluse 52<\/a>, sur les bords du canal de Garonne \u00e0 Castets-et-Castillon, et <a href=\"https:\/\/actu.fr\/nouvelle-aquitaine\/langon_33227\/on-a-pousse-les-portes-de-la-nouvelle-brasserie-de-titi-le-bouchon-langonnais_58482688.html\" target=\"_blank\" rel=\"noopener\">au Bouchon Langonnais<\/a>, en plein c\u0153ur de Langon, sur les all\u00e9es Jean-Jaur\u00e8s. \u00c0 soixante-deux printemps, l\u2019ancien premi\u00e8re ligne du Stade Langonnais pourrait s\u2019asseoir \u00e0 l\u2019ombre des platanes et laisser filer le temps. Mais cette <b>figure charismatique de la r\u00e9gion<\/b> pr\u00e9f\u00e8re \u00eatre dans la m\u00eal\u00e9e. Rester les bras crois\u00e9s ? Pas vraiment le genre de la maison\u2026<\/p>\n<p class=\" wall-content\">Le Sud-Girondin a d\u00e9cid\u00e9 de s\u2019offrir <b>un nouveau d\u00e9fi<\/b>, un de plus. \u00c0 une poign\u00e9e de m\u00e8tres de l\u00e0 o\u00f9 tout a d\u00e9but\u00e9\u2026 \u00ab\u00a0Il y a quarante ans, j\u2019ai commenc\u00e9 juste \u00e0 c\u00f4t\u00e9, au Tire-Bouchon, se souvient-il. Je suis pass\u00e9 du 6 rue des Bruy\u00e8res au num\u00e9ro 2.\u00a0\u00bb\u00a0<\/p>\n<p>Une vingtaine d\u2019employ\u00e9s au Brennus, \u00e0 Langon<\/p>\n<p class=\" wall-content\">D\u00e9sormais, il est donc \u00e0 la t\u00eate de l\u2019h\u00f4tel Le Brennus (32 chambres) et de son restaurant, la Table du Brennus. Des noms tout trouv\u00e9s, presque une \u00e9vidence pour ce grand passionn\u00e9 d\u2019Ovalie ayant fait les belles heures des Rouge et Blanc de Langon, voil\u00e0 quelques ann\u00e9es. Pour Titi Celhay, s\u2019ouvre <b>un nouveau chapitre<\/b> : celui de l\u2019h\u00f4tellerie. Un univers qu\u2019il d\u00e9couvre, lui qui conna\u00eet par c\u0153ur les r\u00e8gles du jeu en restauration.<\/p>\n<p class=\" wall-content\">Pour mener \u00e0 bien cette aventure, il s\u2019est entour\u00e9 d\u2019une directrice ayant travaill\u00e9 dans \u00ab\u00a0grosses maisons\u00a0\u00bb, forte d\u2019une solide exp\u00e9rience dans le m\u00e9tier. <b>Pr\u00e8s de vingt personnes s\u2019affairent<\/b> ici, de l\u2019accueil au m\u00e9nage, de la cuisine au bar.<\/p>\n<blockquote class=\"ac-article-quote wall-content\">\n<p>Quand Alain Lafforgue [P.-D.G. de Langon Distribution, ndlr] est venu me voir pour me dire que l\u2019Horus \u00e9tait \u00e0 vendre, j\u2019ai saut\u00e9 sur l\u2019occasion. J\u2019ai flash\u00e9 dessus.<\/p>\n<p>Titi Celhay<\/p><\/blockquote>\n<p class=\" wall-content\">Si Titi r\u00e9pond pr\u00e9sent, c\u2019est aussi par fid\u00e9lit\u00e9 \u00e0 sa terre. \u00ab\u00a0Je n\u2019avais pas envie qu\u2019un groupe s\u2019installe ici. J\u2019avais \u00e0 c\u0153ur de garder l\u2019identit\u00e9 langonnaise.\u00a0\u00bb\u00a0<\/p>\n<p class=\" wall-content\">Et <b>cette identit\u00e9 se ressent <\/b>d\u00e8s le pas de la porte franchi. Des bouteilles du cru, soigneusement align\u00e9es, sont expos\u00e9es dans une \u00e9l\u00e9gante structure.<\/p>\n<p>Votre r\u00e9gion, votre actu !<\/p>\n<p>Recevez chaque jour les infos qui comptent pour vous.<\/p>\n<p>\t<a href=\"https:\/\/actu.fr\/newsletter\" class=\"ac-btn ac-btn--corner ac-btn--medium ac-btn--blue800\" target=\"_blank\" rel=\"noopener\">S&rsquo;incrire<\/a><\/p>\n<p>    <img   decoding=\"async\" loading=\"lazy\" class=\"size-large\" src=\"https:\/\/www.europesays.com\/fr\/wp-content\/uploads\/2025\/08\/04030a3d9f98618030a3d9f98fb030v-960x640.jpg\" alt=\"Titi Celhay a ouvert son nouvel \u00e9tablissement, Le Brennus, \u00e0 Langon.\" width=\"960\" height=\"640\"\/><br \/>\n    Huit mois de travaux ont \u00e9t\u00e9 n\u00e9cessaires pour que Titi Celhay ouvre son nouvel \u00e9tablissement, Le Brennus, \u00e0 Langon (Gironde). \u00a9Ga\u00ebl Arcuset \/ Le R\u00e9publicain<\/p>\n<p class=\" wall-content\">Plus loin, d\u2019autres flacons tr\u00f4nent fi\u00e8rement dans un meuble vitr\u00e9, accompagn\u00e9s de coffrets pour que les clients puissent prolonger le voyage jusque chez eux. \u00ab\u00a0Oui, on propose aussi des coffrets, pr\u00e9sente Titi Celhay. On voulait vraiment que les gens, quand ils arrivent ici, comprennent qu\u2019ils sont dans les Graves et le Sauternais.\u00a0\u00bb\u00a0<\/p>\n<p>\u00ab\u00a0On a tout refait\u00a0\u00bb<\/p>\n<p data-end=\"518\" class=\" wall-content\">La d\u00e9coration, <b>soign\u00e9e jusque dans les moindres d\u00e9tails<\/b>, reprend les teintes famili\u00e8res du Bouchon Langonnais. L\u2019ancien Horus est d\u00e9sormais m\u00e9tamorphos\u00e9. \u00ab\u00a0On a tout refait. Les travaux avaient commenc\u00e9 en d\u00e9but d\u2019ann\u00e9e. Vu l\u2019ampleur du chantier, \u00e7a a \u00e9t\u00e9 vite, pas assez pour moi, mais vite quand m\u00eame\u00a0\u00bb, glisse le restaurateur langonnais, le regard plein de malice.<\/p>\n<p>    <a href=\"https:\/\/www.facebook.com\/plugins\/post.php?href=https%3A%2F%2Fwww.facebook.com%2Fpermalink.php%3Fstory_fbid%3Dpfbid0AF58ZuFRwycZLEKkmJTxcdThj2ZgGe2ZeormL8XCGDmNJU9AZLeQXdGycpsuSRw7l%26id%3D61577738964327&amp;show_text=true&amp;width=350\" title=\"Ouvrie le lien\" target=\"_blank\" rel=\"noopener\">Cliquez ici pour visualiser le contenu<\/a><\/p>\n<p data-end=\"518\" class=\" wall-content\">Depuis la salle principale (50 couverts), les clients peuvent m\u00eame <b>profiter d\u2019une vue directe sur la cuisine<\/b>. Une ouverture voulue par Titi, qui aime que l\u2019on voie son \u00e9quipe \u00e0 l\u2019\u0153uvre, s\u2019affairant \u00e0 pr\u00e9parer une c\u00f4te de b\u0153uf Holstein cuite \u00e0 la pierre de lave \u00ab\u00a0pour une saveur intacte\u00a0\u00bb, un tataki de b\u0153uf fum\u00e9 au poivre s\u00e9ch\u00e9, une burrata ou encore un saumon gravlax.<\/p>\n<p data-end=\"518\" class=\" wall-content\">Plus \u00e0 l\u2019\u00e9cart, on retrouve <b>un salle de 50 couverts<\/b>, destin\u00e9e \u00e0 accueillir des s\u00e9minaires. Ici, prochainement, devraient s\u00e9journer des rugbymen du Castres Olympique et du Stade Rochelais. De quoi donner, on l\u2019imagine ais\u00e9ment, le sourire \u00e0 l\u2019ancien joueur du Stade Langonnais.<\/p>\n<p>Adresse : 2 rue des Bruy\u00e8res, \u00e0 Langon. Contact : 05 56 62 36 37 ; <a href=\"https:\/\/actu.fr\/cdn-cgi\/l\/email-protection\" class=\"__cf_email__\" data-cfemail=\"2e465c424b4c5c4b40405b5d6e49434f4742004d4143\" target=\"_blank\" rel=\"noopener\">[email\u00a0protected]<\/a>. La Table du Brennus, restaurant, est ouvert 7 jours sur 7, midi et soir.\u00a0<\/p>\n<p class=\" wall-content\">Personnalisez votre actualit\u00e9 en ajoutant vos villes et m\u00e9dias en favori avec <a href=\"https:\/\/moncompte.actu.fr\" title=\"D\u00e9couvez Mon Actu\" rel=\"nofollow noopener\" data-trk=\"{&quot;cta&quot;:{&quot;action&quot;:&quot;https:\\\/\\\/moncompte.actu.fr&quot;,&quot;category&quot;:&quot;mon compte&quot;,&quot;from&quot;:&quot;article footer&quot;,&quot;name&quot;:&quot;Mon actu&quot;,&quot;type&quot;:&quot;cta&quot;}}\" target=\"_blank\">Mon Actu<\/a>.<\/p>\n","protected":false},"excerpt":{"rendered":"Par Ga\u00ebl Arcuset Publi\u00e9 le 18 ao\u00fbt 2025 \u00e0 20h02 \u00ab\u00a0On fait comme \u00e0 la maison, je ne&hellip;\n","protected":false},"author":2,"featured_media":328510,"comment_status":"","ping_status":"","sticky":false,"template":"","format":"standard","meta":{"footnotes":""},"categories":[7],"tags":[33,2855,1011,27,1340,43,40,41,39,42,44],"class_list":{"0":"post-328509","1":"post","2":"type-post","3":"status-publish","4":"format-standard","5":"has-post-thumbnail","7":"category-sciences-et-technologies","8":"tag-economie","9":"tag-entrepreneuriat","10":"tag-fr","11":"tag-france","12":"tag-restaurant","13":"tag-science","14":"tag-science-and-technology","15":"tag-sciences","16":"tag-sciences-et-technologies","17":"tag-technologies","18":"tag-technology"},"share_on_mastodon":{"url":"https:\/\/pubeurope.com\/@fr\/115053547104982279","error":""},"_links":{"self":[{"href":"https:\/\/www.europesays.com\/fr\/wp-json\/wp\/v2\/posts\/328509","targetHints":{"allow":["GET"]}}],"collection":[{"href":"https:\/\/www.europesays.com\/fr\/wp-json\/wp\/v2\/posts"}],"about":[{"href":"https:\/\/www.europesays.com\/fr\/wp-json\/wp\/v2\/types\/post"}],"author":[{"embeddable":true,"href":"https:\/\/www.europesays.com\/fr\/wp-json\/wp\/v2\/users\/2"}],"replies":[{"embeddable":true,"href":"https:\/\/www.europesays.com\/fr\/wp-json\/wp\/v2\/comments?post=328509"}],"version-history":[{"count":0,"href":"https:\/\/www.europesays.com\/fr\/wp-json\/wp\/v2\/posts\/328509\/revisions"}],"wp:featuredmedia":[{"embeddable":true,"href":"https:\/\/www.europesays.com\/fr\/wp-json\/wp\/v2\/media\/328510"}],"wp:attachment":[{"href":"https:\/\/www.europesays.com\/fr\/wp-json\/wp\/v2\/media?parent=328509"}],"wp:term":[{"taxonomy":"category","embeddable":true,"href":"https:\/\/www.europesays.com\/fr\/wp-json\/wp\/v2\/categories?post=328509"},{"taxonomy":"post_tag","embeddable":true,"href":"https:\/\/www.europesays.com\/fr\/wp-json\/wp\/v2\/tags?post=328509"}],"curies":[{"name":"wp","href":"https:\/\/api.w.org\/{rel}","templated":true}]}}