{"id":328511,"date":"2025-08-19T04:29:12","date_gmt":"2025-08-19T04:29:12","guid":{"rendered":"https:\/\/www.europesays.com\/fr\/328511\/"},"modified":"2025-08-19T04:29:12","modified_gmt":"2025-08-19T04:29:12","slug":"la-france-menacee-de-payer-plus-cher-que-litalie-pour-sendetter","status":"publish","type":"post","link":"https:\/\/www.europesays.com\/fr\/328511\/","title":{"rendered":"La France menac\u00e9e de payer plus cher que l\u2019Italie pour s\u2019endetter"},"content":{"rendered":"<p>                         <img loading=\"lazy\" decoding=\"async\" src=\"https:\/\/www.europesays.com\/fr\/wp-content\/uploads\/2025\/08\/bbf1918_upload-1-4srrdfmuihya-063-2220488031.jpg\" alt=\"Emmanuel Macron et la pr\u00e9sidente du conseil italien, Giorgia Meloni, \u00e0 Kananaskis (Canada), le\u00a016\u00a0juin\u00a02025.\"   width=\"664\" height=\"443\"\/>    Emmanuel Macron et la pr\u00e9sidente du conseil italien, Giorgia Meloni, \u00e0 Kananaskis (Canada), le\u00a016\u00a0juin\u00a02025.  CHIP SOMODEVILLA\/GETTY IMAGES VIA AFP                 <\/p>\n<p class=\"article__paragraph  \">Pour les Fran\u00e7ais, cela fait mal \u00e0 entendre. Mais aux yeux d\u2019une grande partie des investisseurs, il n\u2019y a plus de doute\u00a0: l\u2019Italie de Giorgia Meloni est \u00e0 pr\u00e9sent aussi cr\u00e9dible que la France en mati\u00e8re de finances publiques. Voire davantage.<\/p>\n<p class=\"article__paragraph  \">\u00ab\u00a0Autrefois mauvais \u00e9l\u00e8ve de l\u2019Union europ\u00e9enne\u00a0[UE] sur le terrain budg\u00e9taire, l\u2019Italie a\u00a0d\u00e9sormais la capacit\u00e9 de donner des le\u00e7ons \u00e0 la France\u00a0\u00bb, affirme m\u00eame l\u2019\u00e9conomiste ind\u00e9pendant Philippe Crevel dans une note parue fin juillet. Certains voient d\u00e9j\u00e0 l\u2019Italie dirig\u00e9e par l\u2019extr\u00eame droite comme un mod\u00e8le\u00a0de rigueur\u00a0pour son voisin.<\/p>\n<p class=\"article__paragraph  \">Un chiffre r\u00e9sume le retournement. Celui des taux d\u2019int\u00e9r\u00eat demand\u00e9s par les investisseurs pour d\u00e9tenir de la dette publique des deux pays. En\u00a02011\u00a0et 2012, l\u2019Italie \u00e9tait jug\u00e9e si turbulente, si peu fiable, qu\u2019ils avaient r\u00e9clam\u00e9 de percevoir jusqu\u2019\u00e0 400\u00a0points de base (4\u00a0%) de plus par rapport au taux fran\u00e7ais\u00a0: quand la France versait 3\u00a0% l\u2019an, l\u2019Italie devait acquitter\u00a07\u00a0%. Depuis, cette \u00ab\u00a0prime de risque\u00a0\u00bb a fondu. Le 15\u00a0ao\u00fbt de cette ann\u00e9e, elle est\u00a0tomb\u00e9e \u00e0 moins de cinq\u00a0points de base pour la r\u00e9f\u00e9rence principale, avec un remboursement \u00e0\u00a0dix\u00a0ans. Du jamais-vu depuis\u00a02005. Pour les obligations \u00e0 cinq\u00a0ans, l\u2019\u00e9cart entre la dette fran\u00e7aise et la dette italienne sur les march\u00e9s financiers a m\u00eame totalement disparu depuis la mi-juillet.<\/p>\n<p class=\"reading-mode-only \"><strong>Il vous reste 84.12% de cet article \u00e0 lire. La suite est r\u00e9serv\u00e9e aux abonn\u00e9s.<\/strong><\/p>\n","protected":false},"excerpt":{"rendered":"Emmanuel Macron et la pr\u00e9sidente du conseil italien, Giorgia Meloni, \u00e0 Kananaskis (Canada), le\u00a016\u00a0juin\u00a02025. CHIP SOMODEVILLA\/GETTY IMAGES VIA&hellip;\n","protected":false},"author":2,"featured_media":328512,"comment_status":"","ping_status":"","sticky":false,"template":"","format":"standard","meta":{"footnotes":""},"categories":[6],"tags":[35,33,34,1011,27],"class_list":{"0":"post-328511","1":"post","2":"type-post","3":"status-publish","4":"format-standard","5":"has-post-thumbnail","7":"category-economie","8":"tag-business","9":"tag-economie","10":"tag-economy","11":"tag-fr","12":"tag-france"},"share_on_mastodon":{"url":"https:\/\/pubeurope.com\/@fr\/115053551215158713","error":""},"_links":{"self":[{"href":"https:\/\/www.europesays.com\/fr\/wp-json\/wp\/v2\/posts\/328511","targetHints":{"allow":["GET"]}}],"collection":[{"href":"https:\/\/www.europesays.com\/fr\/wp-json\/wp\/v2\/posts"}],"about":[{"href":"https:\/\/www.europesays.com\/fr\/wp-json\/wp\/v2\/types\/post"}],"author":[{"embeddable":true,"href":"https:\/\/www.europesays.com\/fr\/wp-json\/wp\/v2\/users\/2"}],"replies":[{"embeddable":true,"href":"https:\/\/www.europesays.com\/fr\/wp-json\/wp\/v2\/comments?post=328511"}],"version-history":[{"count":0,"href":"https:\/\/www.europesays.com\/fr\/wp-json\/wp\/v2\/posts\/328511\/revisions"}],"wp:featuredmedia":[{"embeddable":true,"href":"https:\/\/www.europesays.com\/fr\/wp-json\/wp\/v2\/media\/328512"}],"wp:attachment":[{"href":"https:\/\/www.europesays.com\/fr\/wp-json\/wp\/v2\/media?parent=328511"}],"wp:term":[{"taxonomy":"category","embeddable":true,"href":"https:\/\/www.europesays.com\/fr\/wp-json\/wp\/v2\/categories?post=328511"},{"taxonomy":"post_tag","embeddable":true,"href":"https:\/\/www.europesays.com\/fr\/wp-json\/wp\/v2\/tags?post=328511"}],"curies":[{"name":"wp","href":"https:\/\/api.w.org\/{rel}","templated":true}]}}