{"id":328513,"date":"2025-08-19T04:30:11","date_gmt":"2025-08-19T04:30:11","guid":{"rendered":"https:\/\/www.europesays.com\/fr\/328513\/"},"modified":"2025-08-19T04:30:11","modified_gmt":"2025-08-19T04:30:11","slug":"pour-obtenir-la-paix-emmanuel-macron-compte-rester-intransigeant-avec-vladimir-poutine","status":"publish","type":"post","link":"https:\/\/www.europesays.com\/fr\/328513\/","title":{"rendered":"Pour obtenir la paix, Emmanuel Macron compte rester intransigeant avec Vladimir Poutine"},"content":{"rendered":"<p><a href=\"https:\/\/www.20minutes.fr\/politique\/emmanuel-macron\/\" target=\"_blank\" class=\"c-link c-link--is-underlined\" rel=\"noopener\">Emmanuel Macron<\/a> ne compte pas baisser la garde vis-\u00e0-vis du Kremlin. Le chef de l\u2019Etat a ainsi affirm\u00e9 lundi que l\u2019une des garanties de s\u00e9curit\u00e9 pour l\u2019<a href=\"https:\/\/www.20minutes.fr\/monde\/ukraine\/\" target=\"_blank\" class=\"c-link c-link--is-underlined\" rel=\"noopener\">Ukraine<\/a>, qui devra accompagner tout accord de paix avec la <a href=\"https:\/\/www.20minutes.fr\/monde\/russie\/\" target=\"_blank\" class=\"c-link c-link--is-underlined\" rel=\"noopener\">Russie<\/a>, sera une arm\u00e9e ukrainienne assez \u00ab\u00a0robuste\u00a0\u00bb pour emp\u00eacher une \u00e9ventuelle nouvelle attaque de Moscou.<\/p>\n<p>\u00ab\u00a0J\u2019ai pu revenir cet apr\u00e8s-midi sur le contenu de ces garanties de s\u00e9curit\u00e9 qui sont une arm\u00e9e ukrainienne robuste, qui puisse r\u00e9sister \u00e0 toute tentative d\u2019attaque et qui la dissuade, et donc pas de limitations en nombre, en capacit\u00e9, en armement\u00a0\u00bb, a-t-il d\u00e9clar\u00e9 \u00e0 des journalistes \u00e0 l\u2019issue de r\u00e9unions \u00e0 la Maison-Blanche avec les pr\u00e9sidents am\u00e9ricain <a href=\"https:\/\/www.20minutes.fr\/dossier\/donald_trump\" target=\"_blank\" class=\"c-link c-link--is-underlined\" rel=\"noopener\">Donald Trump<\/a> et ukrainien <a href=\"https:\/\/www.20minutes.fr\/monde\/volodymyr-zelensky\/\" target=\"_blank\" class=\"c-link c-link--is-underlined\" rel=\"noopener\">Volodymyr Zelensky<\/a>, \u00e9paul\u00e9 par plusieurs dirigeants europ\u00e9ens, dont le chancelier allemand Friedrich Merz.<\/p>\n<p>Bient\u00f4t une rencontre Zelensky-Poutine<\/p>\n<p>\u00ab\u00a0Aussi longtemps qu\u2019il pense qu\u2019il peut gagner par la guerre, il le fera\u00a0\u00bb, a mis en garde le pr\u00e9sident fran\u00e7ais en parlant de son homologue russe Vladimir Poutine que Donald Trump avait accueilli vendredi en Alaska et \u00e0 qui il a reparl\u00e9 lundi. Le pr\u00e9sident am\u00e9ricain s\u2019est pour sa part f\u00e9licit\u00e9 d\u2019une \u00ab\u00a0tr\u00e8s bonne\u00a0\u00bb r\u00e9union avec Volodymyr Zelensky et plusieurs chefs d\u2019Etat et de gouvernement europ\u00e9ens et a assur\u00e9 qu\u2019il allait \u00ab\u00a0commencer les pr\u00e9paratifs\u00a0\u00bb d\u2019un sommet Zelensky-<a href=\"https:\/\/www.20minutes.fr\/monde\/vladimir_poutine\/\" target=\"_blank\" class=\"c-link c-link--is-underlined\" rel=\"noopener\">Poutine<\/a>.<\/p>\n<\/p>\n<p>Avant de repartir vers la France, Emmanuel Macron a appel\u00e9 depuis Washington \u00e0 \u00ab\u00a0augmenter les sanctions\u00a0\u00bb contre Moscou si les n\u00e9gociations de paix sur l\u2019Ukraine venaient \u00e0 \u00e9chouer. Il a r\u00e9clam\u00e9, \u00e0 tout le moins, en cas d\u2019\u00e9chec du processus de sortie du conflit, \u00e0 \u00ab\u00a0avoir une posture qui mette plus de pression sur la partie russe\u00a0\u00bb.<\/p>\n<p><a href=\"https:\/\/www.20minutes.fr\/monde\/ukraine\/\" target=\"_blank\" class=\"c-link c-btn c-btn--primary\" rel=\"noopener\">Notre dossier sur la Guerre en Ukraine<\/a><\/p>\n<p>Enfin, le locataire de l\u2019\u00c9lys\u00e9e a affirm\u00e9 que la question des concessions territoriales \u00e9ventuelles de l\u2019Ukraine \u00e0 l\u2019\u00e9gard de la Russie n\u2019avait pas \u00ab\u00a0du tout\u00a0\u00bb \u00e9t\u00e9 abord\u00e9e lors des discussions \u00e0 la Maison-Blanche. \u00ab\u00a0Et pour deux raisons. D\u2019abord, la priorit\u00e9 ce sont les garanties de s\u00e9curit\u00e9 et, ensuite, on a dit \u00ab\u00a0c\u2019est ce qui doit \u00eatre discut\u00e9 en bilat\u00e9ral et en trilat\u00e9ral\u00a0\u00bb\u00a0\u00bb, a-t-il pr\u00e9cis\u00e9 en r\u00e9f\u00e9rence \u00e0 un \u00e9ventuel t\u00eate-\u00e0-t\u00eate entre Vladimir Poutine et Volodymyr Zelensky, suivie d\u2019un possible sommet \u00e0 trois avec Donald Trump.<\/p>\n","protected":false},"excerpt":{"rendered":"Emmanuel Macron ne compte pas baisser la garde vis-\u00e0-vis du Kremlin. Le chef de l\u2019Etat a ainsi affirm\u00e9&hellip;\n","protected":false},"author":2,"featured_media":328514,"comment_status":"","ping_status":"","sticky":false,"template":"","format":"standard","meta":{"footnotes":""},"categories":[5],"tags":[47,11,75,1073,73,1011,27,131,14,74,12,132,133,135,134,28],"class_list":{"0":"post-328513","1":"post","2":"type-post","3":"status-publish","4":"format-standard","5":"has-post-thumbnail","7":"category-international","8":"tag-actualite","9":"tag-actualites","10":"tag-donald-trump","11":"tag-emmanuel-macron","12":"tag-etats-unis","13":"tag-fr","14":"tag-france","15":"tag-guerre-en-ukraine","16":"tag-international","17":"tag-monde","18":"tag-news","19":"tag-russie","20":"tag-video","21":"tag-vladimir-poutine","22":"tag-volodymyr-zelensky","23":"tag-world"},"share_on_mastodon":{"url":"https:\/\/pubeurope.com\/@fr\/115053554830230362","error":""},"_links":{"self":[{"href":"https:\/\/www.europesays.com\/fr\/wp-json\/wp\/v2\/posts\/328513","targetHints":{"allow":["GET"]}}],"collection":[{"href":"https:\/\/www.europesays.com\/fr\/wp-json\/wp\/v2\/posts"}],"about":[{"href":"https:\/\/www.europesays.com\/fr\/wp-json\/wp\/v2\/types\/post"}],"author":[{"embeddable":true,"href":"https:\/\/www.europesays.com\/fr\/wp-json\/wp\/v2\/users\/2"}],"replies":[{"embeddable":true,"href":"https:\/\/www.europesays.com\/fr\/wp-json\/wp\/v2\/comments?post=328513"}],"version-history":[{"count":0,"href":"https:\/\/www.europesays.com\/fr\/wp-json\/wp\/v2\/posts\/328513\/revisions"}],"wp:featuredmedia":[{"embeddable":true,"href":"https:\/\/www.europesays.com\/fr\/wp-json\/wp\/v2\/media\/328514"}],"wp:attachment":[{"href":"https:\/\/www.europesays.com\/fr\/wp-json\/wp\/v2\/media?parent=328513"}],"wp:term":[{"taxonomy":"category","embeddable":true,"href":"https:\/\/www.europesays.com\/fr\/wp-json\/wp\/v2\/categories?post=328513"},{"taxonomy":"post_tag","embeddable":true,"href":"https:\/\/www.europesays.com\/fr\/wp-json\/wp\/v2\/tags?post=328513"}],"curies":[{"name":"wp","href":"https:\/\/api.w.org\/{rel}","templated":true}]}}