{"id":328515,"date":"2025-08-19T04:31:26","date_gmt":"2025-08-19T04:31:26","guid":{"rendered":"https:\/\/www.europesays.com\/fr\/328515\/"},"modified":"2025-08-19T04:31:26","modified_gmt":"2025-08-19T04:31:26","slug":"lhypothese-dun-suicide-evoquee-par-le-prefet","status":"publish","type":"post","link":"https:\/\/www.europesays.com\/fr\/328515\/","title":{"rendered":"l&rsquo;hypoth\u00e8se d&rsquo;un suicide \u00e9voqu\u00e9e par le pr\u00e9fet"},"content":{"rendered":"<p itemprop=\"description\"><strong>L&rsquo;enqu\u00eate n&rsquo;en est qu&rsquo;\u00e0 ses d\u00e9buts mais d\u00e9j\u00e0 plusieurs pistes ont \u00e9t\u00e9 d\u00e9voil\u00e9es.<\/strong><\/p>\n<p>Apr\u00e8s l&rsquo;explosion qui a souffl\u00e9 un appartement dans le quartier des Minguettes \u00e0 V\u00e9nissieux dans la nuit de dimanche \u00e0 lundi, co\u00fbtant la vie \u00e0 son occupant, la piste du gaz a rapidement \u00e9t\u00e9 \u00e9voqu\u00e9e par la pr\u00e9fecture du Rh\u00f4ne.<\/p>\n<p>Lors d&rsquo;un point presse sur place, le pr\u00e9fet d\u00e9l\u00e9gu\u00e9 \u00e0 la S\u00e9curit\u00e9 Antoine Gu\u00e9rin a indiqu\u00e9 aux journalistes que c&rsquo;\u00e9tait \u00ab\u00a0probablement la gazini\u00e8re qui a explos\u00e9\u00a0\u00bb.<\/p>\n<p>Le repr\u00e9sentant de l&rsquo;Etat a m\u00eame d\u00e9voil\u00e9 que \u00ab\u00a0l&rsquo;hypoth\u00e8se que la personne d\u00e9c\u00e9d\u00e9e ait pu mettre fin \u00e0 ses jours\u00a0\u00bb \u00e9tait sur la table. L&rsquo;enqu\u00eate se poursuit.<\/p>\n<p>Pour rappel, l&rsquo;explosion s&rsquo;est produite vers 3h30 du matin. La violence a \u00e9t\u00e9 telle que l&rsquo;appartement a \u00e9t\u00e9 souffl\u00e9, et qu&rsquo;une pluie de d\u00e9bris s&rsquo;est abattue avenue de la Division Leclerc.<\/p>\n<p>Dix-huit riverains avaient \u00e9t\u00e9 pris en charge apr\u00e8s avoir inhal\u00e9 des fum\u00e9es et 9 autres avaient \u00e9t\u00e9 hospitalis\u00e9s.<br \/>Lorsque les pompiers \u00e9taient parvenus \u00e0 \u00e9teindre l&rsquo;incendie, ils ont d\u00e9couvert le corps calcin\u00e9 de l&rsquo;occupant des lieux, un septuag\u00e9naire.<\/p>\n<p>La moiti\u00e9 des habitants de l&rsquo;immeuble a pu regagner son domicile, l&rsquo;autre moiti\u00e9 doit \u00eatre relog\u00e9e cette nuit par la mairie de V\u00e9nissieux.<\/p>\n","protected":false},"excerpt":{"rendered":"L&rsquo;enqu\u00eate n&rsquo;en est qu&rsquo;\u00e0 ses d\u00e9buts mais d\u00e9j\u00e0 plusieurs pistes ont \u00e9t\u00e9 d\u00e9voil\u00e9es. Apr\u00e8s l&rsquo;explosion qui a souffl\u00e9&hellip;\n","protected":false},"author":2,"featured_media":328516,"comment_status":"","ping_status":"","sticky":false,"template":"","format":"standard","meta":{"footnotes":""},"categories":[4],"tags":[1111,11,2813,2190,1109,251,1112,2811,118,1011,27,1922,1110,1114,2428,2810,12,241,316,25,2812,517,800],"class_list":{"0":"post-328515","1":"post","2":"type-post","3":"status-publish","4":"format-standard","5":"has-post-thumbnail","7":"category-france","8":"tag-actu","9":"tag-actualites","10":"tag-article","11":"tag-asvel","12":"tag-breves","13":"tag-culture","14":"tag-depeches","15":"tag-economique","16":"tag-faits-divers","17":"tag-fr","18":"tag-france","19":"tag-info","20":"tag-informations","21":"tag-infos","22":"tag-lyon","23":"tag-lyonmag","24":"tag-news","25":"tag-ol","26":"tag-politique","27":"tag-republique-francaise","28":"tag-sociale","29":"tag-sport","30":"tag-transports"},"share_on_mastodon":{"url":"https:\/\/pubeurope.com\/@fr\/115053558876670945","error":""},"_links":{"self":[{"href":"https:\/\/www.europesays.com\/fr\/wp-json\/wp\/v2\/posts\/328515","targetHints":{"allow":["GET"]}}],"collection":[{"href":"https:\/\/www.europesays.com\/fr\/wp-json\/wp\/v2\/posts"}],"about":[{"href":"https:\/\/www.europesays.com\/fr\/wp-json\/wp\/v2\/types\/post"}],"author":[{"embeddable":true,"href":"https:\/\/www.europesays.com\/fr\/wp-json\/wp\/v2\/users\/2"}],"replies":[{"embeddable":true,"href":"https:\/\/www.europesays.com\/fr\/wp-json\/wp\/v2\/comments?post=328515"}],"version-history":[{"count":0,"href":"https:\/\/www.europesays.com\/fr\/wp-json\/wp\/v2\/posts\/328515\/revisions"}],"wp:featuredmedia":[{"embeddable":true,"href":"https:\/\/www.europesays.com\/fr\/wp-json\/wp\/v2\/media\/328516"}],"wp:attachment":[{"href":"https:\/\/www.europesays.com\/fr\/wp-json\/wp\/v2\/media?parent=328515"}],"wp:term":[{"taxonomy":"category","embeddable":true,"href":"https:\/\/www.europesays.com\/fr\/wp-json\/wp\/v2\/categories?post=328515"},{"taxonomy":"post_tag","embeddable":true,"href":"https:\/\/www.europesays.com\/fr\/wp-json\/wp\/v2\/tags?post=328515"}],"curies":[{"name":"wp","href":"https:\/\/api.w.org\/{rel}","templated":true}]}}