{"id":328517,"date":"2025-08-19T04:32:23","date_gmt":"2025-08-19T04:32:23","guid":{"rendered":"https:\/\/www.europesays.com\/fr\/328517\/"},"modified":"2025-08-19T04:32:23","modified_gmt":"2025-08-19T04:32:23","slug":"cest-quoi-ce-soleil-rouge-impressionnant-dans-les-pyrenees-orientales","status":"publish","type":"post","link":"https:\/\/www.europesays.com\/fr\/328517\/","title":{"rendered":"c&rsquo;est quoi ce soleil rouge impressionnant dans les Pyr\u00e9n\u00e9es-Orientales\u00a0?"},"content":{"rendered":"<p>            Par<br \/>\n        <strong><br \/>\n            <a href=\"https:\/\/actu.fr\/auteur\/emilien-vicens\" title=\"Consulter tous les articles de Emilien Vicens\" rel=\"nofollow noopener\" target=\"_blank\">Emilien Vicens<\/a><br \/>\n        <\/strong><\/p>\n<p>        Publi\u00e9 le<\/p>\n<p>            18 ao\u00fbt 2025 \u00e0 9h09        <\/p>\n<p>Vous ne pouvez pas l\u2019avoir manqu\u00e9. Depuis ce samedi, <strong>un soleil rouge rarissime<\/strong> est aper\u00e7u durant plusieurs heures dans les Pyr\u00e9n\u00e9es-Orientales, le soir bien avant le cr\u00e9puscule, et le matin bien apr\u00e8s l\u2019aube. Le reste de la journ\u00e9e, c\u2019est un soleil orang\u00e9 qui tente de percer le ciel tr\u00e8s voil\u00e9 du Pays catalan. Ce ph\u00e9nom\u00e8ne impressionnant, \u00ab\u2009du jamais vu\u2009\u00bb selon certains lecteurs <a href=\"https:\/\/actu.fr\/occitanie\/perpignan_66136\/jusqu-a-40-c-pendant-plusieurs-jours-la-canicule-va-perdurer-dans-les-pyrenees-orientales_63035920.html\" rel=\"nofollow noopener\" target=\"_blank\">n\u2019est pas li\u00e9 \u00e0 la canicule<\/a>, mais plut\u00f4t provoqu\u00e9 par des \u00e9v\u00e9nements qui se d\u00e9roulent \u00e0 plusieurs milliers de kilom\u00e8tres. Explications.<\/p>\n<p>Un soleil rouge vif<\/p>\n<p class=\" wall-content\">Du Barcar\u00e8s \u00e0 Font-Romeu, en passant par Prades, C\u00e9ret, Saint-Paul-de-Fenouillet ou encore Perpignan. Vous avez \u00e9t\u00e9 nombreux, ce dimanche soir, \u00e0 adresser \u00e0 la r\u00e9daction d\u2019Actu Perpignan vos photos du <strong>soleil rouge vif<\/strong> qui dominait le d\u00e9partement. De m\u00eame que ce lundi matin au r\u00e9veil, dans une ambiance aussi magnifique que questionnante.<\/p>\n<p class=\" wall-content\">\n<p class=\" wall-content\">Mais quel est cet incroyable soleil rouge qui s\u2019invite en Pays catalan, et plus globalement dans le sud de la France, depuis quelques jours\u2009? <strong>La r\u00e9ponse se trouve \u00e0 plusieurs milliers de kilom\u00e8tres, \u00e0 savoir en Espagne et au Portugal<\/strong>, o\u00f9 des incendies incontr\u00f4lables s\u00e9vissent depuis plusieurs jours.<\/p>\n<p>Les fum\u00e9es des incendies de la p\u00e9ninsule ib\u00e9rique<\/p>\n<p class=\" wall-content\">Ce sont les fum\u00e9es de ces incendies de la p\u00e9ninsule ib\u00e9rique qui remontent vers la France. Pr\u00e9sentes en hautes altitudes, et donc sans danger, ces derni\u00e8res forment un voile \u00e9pais depuis plusieurs jours au-dessus des Pyr\u00e9n\u00e9es-Orientales.<\/p>\n<p class=\" wall-content\">\u00ab\u2009C\u2019est impressionnant de voir la quantit\u00e9 de fum\u00e9e provenant des incendies sur la p\u00e9ninsule que nous voyons aujourd\u2019hui. Il y en a tellement qu\u2019il est <strong>difficile de distinguer la Catalogne sur l\u2019image satellite\u2009\u00bb<\/strong>, t\u00e9moigne m\u00eame un compte sp\u00e9cialis\u00e9, sur X.<\/p>\n<p class=\" wall-content\">\n<p>L\u2019ensoleillement en baisse<\/p>\n<p class=\" wall-content\">Ces fum\u00e9es ont \u00e9galement un impact sur la m\u00e9t\u00e9o locale. \u00c0 Perpignan, ce dimanche 17\u00a0ao\u00fbt, <strong>9\u00a0heures d\u2019ensoleillement ont \u00e9t\u00e9 enregistr\u00e9es<\/strong> sur l\u2019ensemble de la journ\u00e9e, contre 12 \u00e0 13\u00a0heures les jours pr\u00e9c\u00e9dents, et alors que les conditions \u00e9taient identiques, sans aucun nuage.<\/p>\n<p>Votre r\u00e9gion, votre actu !<\/p>\n<p>Recevez chaque jour les infos qui comptent pour vous.<\/p>\n<p>\t<a href=\"https:\/\/actu.fr\/newsletter\" class=\"ac-btn ac-btn--corner ac-btn--medium ac-btn--blue800\" rel=\"nofollow noopener\" target=\"_blank\">S&rsquo;incrire<\/a><\/p>\n<p class=\" wall-content\">Ce ph\u00e9nom\u00e8ne pourrait durer encore quelques jours dans les Pyr\u00e9n\u00e9es-Orientales, en fonction de l\u2019\u00e9volution du vent.<\/p>\n<p>    <a href=\"https:\/\/www.facebook.com\/plugins\/post.php?href=https%3A%2F%2Fwww.facebook.com%2Factufr.perpignan%2Fposts%2Fpfbid02siRbg9JjNjuTgM6SapiihuXFXA4ZzHYBRumdQqHWysVuvcvbazdLfyQXqeb5fE5Xl&amp;show_text=true&amp;width=350\" title=\"Ouvrie le lien\" rel=\"nofollow noopener\" target=\"_blank\">Cliquez ici pour visualiser le contenu<\/a><\/p>\n<p class=\" wall-content\">Personnalisez votre actualit\u00e9 en ajoutant vos villes et m\u00e9dias en favori avec <a href=\"https:\/\/moncompte.actu.fr\" title=\"D\u00e9couvez Mon Actu\" rel=\"nofollow noopener\" data-trk=\"{&quot;cta&quot;:{&quot;action&quot;:&quot;https:\\\/\\\/moncompte.actu.fr&quot;,&quot;category&quot;:&quot;mon compte&quot;,&quot;from&quot;:&quot;article footer&quot;,&quot;name&quot;:&quot;Mon actu&quot;,&quot;type&quot;:&quot;cta&quot;}}\" target=\"_blank\">Mon Actu<\/a>.<\/p>\n","protected":false},"excerpt":{"rendered":"Par Emilien Vicens Publi\u00e9 le 18 ao\u00fbt 2025 \u00e0 9h09 Vous ne pouvez pas l\u2019avoir manqu\u00e9. Depuis ce&hellip;\n","protected":false},"author":2,"featured_media":328518,"comment_status":"","ping_status":"","sticky":false,"template":"","format":"standard","meta":{"footnotes":""},"categories":[2],"tags":[11,1011,27,2357,12,104],"class_list":{"0":"post-328517","1":"post","2":"type-post","3":"status-publish","4":"format-standard","5":"has-post-thumbnail","7":"category-actualites","8":"tag-actualites","9":"tag-fr","10":"tag-france","11":"tag-meteo-france","12":"tag-news","13":"tag-societe"},"share_on_mastodon":{"url":"https:\/\/pubeurope.com\/@fr\/115053562756583624","error":""},"_links":{"self":[{"href":"https:\/\/www.europesays.com\/fr\/wp-json\/wp\/v2\/posts\/328517","targetHints":{"allow":["GET"]}}],"collection":[{"href":"https:\/\/www.europesays.com\/fr\/wp-json\/wp\/v2\/posts"}],"about":[{"href":"https:\/\/www.europesays.com\/fr\/wp-json\/wp\/v2\/types\/post"}],"author":[{"embeddable":true,"href":"https:\/\/www.europesays.com\/fr\/wp-json\/wp\/v2\/users\/2"}],"replies":[{"embeddable":true,"href":"https:\/\/www.europesays.com\/fr\/wp-json\/wp\/v2\/comments?post=328517"}],"version-history":[{"count":0,"href":"https:\/\/www.europesays.com\/fr\/wp-json\/wp\/v2\/posts\/328517\/revisions"}],"wp:featuredmedia":[{"embeddable":true,"href":"https:\/\/www.europesays.com\/fr\/wp-json\/wp\/v2\/media\/328518"}],"wp:attachment":[{"href":"https:\/\/www.europesays.com\/fr\/wp-json\/wp\/v2\/media?parent=328517"}],"wp:term":[{"taxonomy":"category","embeddable":true,"href":"https:\/\/www.europesays.com\/fr\/wp-json\/wp\/v2\/categories?post=328517"},{"taxonomy":"post_tag","embeddable":true,"href":"https:\/\/www.europesays.com\/fr\/wp-json\/wp\/v2\/tags?post=328517"}],"curies":[{"name":"wp","href":"https:\/\/api.w.org\/{rel}","templated":true}]}}