{"id":328519,"date":"2025-08-19T04:33:10","date_gmt":"2025-08-19T04:33:10","guid":{"rendered":"https:\/\/www.europesays.com\/fr\/328519\/"},"modified":"2025-08-19T04:33:10","modified_gmt":"2025-08-19T04:33:10","slug":"des-bovins-de-lisere-issus-dune-zone-de-surveillance-abattus-a-saint-etienne-voici-pourquoi","status":"publish","type":"post","link":"https:\/\/www.europesays.com\/fr\/328519\/","title":{"rendered":"Des bovins de l&rsquo;Is\u00e8re issus d&rsquo;une zone de surveillance abattus \u00e0 Saint-Etienne : voici pourquoi"},"content":{"rendered":"<p>            Par<br \/>\n        <strong><br \/>\n            <a href=\"https:\/\/actu.fr\/auteur\/mathias-souteyrat\" title=\"Consulter tous les articles de Mathias Souteyrat\" rel=\"nofollow noopener\" target=\"_blank\">Mathias Souteyrat<\/a><br \/>\n        <\/strong><\/p>\n<p>        Publi\u00e9 le<\/p>\n<p>            19 ao\u00fbt 2025 \u00e0 6h06        <\/p>\n<p>Des bovins en provenance de la zone de surveillance pour la dermatose nodulaire contagieuse (DNC) ont \u00e9t\u00e9 abattus dans la <a href=\"https:\/\/actu.fr\/auvergne-rhone-alpes\/loire_42\" rel=\"nofollow noopener\" target=\"_blank\">Loire<\/a>, annonce la pr\u00e9fecture lig\u00e9rienne le 14 ao\u00fbt. La semaine derni\u00e8re, les animaux ont \u00e9t\u00e9 tu\u00e9s \u00e0 l\u2019abattoir de <a href=\"https:\/\/actu.fr\/saint-etienne\/\" rel=\"nofollow noopener\" target=\"_blank\">Saint-\u00c9tienne<\/a>.<\/p>\n<p>Une commune de l\u2019Is\u00e8re situ\u00e9e en \u00ab\u2009zone de surveillance\u2009\u00bb<\/p>\n<p class=\" wall-content\">Les bovins provenaient d\u2019une commune de <a href=\"https:\/\/actu.fr\/auvergne-rhone-alpes\/isere_38\" rel=\"nofollow noopener\" target=\"_blank\">l\u2019Is\u00e8re<\/a> situ\u00e9e en \u00ab\u2009zone de surveillance\u2009\u00bb. Il s\u2019agit de la zone de 50\u00a0km qui est situ\u00e9e au-del\u00e0 de la \u00ab\u2009zone de protection\u2009\u00bb de 20\u00a0km\u00a0autour des foyers, les deux zones ensemble formant la \u00ab\u2009zone r\u00e9glement\u00e9e\u2009\u00bb.<\/p>\n<p>Des d\u00e9rogations r\u00e9glement\u00e9es<\/p>\n<p class=\" wall-content\">Dans la zone de surveillance, aucun cas de DNC n\u2019est av\u00e9r\u00e9 et une surveillance renforc\u00e9e est mise en \u0153uvre afin de s\u2019assurer que la maladie ne se propage pas.<\/p>\n<blockquote class=\"ac-article-quote wall-content\">\n<p>La sortie des bovins de cette zone \u00e0 destination d&rsquo;un abattoir situ\u00e9 en zone indemne, comme c&rsquo;est le cas de la Loire, peut \u00eatre autoris\u00e9e \u00e0 titre d\u00e9rogatoire lorsque les abattoirs situ\u00e9s dans la zone r\u00e9glement\u00e9e ne sont pas en capacit\u00e9 de les prendre en charge.<\/p>\n<p>    <strong>Pr\u00e9fecture de la Loire<\/strong>\n            <\/p><\/blockquote>\n<p class=\" wall-content\">Elle est subordonn\u00e9e au respect de conditions sanitaires strictes qui s\u2019appliquent\u2009:<\/p>\n<ul class=\" wall-content\">\n<li>au d\u00e9part des animaux, avec la r\u00e9alisation obligatoire d\u2019un examen des animaux par le v\u00e9t\u00e9rinaire sanitaire 24\u00a0heures avant leur d\u00e9part, permettant de s\u2019assurer qu\u2019ils n\u2019ont aucun signe \u00e9vocateur de DNC,<\/li>\n<li>lors du transport, qui doit s\u2019effectuer dans un v\u00e9hicule \u00e9tanche, propre et d\u00e9sinsectis\u00e9, sans arr\u00eat ni rupture de charge,<\/li>\n<li>\u00e0 l\u2019arriv\u00e9e des animaux, o\u00f9 un protocole particulier est mis en place pour \u00e9viter le croisement avec d\u2019autres b\u00e9taill\u00e8res, r\u00e9cup\u00e9rer et faire traiter les effluents par des fili\u00e8res agr\u00e9\u00e9es, renforcer le nettoyage et la d\u00e9sinfection des camions avant leur sortie de l\u2019abattoir.<\/li>\n<\/ul>\n<p>Une maladie non transmissible \u00e0 l\u2019homme<\/p>\n<p class=\" wall-content\">\u00ab\u00a0L\u2019ensemble du circuit s\u2019effectue sous laissez-passer et sous contr\u00f4le strict des DDPP de d\u00e9part et d\u2019arriv\u00e9e\u00a0\u00bb, pr\u00e9cise la pr\u00e9fecture.<\/p>\n<p>Votre r\u00e9gion, votre actu !<\/p>\n<p>Recevez chaque jour les infos qui comptent pour vous.<\/p>\n<p>\t<a href=\"https:\/\/actu.fr\/newsletter\" class=\"ac-btn ac-btn--corner ac-btn--medium ac-btn--blue800\" rel=\"nofollow noopener\" target=\"_blank\">S&rsquo;incrire<\/a><\/p>\n<p class=\" wall-content\">Les carcasses sont issues d\u2019animaux sains et sont livr\u00e9es normalement \u00e0 la consommation. Pour rappel, la DNC est une maladie sp\u00e9cifique des bovins, non transmissible \u00e0 l\u2019homme.<\/p>\n<p class=\" wall-content\">Personnalisez votre actualit\u00e9 en ajoutant vos villes et m\u00e9dias en favori avec <a href=\"https:\/\/moncompte.actu.fr\" title=\"D\u00e9couvez Mon Actu\" rel=\"nofollow noopener\" data-trk=\"{&quot;cta&quot;:{&quot;action&quot;:&quot;https:\\\/\\\/moncompte.actu.fr&quot;,&quot;category&quot;:&quot;mon compte&quot;,&quot;from&quot;:&quot;article footer&quot;,&quot;name&quot;:&quot;Mon actu&quot;,&quot;type&quot;:&quot;cta&quot;}}\" target=\"_blank\">Mon Actu<\/a>.<\/p>\n","protected":false},"excerpt":{"rendered":"Par Mathias Souteyrat Publi\u00e9 le 19 ao\u00fbt 2025 \u00e0 6h06 Des bovins en provenance de la zone de&hellip;\n","protected":false},"author":2,"featured_media":328520,"comment_status":"","ping_status":"","sticky":false,"template":"","format":"standard","meta":{"footnotes":""},"categories":[9653],"tags":[1111,11,1867,2430,1777,674,1011,27,12,25,4001,71,104],"class_list":{"0":"post-328519","1":"post","2":"type-post","3":"status-publish","4":"format-standard","5":"has-post-thumbnail","7":"category-saint-etienne","8":"tag-actu","9":"tag-actualites","10":"tag-animaux","11":"tag-auvergne-rhone-alpes","12":"tag-eu","13":"tag-europe","14":"tag-fr","15":"tag-france","16":"tag-news","17":"tag-republique-francaise","18":"tag-saint-etienne","19":"tag-sante","20":"tag-societe"},"share_on_mastodon":{"url":"https:\/\/pubeurope.com\/@fr\/115053566663937764","error":""},"_links":{"self":[{"href":"https:\/\/www.europesays.com\/fr\/wp-json\/wp\/v2\/posts\/328519","targetHints":{"allow":["GET"]}}],"collection":[{"href":"https:\/\/www.europesays.com\/fr\/wp-json\/wp\/v2\/posts"}],"about":[{"href":"https:\/\/www.europesays.com\/fr\/wp-json\/wp\/v2\/types\/post"}],"author":[{"embeddable":true,"href":"https:\/\/www.europesays.com\/fr\/wp-json\/wp\/v2\/users\/2"}],"replies":[{"embeddable":true,"href":"https:\/\/www.europesays.com\/fr\/wp-json\/wp\/v2\/comments?post=328519"}],"version-history":[{"count":0,"href":"https:\/\/www.europesays.com\/fr\/wp-json\/wp\/v2\/posts\/328519\/revisions"}],"wp:featuredmedia":[{"embeddable":true,"href":"https:\/\/www.europesays.com\/fr\/wp-json\/wp\/v2\/media\/328520"}],"wp:attachment":[{"href":"https:\/\/www.europesays.com\/fr\/wp-json\/wp\/v2\/media?parent=328519"}],"wp:term":[{"taxonomy":"category","embeddable":true,"href":"https:\/\/www.europesays.com\/fr\/wp-json\/wp\/v2\/categories?post=328519"},{"taxonomy":"post_tag","embeddable":true,"href":"https:\/\/www.europesays.com\/fr\/wp-json\/wp\/v2\/tags?post=328519"}],"curies":[{"name":"wp","href":"https:\/\/api.w.org\/{rel}","templated":true}]}}