{"id":32852,"date":"2025-04-18T01:28:08","date_gmt":"2025-04-18T01:28:08","guid":{"rendered":"https:\/\/www.europesays.com\/fr\/32852\/"},"modified":"2025-04-18T01:28:08","modified_gmt":"2025-04-18T01:28:08","slug":"previsions-du-vendredi-18-avril-2025-5","status":"publish","type":"post","link":"https:\/\/www.europesays.com\/fr\/32852\/","title":{"rendered":"pr\u00e9visions du vendredi 18 avril 2025"},"content":{"rendered":"<p>La journ\u00e9e qui s&rsquo;annonce \u00e0 Toulouse, promet d&rsquo;\u00eatre superbe et ensoleill\u00e9e ! Il va faire 13\u00b0C en moyenne. Un vent de sud-est soufflera l\u00e9g\u00e8rement, avec 18 km\/h. Le matin, le mercure affichera 13\u00b0C en moyenne. Les temp\u00e9ratures vont monter pendant l&rsquo;apr\u00e8s-midi de plusieurs degr\u00e9s. Les valeurs seront de 16\u00b0C au plus bas et de 20\u00b0C au maximum. Durant la nuit de vendredi \u00e0 samedi, le ciel sera limpide.<\/p>\n<p>Demain, c&rsquo;est sur un ciel tapiss\u00e9 de nuages qu&rsquo;il faudra compter \u00e0 Toulouse. Une chute des temp\u00e9ratures est \u00e0 pr\u00e9voir. Il fera environ 11\u00b0C. Il faudra pr\u00e9voir des perturbations le matin, les Toulousains se retrouveront sous de la bruine. Les temp\u00e9ratures seront de 14\u00b0C. Un vent de sud-est soufflera doucement. Demain apr\u00e8s-midi, le soleil risque d&rsquo;\u00eatre dissimul\u00e9 par des nuages. Il faudra pr\u00e9voir son parapluie pour s&rsquo;abriter de la pluie. Une baisse des temp\u00e9ratures va se faire sentir avec une diminution de plusieurs degr\u00e9s. Les valeurs seront comprises entre 8 et 11\u00b0C. Un vent d&rsquo;ouest, atteignant 21 km\/h, soufflera. Les nuages \u00e0 pr\u00e9voir demain soir, et un ciel encore maussade. De la pluie est attendue. On anticipe des temp\u00e9ratures avoisinant 8\u00b0C. Une petite brise de sud sera ressentie par les habitants.<\/p>\n<p>La m\u00e9t\u00e9o sera plut\u00f4t instable les jours suivants. Dimanche, le temps sera ensoleill\u00e9 tandis qu&rsquo;une d\u00e9gradation est attendue lundi.<\/p>\n<p><\/p>\n","protected":false},"excerpt":{"rendered":"La journ\u00e9e qui s&rsquo;annonce \u00e0 Toulouse, promet d&rsquo;\u00eatre superbe et ensoleill\u00e9e ! Il va faire 13\u00b0C en moyenne.&hellip;\n","protected":false},"author":2,"featured_media":32853,"comment_status":"","ping_status":"","sticky":false,"template":"","format":"standard","meta":{"footnotes":""},"categories":[2816],"tags":[1111,11,1777,674,1011,27,2722,2721,12,2680,2119,25,2312],"class_list":{"0":"post-32852","1":"post","2":"type-post","3":"status-publish","4":"format-standard","5":"has-post-thumbnail","7":"category-toulouse","8":"tag-actu","9":"tag-actualites","10":"tag-eu","11":"tag-europe","12":"tag-fr","13":"tag-france","14":"tag-haute-garonne","15":"tag-midi-pyrenees","16":"tag-news","17":"tag-occitanie","18":"tag-previsions-meteo","19":"tag-republique-francaise","20":"tag-toulouse"},"share_on_mastodon":{"url":"https:\/\/pubeurope.com\/@fr\/114356375074219116","error":""},"_links":{"self":[{"href":"https:\/\/www.europesays.com\/fr\/wp-json\/wp\/v2\/posts\/32852","targetHints":{"allow":["GET"]}}],"collection":[{"href":"https:\/\/www.europesays.com\/fr\/wp-json\/wp\/v2\/posts"}],"about":[{"href":"https:\/\/www.europesays.com\/fr\/wp-json\/wp\/v2\/types\/post"}],"author":[{"embeddable":true,"href":"https:\/\/www.europesays.com\/fr\/wp-json\/wp\/v2\/users\/2"}],"replies":[{"embeddable":true,"href":"https:\/\/www.europesays.com\/fr\/wp-json\/wp\/v2\/comments?post=32852"}],"version-history":[{"count":0,"href":"https:\/\/www.europesays.com\/fr\/wp-json\/wp\/v2\/posts\/32852\/revisions"}],"wp:featuredmedia":[{"embeddable":true,"href":"https:\/\/www.europesays.com\/fr\/wp-json\/wp\/v2\/media\/32853"}],"wp:attachment":[{"href":"https:\/\/www.europesays.com\/fr\/wp-json\/wp\/v2\/media?parent=32852"}],"wp:term":[{"taxonomy":"category","embeddable":true,"href":"https:\/\/www.europesays.com\/fr\/wp-json\/wp\/v2\/categories?post=32852"},{"taxonomy":"post_tag","embeddable":true,"href":"https:\/\/www.europesays.com\/fr\/wp-json\/wp\/v2\/tags?post=32852"}],"curies":[{"name":"wp","href":"https:\/\/api.w.org\/{rel}","templated":true}]}}