{"id":328521,"date":"2025-08-19T04:34:22","date_gmt":"2025-08-19T04:34:22","guid":{"rendered":"https:\/\/www.europesays.com\/fr\/328521\/"},"modified":"2025-08-19T04:34:22","modified_gmt":"2025-08-19T04:34:22","slug":"le-programme-de-la-semaine-du-18-au-24-aout","status":"publish","type":"post","link":"https:\/\/www.europesays.com\/fr\/328521\/","title":{"rendered":"Le programme de la semaine du 18 au 24 ao\u00fbt"},"content":{"rendered":"<p>              Lundi 18 ao\u00fbt<\/p>\n<p><strong>Soins<\/strong>\u00a0<\/p>\n<p><strong>Entra\u00eenement des pros f\u00e9minines \u00e0 huis clos au stade Salif-Keita<\/strong><\/p>\n<p>ASSE.fr : Les photos de la s\u00e9ance d&rsquo;entra\u00eenement<\/p>\n<p>Mardi 19 ao\u00fbt<\/p>\n<p><strong>Entra\u00eenement des pros ouvert au public \u00e0 l&rsquo;\u00c9trat (9h30) et entra\u00eenement des pros f\u00e9minines\u00a0ouvert au public au Salif-Keita (10h)<\/strong><\/p>\n<p>ASSE.fr\u00a0: Les photos des s\u00e9ances d&rsquo;entra\u00eenement<\/p>\n<p>ASSE.TV : Inside Match Week &#8211; \u00e9pisode 6<\/p>\n<p>Visite guid\u00e9e du stade Geoffroy-Guichard possible \u00e0 11h, 14h15 et 15h30.<\/p>\n<p>Mercredi 20 ao\u00fbt<\/p>\n<p><strong>Entra\u00eenement des pros \u00e0 huis clos<\/strong><strong>\u00a0<\/strong><\/p>\n<p>ASSE.fr\u00a0: Les photos de la s\u00e9ance d&rsquo;entra\u00eenement<\/p>\n<p><strong>ASSE &#8211; Dijon, troisi\u00e8me match de pr\u00e9paration des Verts au stade Salif-Keita (17h, entr\u00e9e gratuite)\u00a0<\/strong><\/p>\n<p>ASSE.fr : Le compte-rendu et la r\u00e9action du coach\u00a0<\/p>\n<p>Visite guid\u00e9e du stade Geoffroy-Guichard possible \u00e0 11h, 14h15 et 15h30.<\/p>\n<p>Jeudi 21 ao\u00fbt<\/p>\n<p><strong>Entra\u00eenement des pros \u00e0 huis clos et\u00a0<\/strong><strong>entra\u00eenement des pros f\u00e9minines \u00e0 huis clos au stade Salif-Keita<\/strong><\/p>\n<p><strong>Conf\u00e9rence de presse avant #USBCOASSE \u00a0(Ligue 2 BKT)<\/strong><\/p>\n<p>ASSE.fr\u00a0: Les photos des s\u00e9ances d&rsquo;entra\u00eenement et le compte-rendu de la conf\u00e9rence de presse<\/p>\n<p>ASSE.TV\u00a0: Le replay de la conf\u00e9rence de presse<\/p>\n<p>Visite guid\u00e9e du stade Geoffroy-Guichard possible \u00e0 11h, 14h15 et 15h30.<\/p>\n<p>Vendredi 22 ao\u00fbt<\/p>\n<p><strong>Entra\u00eenement des pros \u00e0 huis clos et entra\u00eenement des pros f\u00e9minines\u00a0ouvert au public au Salif-Keita (10h)<\/strong><\/p>\n<p>ASSE.fr\u00a0: Le groupe pour #USBCOASSE<\/p>\n<p>Visite guid\u00e9e du stade Geoffroy-Guichard possible \u00e0 11h, 14h15 et 15h30.<\/p>\n<p>Samedi 23 ao\u00fbt<\/p>\n<p><strong>U17 National (Journ\u00e9e 1) : Nice &#8211; ASSE au stade de la Plaine du Var (11h)<\/strong><\/p>\n<p>ASSE.fr : Le compte-rendu et la r\u00e9action du coach<\/p>\n<p><strong>U19 National (Journ\u00e9e 1) : ASSE &#8211; Nice au stade Georges-Bereta (11h)<\/strong><\/p>\n<p>ASSE.fr : Le compte-rendu et la r\u00e9action du coach<\/p>\n<p><strong>Thonon &#8211; ASSE, quatri\u00e8me match de pr\u00e9paration des Verts au stade Joseph-Moynat (17h)\u00a0<\/strong><\/p>\n<p>ASSE.fr : Le compte-rendu et la r\u00e9action du coach\u00a0<\/p>\n<p><strong>Ligue 2 BKT (Journ\u00e9e 3) : Boulogne &#8211; ASSE au stade de la Lib\u00e9ration (20h)<\/strong><\/p>\n<p>ASSE.fr : Le match en live-texte, le compte-rendu, la r\u00e9action du coach et l&rsquo;album de la rencontre<\/p>\n<p>Visite guid\u00e9e du stade Geoffroy-Guichard possible \u00e0 15h30.<\/p>\n<p>Dimanche 24 ao\u00fbt<\/p>\n<p><strong>Entra\u00eenement des pros \u00e0 huis clos \u00e0 l&rsquo;\u00c9trat<\/strong><\/p>\n<p><strong>National 3 (Journ\u00e9e 1) : ASSE &#8211; Cosne au stade Aim\u00e9-Jacquet (15h)<\/strong><\/p>\n<p>ASSE.fr : Le compte-rendu et la r\u00e9action du coach<\/p>\n<p>Programme sous r\u00e9serve d&rsquo;\u00e9ventuelles modifications. Pour rappel, certaines s\u00e9ances d&rsquo;entra\u00eenement sont susceptibles de d\u00e9buter avec un l\u00e9ger retard et leur dur\u00e9e est incertaine. Le contenu de chaque entra\u00eenement \u00e9tant adapt\u00e9, la pr\u00e9sence de l&rsquo;ensemble des joueurs du groupe professionnel n&rsquo;est \u00e9galement pas assur\u00e9e.<\/p>\n","protected":false},"excerpt":{"rendered":"Lundi 18 ao\u00fbt Soins\u00a0 Entra\u00eenement des pros f\u00e9minines \u00e0 huis clos au stade Salif-Keita ASSE.fr : Les photos&hellip;\n","protected":false},"author":2,"featured_media":328522,"comment_status":"","ping_status":"","sticky":false,"template":"","format":"standard","meta":{"footnotes":""},"categories":[9653],"tags":[1111,11,2430,1777,674,1011,27,12,25,4001],"class_list":{"0":"post-328521","1":"post","2":"type-post","3":"status-publish","4":"format-standard","5":"has-post-thumbnail","7":"category-saint-etienne","8":"tag-actu","9":"tag-actualites","10":"tag-auvergne-rhone-alpes","11":"tag-eu","12":"tag-europe","13":"tag-fr","14":"tag-france","15":"tag-news","16":"tag-republique-francaise","17":"tag-saint-etienne"},"share_on_mastodon":{"url":"https:\/\/pubeurope.com\/@fr\/115053570497920668","error":""},"_links":{"self":[{"href":"https:\/\/www.europesays.com\/fr\/wp-json\/wp\/v2\/posts\/328521","targetHints":{"allow":["GET"]}}],"collection":[{"href":"https:\/\/www.europesays.com\/fr\/wp-json\/wp\/v2\/posts"}],"about":[{"href":"https:\/\/www.europesays.com\/fr\/wp-json\/wp\/v2\/types\/post"}],"author":[{"embeddable":true,"href":"https:\/\/www.europesays.com\/fr\/wp-json\/wp\/v2\/users\/2"}],"replies":[{"embeddable":true,"href":"https:\/\/www.europesays.com\/fr\/wp-json\/wp\/v2\/comments?post=328521"}],"version-history":[{"count":0,"href":"https:\/\/www.europesays.com\/fr\/wp-json\/wp\/v2\/posts\/328521\/revisions"}],"wp:featuredmedia":[{"embeddable":true,"href":"https:\/\/www.europesays.com\/fr\/wp-json\/wp\/v2\/media\/328522"}],"wp:attachment":[{"href":"https:\/\/www.europesays.com\/fr\/wp-json\/wp\/v2\/media?parent=328521"}],"wp:term":[{"taxonomy":"category","embeddable":true,"href":"https:\/\/www.europesays.com\/fr\/wp-json\/wp\/v2\/categories?post=328521"},{"taxonomy":"post_tag","embeddable":true,"href":"https:\/\/www.europesays.com\/fr\/wp-json\/wp\/v2\/tags?post=328521"}],"curies":[{"name":"wp","href":"https:\/\/api.w.org\/{rel}","templated":true}]}}