{"id":328524,"date":"2025-08-19T04:39:12","date_gmt":"2025-08-19T04:39:12","guid":{"rendered":"https:\/\/www.europesays.com\/fr\/328524\/"},"modified":"2025-08-19T04:39:12","modified_gmt":"2025-08-19T04:39:12","slug":"toulon-michel-fugain-en-concert","status":"publish","type":"post","link":"https:\/\/www.europesays.com\/fr\/328524\/","title":{"rendered":"Toulon : Michel Fugain en concert"},"content":{"rendered":"<p>&#13;<br \/>\n        &#13;<br \/>\n&#13;<br \/>\n        &#13;<br \/>\n&#13;<\/p>\n<p>        <a href=\"https:\/\/www.europesays.com\/fr\/wp-content\/uploads\/2025\/08\/n_michel-fugain_g.webp.webp\" data-caption=\"\"><img loading=\"lazy\" decoding=\"async\" width=\"150\" height=\"195\" class=\"entry-thumb td-modal-image\" src=\"https:\/\/www.europesays.com\/fr\/wp-content\/uploads\/2025\/08\/n_michel-fugain_g.webp.webp\" alt=\"\" title=\"n_michel-fugain_g\"\/><\/a><\/p>\n<p>L\u00e9gendaire chanteur, compositeur et interpr\u00e8te fran\u00e7ais n\u00e9 le 12 mai 1942 \u00e0 Grenoble, Michel Fugain est immens\u00e9ment populaire en France depuis la sortie en 1967 de son premier album qui contient son premier m\u00e9ga tube nomm\u00e9 \u00ab Je n\u2019aurai pas le temps \u00bb (avec des paroles sign\u00e9es Pierre Delano\u00eb)\u2026 En 1972, Michel Fugain cr\u00e9e le Big Bazar, un mythique groupe compos\u00e9 de tr\u00e8s nombreux musiciens avec lequel il part en tourn\u00e9e et enregistre des hits singles devenus cultes comme \u00ab Fais comme l\u2019oiseau \u00bb (une belle adaptation d\u2019une chanson br\u00e9silienne intitul\u00e9e Voc\u00ea Abusou), \u00ab Une belle histoire \u00bb ou encore \u00ab La F\u00eate \u00bb. Michel Fugain poursuit ensuite une tr\u00e8s belle carri\u00e8re qui lui permet d\u2019enregistrer de tr\u00e8s nombreux albums et d\u2019honorer de multiples rendez-vous avec ses fans lors de concerts toujours r\u00e9ussis. Car Michel Fugain excelle v\u00e9ritablement sur les planches o\u00f9 sa voix inimitable, sa joie de vivre communicative et ses multiples tubes font merveille chaque soir ! Ses tr\u00e8s nombreux fans ne se lassent pas de le voir chanter avec envie et ferveur des incontournables de la chanson fran\u00e7aise que sont devenus \u00ab La F\u00eate \u00bb, \u00ab Attention mesdames et messieurs \u00bb, \u00ab Via la vida \u00bb, \u00ab Jusqu\u2019\u00e0 demain peut-\u00eatre \u00bb, \u00ab Les Acadiens \u00bb, \u00ab Chante comme si tu devais mourir demain \u00bb, \u00ab Je n\u2019aurai pas le temps \u00bb, \u00ab Bravo monsieur le monde \u00bb ou encore \u00ab Fais comme l\u2019oiseau \u00bb. Toujours en pleine forme, Michel Fugain est en concert partout en France en f\u00e9vrier et mars 2018.<\/p>\n<p><strong>vendredi 3 octobre 2025 <\/strong>\u00e0 20h<br \/>Palais Neptune Auditorium Vauban<br \/>Toulon<\/p>\n<p><a href=\"https:\/\/www.restosducoeur.org\/associations-departementales\/les-restos-du-coeur-du-var\/\" rel=\"nofollow noopener\" target=\"_blank\"><img decoding=\"async\" style=\"height:70px;width:140px\" src=\"https:\/\/www.europesays.com\/fr\/wp-content\/uploads\/2025\/04\/restos-du-coeur.jpg\"\/><\/a>        &#13;<br \/>\n&#13;<br \/>\n&#13;<br \/>\n        &#13;<br \/>\n                        &#13;<br \/>\n            &#13;<br \/>\n&#13;<br \/>\n                        Previous article<a href=\"https:\/\/www.tv83.info\/le-pradet-experience-viticole-au-domaine-de-la-navicelle\/\" rel=\"nofollow noopener\" target=\"_blank\">Le Pradet :  Exp\u00e9rience viticole au Domaine de la Navicelle<\/a>Next article<a href=\"https:\/\/www.tv83.info\/main-basse-sur-les-fetes-et-traditions-populaires\/\" rel=\"nofollow noopener\" target=\"_blank\">Main basse sur les f\u00eates et traditions populaires<\/a>            \t                &#13;<br \/>\n&#13;<\/p>\n","protected":false},"excerpt":{"rendered":"&#13; &#13; &#13; &#13; &#13; L\u00e9gendaire chanteur, compositeur et interpr\u00e8te fran\u00e7ais n\u00e9 le 12 mai 1942 \u00e0 Grenoble,&hellip;\n","protected":false},"author":2,"featured_media":328525,"comment_status":"","ping_status":"","sticky":false,"template":"","format":"standard","meta":{"footnotes":""},"categories":[9619],"tags":[1111,11,1777,674,1011,27,12,882,25,2310],"class_list":{"0":"post-328524","1":"post","2":"type-post","3":"status-publish","4":"format-standard","5":"has-post-thumbnail","7":"category-toulon","8":"tag-actu","9":"tag-actualites","10":"tag-eu","11":"tag-europe","12":"tag-fr","13":"tag-france","14":"tag-news","15":"tag-provence-alpes-cote-dazur","16":"tag-republique-francaise","17":"tag-toulon"},"share_on_mastodon":{"url":"https:\/\/pubeurope.com\/@fr\/115053590224963884","error":""},"_links":{"self":[{"href":"https:\/\/www.europesays.com\/fr\/wp-json\/wp\/v2\/posts\/328524","targetHints":{"allow":["GET"]}}],"collection":[{"href":"https:\/\/www.europesays.com\/fr\/wp-json\/wp\/v2\/posts"}],"about":[{"href":"https:\/\/www.europesays.com\/fr\/wp-json\/wp\/v2\/types\/post"}],"author":[{"embeddable":true,"href":"https:\/\/www.europesays.com\/fr\/wp-json\/wp\/v2\/users\/2"}],"replies":[{"embeddable":true,"href":"https:\/\/www.europesays.com\/fr\/wp-json\/wp\/v2\/comments?post=328524"}],"version-history":[{"count":0,"href":"https:\/\/www.europesays.com\/fr\/wp-json\/wp\/v2\/posts\/328524\/revisions"}],"wp:featuredmedia":[{"embeddable":true,"href":"https:\/\/www.europesays.com\/fr\/wp-json\/wp\/v2\/media\/328525"}],"wp:attachment":[{"href":"https:\/\/www.europesays.com\/fr\/wp-json\/wp\/v2\/media?parent=328524"}],"wp:term":[{"taxonomy":"category","embeddable":true,"href":"https:\/\/www.europesays.com\/fr\/wp-json\/wp\/v2\/categories?post=328524"},{"taxonomy":"post_tag","embeddable":true,"href":"https:\/\/www.europesays.com\/fr\/wp-json\/wp\/v2\/tags?post=328524"}],"curies":[{"name":"wp","href":"https:\/\/api.w.org\/{rel}","templated":true}]}}