{"id":328538,"date":"2025-08-19T04:49:27","date_gmt":"2025-08-19T04:49:27","guid":{"rendered":"https:\/\/www.europesays.com\/fr\/328538\/"},"modified":"2025-08-19T04:49:27","modified_gmt":"2025-08-19T04:49:27","slug":"pres-de-rennes-cette-ferme-eleve-des-tonnes-de-gambas-tres-prisees-des-chefs-etoiles","status":"publish","type":"post","link":"https:\/\/www.europesays.com\/fr\/328538\/","title":{"rendered":"Pr\u00e8s de Rennes, cette ferme \u00e9l\u00e8ve des tonnes de gambas tr\u00e8s pris\u00e9es des chefs \u00e9toil\u00e9s"},"content":{"rendered":"<p>            Par<br \/>\n        <strong><br \/>\n            <a href=\"https:\/\/actu.fr\/auteur\/lou-batteux\" title=\"Consulter tous les articles de Lou Batteux\" rel=\"nofollow noopener\" target=\"_blank\">Lou Batteux<\/a><br \/>\n        <\/strong><\/p>\n<p>        Publi\u00e9 le<\/p>\n<p>            18 ao\u00fbt 2025 \u00e0 17h39        <\/p>\n<p>Et si l\u2019on vous disait qu\u2019\u00e0 deux pas de Rennes, des dizaines de milliers de gambas sont \u00e9lev\u00e9es ? Avec <strong>50 tonnes de gambas et 70 tonnes de fruits et l\u00e9gumes<\/strong> produits \u00e0 l\u2019ann\u00e9e, Agriloops, bas\u00e9e \u00e0 <a href=\"https:\/\/actu.fr\/bretagne\/breal-sous-montfort_35037\" rel=\"nofollow noopener\" target=\"_blank\">Br\u00e9al-sous-Montfort<\/a>, pr\u00e9sente la <strong>premi\u00e8re ferme aquaponique en milieu sal\u00e9 d\u2019Europe<\/strong>.<\/p>\n<p class=\" wall-content\">Mais c\u2019est quoi, une ferme aquaponique ? En m\u00ealant <strong>aquaculture<\/strong>, l\u2019\u00e9levage d\u2019esp\u00e8ces aquatiques au sein de bassins hors-sol, et <strong>hydroponie<\/strong>, la culture de fruits et l\u00e9gumes hors-sol, cette exploitation bretonne incarne un mod\u00e8le d\u2019agriculture innovant.<\/p>\n<p>Une start-up n\u00e9e d\u2019une amiti\u00e9<\/p>\n<p class=\" wall-content\">\u00c0 la t\u00eate de cette jeune start-up : Romain et J\u00e9r\u00e9mie. Les deux amis se sont rencontr\u00e9s pendant leurs \u00e9tudes \u00e0 <strong>l\u2019institut Agro de Rennes<\/strong>.\u00a0<\/p>\n<blockquote class=\"ac-article-quote wall-content\">\n<p>On se r\u00eavait agriculteurs en se disant qu&rsquo;on aurait notre ferme commune avec chacun nos ateliers. Romain \u00e9tait sp\u00e9cialis\u00e9 en aquaculture et moi en production v\u00e9g\u00e9tale.<\/p>\n<p>    <strong>J\u00e9r\u00e9mie Cognard <\/strong><br \/>\n        Cofondateur et directeur g\u00e9n\u00e9ral d&rsquo;Agriloops    <\/p><\/blockquote>\n<p class=\" wall-content\">C\u2019est l\u00e0 qu\u2019ils d\u00e9couvrent l\u2019aquaponie : cette<strong> association de leurs deux expertises<\/strong>. En sortant de l\u2019\u00e9cole, ils d\u00e9cident de se lancer et de concr\u00e9tiser leur id\u00e9e. Agriloops voit alors le jour en <strong>2016<\/strong>.<\/p>\n<p class=\" wall-content\">En <strong>2019<\/strong>, la start\u2011up construit sa premi\u00e8re <strong>ferme pilote<\/strong>\u00a0et le<strong> 15 mai 2025<\/strong>, elle inaugure <strong>Mangrove #1<\/strong>, sa premi\u00e8re ferme aquaponique \u00e0 grande \u00e9chelle, implant\u00e9e au 720, rue du Pr\u00e9-Miel \u00e0 Br\u00e9al-sous-Montfort.<\/p>\n<p class=\" wall-content\">Depuis, l\u2019entreprise rassemble une <strong>vingtaine de salari\u00e9s<\/strong> et d\u00e9tient une capacit\u00e9 de production agricole de<strong> 100 tonnes par an<\/strong>.<\/p>\n<p>Votre r\u00e9gion, votre actu !<\/p>\n<p>Recevez chaque jour les infos qui comptent pour vous.<\/p>\n<p>\t<a href=\"https:\/\/actu.fr\/newsletter\" class=\"ac-btn ac-btn--corner ac-btn--medium ac-btn--blue800\" rel=\"nofollow noopener\" target=\"_blank\">S&rsquo;incrire<\/a><br \/>\nDes larves aux gambas<\/p>\n<p class=\" wall-content\">Mais qu\u2019est-ce qui se cache derri\u00e8re les murs de cette <strong>grande usine de 2 000 m2<\/strong>? En d\u00e9ambulant entre les grands bassins d\u2019eau sal\u00e9e, J\u00e9r\u00e9mie explique que leurs gambas proviennent de plusieurs <strong>\u00e9closeries europ\u00e9ennes<\/strong> qui cr\u00e9ent des <strong>post-larves <\/strong>(c\u2019est-\u00e0-dire le dernier stade larvaire des crustac\u00e9s).<\/p>\n<p class=\" wall-content\">Celles-ci se d\u00e9veloppent ensuite sur leur site pr\u00e8s de Rennes, en passant de bassins en bassins. \u00c0 leur arriv\u00e9e, les larves ne p\u00e8sent que <strong>quelques milligrammes<\/strong>. Elles restent quelques jours en <strong>quarantaine<\/strong>, dans une salle sous-pression, pour \u00e9viter toute contamination de bact\u00e9ries.<\/p>\n<p class=\" wall-content\"><a href=\"https:\/\/www.instagram.com\/p\/CKeKFIbnAbc\/embed\" title=\"Ouvrir le lien sur Instagram\" rel=\"nofollow noopener\" target=\"_blank\">Visualiser le contenu sur Instagram<\/a><\/p>\n<p class=\" wall-content\">Ensuite, les jeunes crevettes sont<strong> transf\u00e9r\u00e9es par \u00e9puisette dans la<\/strong> <strong>nurserie<\/strong> o\u00f9 elles \u00e9voluent et grandissent pendant pr\u00e8s d\u2019un mois. \u00ab\u00a0Elles sont nourries avec des <strong>aliments formul\u00e9s<\/strong> (fibres v\u00e9g\u00e9tales et prot\u00e9ines v\u00e9g\u00e9tales et animales) fabriqu\u00e9s par la coop\u00e9rative bretonne <strong>Le Gouessant\u00a0\u00bb<\/strong>, expose J\u00e9r\u00e9mie. Enfin, elles terminent leur croissance dans des <strong>bassins de grossissement<\/strong> jusqu\u2019\u00e0 atteindre leur poids final, soit environ <strong>20 grammes<\/strong>.<\/p>\n<blockquote class=\"ac-article-quote wall-content\">\n<p>Tout un syst\u00e8me de filtration permet de garantir un environnement stable et parfaitement adapt\u00e9 \u00e0 l&rsquo;\u00e9levage de nos gambas. Leur eau est chauff\u00e9e \u00e0 30\u00b0C et l&rsquo;atmosph\u00e8re dans les salles est \u00e0 la m\u00eame temp\u00e9rature pour \u00e9viter l&rsquo;\u00e9vaporation. Dans chaque bassin, il y a plusieurs milliers de crevettes.<\/p>\n<p>    <strong>J\u00e9r\u00e9mie<\/strong><br \/>\n        Cofondateur et directeur g\u00e9n\u00e9ral d&rsquo;Agriloops    <\/p><\/blockquote>\n<p class=\" wall-content\">Lorsqu\u2019elles atteignent leur taille commer\u00e7able, les gambas sont <strong>commercialis\u00e9es localement<\/strong>, aupr\u00e8s de chefs et de poissonniers : au restaurant gastronomique \u00e9toil\u00e9 Le saison ou encore Les Tourelles, le restaurant 5 \u00e9toiles situ\u00e9 au Ch\u00e2teau d\u2019Apign\u00e9.<\/p>\n<p class=\" wall-content\">Les crustac\u00e9s sont \u00e9galement vendus <strong>en r\u00e9gion parisienne et aux alentours de Saint-Malo<\/strong>, indique J\u00e9r\u00e9mie.<\/p>\n<p>5 000 m2 de serres<\/p>\n<p class=\" wall-content\">Sous <strong>neuf serres<\/strong>, occupant un espace de 5 000 m\u00b2, J\u00e9r\u00e9mie et Romain cultivent aussi des <strong>tomates cerises<\/strong> de saison ainsi que des<strong> jeunes pousses<\/strong> de betterave, de pak cho\u00ef, de moutarde de chine \u00e9meraude et pourpre, de wasabina (l\u00e9gumes au parfum de wasabi) et de mizuna (appartenant \u00e0 la famille des choux et de la moutarde), toute l\u2019ann\u00e9e. En hiver, les plants de tomates sont remplac\u00e9s par du <strong>chou asiatique<\/strong>.<\/p>\n<p>    <img   decoding=\"async\" loading=\"lazy\" src=\"https:\/\/www.europesays.com\/fr\/wp-content\/uploads\/2025\/08\/jeremie-agriloops-dans-serre-tomate-breal-960x640.jpeg\" alt=\"vv\" width=\"960\" height=\"640\"\/><br \/>\n    Sous une des trois grandes serres qui abritent des plants de tomates, J\u00e9r\u00e9mie pr\u00e9sente les deux vari\u00e9t\u00e9s qui y poussent. (\u00a9 Lou Batteux)<\/p>\n<p class=\" wall-content\">Par la suite, Agriloops a lanc\u00e9 sa propre marque de fruits et l\u00e9gumes, <strong>Yod\u00e9e<\/strong>, \u00e0 retrouver en grande surface.<\/p>\n<p class=\" wall-content\">Mangrove #1 commercialise d\u00e9j\u00e0 ses tomates cerises et son mesclun aupr\u00e8s de certains primeurs et dans les grandes surfaces du secteur rennais et malouin depuis mai 2025, mais elle va seulement <strong>vendre ses premi\u00e8res gambas \u00e0 la rentr\u00e9e<\/strong>.<\/p>\n<p>Une agriculture \u00ab\u00a0locale, durable et \u00e9conome\u00a0\u00bb<\/p>\n<p class=\" wall-content\">Si l\u2019entreprise est pionni\u00e8re dans l\u2019aquaponie, elle cherche \u00e9galement \u00e0 proposer une <strong>agriculture locale, durable et la plus \u00e9conome possible en ressources<\/strong>.<\/p>\n<p class=\" wall-content\">L\u2019eau sal\u00e9e dans laquelle grandissent les gambas est ensuite utilis\u00e9e pour irriguer les fruits et l\u00e9gumes. Les <strong>effluents<\/strong> des gambas, quant \u00e0 eux, servent d\u2019<strong>engrais naturels<\/strong> pour ces cultures.<\/p>\n<blockquote class=\"ac-article-quote wall-content\">\n<p>C&rsquo;est un avantage pour les fruits et les l\u00e9gumes, \u00e7a permet une meilleure qualit\u00e9, tant sur le plan gustatif que nutritionnel. \u00c7a leur apporte \u00e9galement plus de sucre et de vitamine C.<\/p>\n<p>    <strong>J\u00e9r\u00e9mie<\/strong><br \/>\n        Cofondateur et directeur g\u00e9n\u00e9ral d&rsquo;Agriloops    <\/p><\/blockquote>\n<p class=\" wall-content\">Avec son syst\u00e8me de filtrage, la ferme r\u00e9alise \u00ab\u00a0jusqu\u2019\u00e0 <strong>95 % d\u2019\u00e9conomie d\u2019eau\u00a0\u00bb<\/strong>.<\/p>\n<p class=\" wall-content\">Personnalisez votre actualit\u00e9 en ajoutant vos villes et m\u00e9dias en favori avec <a href=\"https:\/\/moncompte.actu.fr\" title=\"D\u00e9couvez Mon Actu\" rel=\"nofollow noopener\" data-trk=\"{&quot;cta&quot;:{&quot;action&quot;:&quot;https:\\\/\\\/moncompte.actu.fr&quot;,&quot;category&quot;:&quot;mon compte&quot;,&quot;from&quot;:&quot;article footer&quot;,&quot;name&quot;:&quot;Mon actu&quot;,&quot;type&quot;:&quot;cta&quot;}}\" target=\"_blank\">Mon Actu<\/a>.<\/p>\n<p>                    <script async src=\"\/\/www.instagram.com\/embed.js\"><\/script><\/p>\n","protected":false},"excerpt":{"rendered":"Par Lou Batteux Publi\u00e9 le 18 ao\u00fbt 2025 \u00e0 17h39 Et si l\u2019on vous disait qu\u2019\u00e0 deux pas&hellip;\n","protected":false},"author":2,"featured_media":328539,"comment_status":"","ping_status":"","sticky":false,"template":"","format":"standard","meta":{"footnotes":""},"categories":[2821],"tags":[1111,11,327,829,1777,674,1011,27,1757,12,584,25],"class_list":{"0":"post-328538","1":"post","2":"type-post","3":"status-publish","4":"format-standard","5":"has-post-thumbnail","7":"category-rennes","8":"tag-actu","9":"tag-actualites","10":"tag-agriculture","11":"tag-bretagne","12":"tag-eu","13":"tag-europe","14":"tag-fr","15":"tag-france","16":"tag-insolite","17":"tag-news","18":"tag-rennes","19":"tag-republique-francaise"},"share_on_mastodon":{"url":"https:\/\/pubeurope.com\/@fr\/115053629800978949","error":""},"_links":{"self":[{"href":"https:\/\/www.europesays.com\/fr\/wp-json\/wp\/v2\/posts\/328538","targetHints":{"allow":["GET"]}}],"collection":[{"href":"https:\/\/www.europesays.com\/fr\/wp-json\/wp\/v2\/posts"}],"about":[{"href":"https:\/\/www.europesays.com\/fr\/wp-json\/wp\/v2\/types\/post"}],"author":[{"embeddable":true,"href":"https:\/\/www.europesays.com\/fr\/wp-json\/wp\/v2\/users\/2"}],"replies":[{"embeddable":true,"href":"https:\/\/www.europesays.com\/fr\/wp-json\/wp\/v2\/comments?post=328538"}],"version-history":[{"count":0,"href":"https:\/\/www.europesays.com\/fr\/wp-json\/wp\/v2\/posts\/328538\/revisions"}],"wp:featuredmedia":[{"embeddable":true,"href":"https:\/\/www.europesays.com\/fr\/wp-json\/wp\/v2\/media\/328539"}],"wp:attachment":[{"href":"https:\/\/www.europesays.com\/fr\/wp-json\/wp\/v2\/media?parent=328538"}],"wp:term":[{"taxonomy":"category","embeddable":true,"href":"https:\/\/www.europesays.com\/fr\/wp-json\/wp\/v2\/categories?post=328538"},{"taxonomy":"post_tag","embeddable":true,"href":"https:\/\/www.europesays.com\/fr\/wp-json\/wp\/v2\/tags?post=328538"}],"curies":[{"name":"wp","href":"https:\/\/api.w.org\/{rel}","templated":true}]}}