{"id":32854,"date":"2025-04-18T01:29:20","date_gmt":"2025-04-18T01:29:20","guid":{"rendered":"https:\/\/www.europesays.com\/fr\/32854\/"},"modified":"2025-04-18T01:29:20","modified_gmt":"2025-04-18T01:29:20","slug":"que-faire-a-lille-et-dans-le-nord-durant-le-long-week-end-de-paques-voici-nos-idees-de-sorties","status":"publish","type":"post","link":"https:\/\/www.europesays.com\/fr\/32854\/","title":{"rendered":"Que faire \u00e0 Lille et dans le Nord durant le long week-end de P\u00e2ques ? Voici nos id\u00e9es de sorties"},"content":{"rendered":"<p>            Par<br \/>\n        <strong><br \/>\n            <a href=\"https:\/\/actu.fr\/auteur\/nicolas-demollien\" title=\"Consulter tous les articles de Nicolas Demollien\" target=\"_blank\" rel=\"noopener\">Nicolas Demollien<\/a><br \/>\n        <\/strong><\/p>\n<p>        Publi\u00e9 le<\/p>\n<p>            17 avr. 2025 \u00e0 17h08        <\/p>\n<p>Le <b>week-end de P\u00e2ques<\/b> se profile et vous vous demandez peut-\u00eatre que faire durant ces trois jours, du samedi 19 au lundi 21 avril 2025. Que ce soit \u00e0 <a href=\"https:\/\/actu.fr\/hauts-de-france\/lille_59350\" target=\"_blank\" rel=\"noopener\">Lille<\/a>, dans le <a href=\"https:\/\/actu.fr\/hauts-de-france\/nord_59\" target=\"_blank\" rel=\"noopener\">Nord<\/a> et m\u00eame un peu au-del\u00e0, nous avons s\u00e9lectionn\u00e9 pour vous des <b>id\u00e9es de sorties bien sympathiques<\/b>. Que vous soyez <b>seul, en famille ou entre amis<\/b>, il ne vous reste plus qu\u2019\u00e0 choisir.<\/p>\n<p>Que faire \u00e0 Lille et dans le Nord pour le week-end de P\u00e2ques ?<\/p>\n<p class=\" wall-content\">Commen\u00e7ons par une id\u00e9e traditionnelle et dont le succ\u00e8s ne se d\u00e9ment pas : les brocantes et autres braderies ! Vous pouvez retrouver la liste des <a href=\"https:\/\/actu.fr\/loisirs-culture\/voici-les-brocantes-et-vide-greniers-prevus-dans-le-nord-et-le-pas-de-calais-samedi-19-et-dimanche-20-avril_62517194.html\" target=\"_blank\" rel=\"noopener\">\u00e9v\u00e9nements pr\u00e9vus dans le Nord et le Pas-de-Calais dans notre article d\u00e9di\u00e9<\/a>.<\/p>\n<p class=\" wall-content\">Pour les amoureux des animaux, on vous propose trois lieux incontournables o\u00f9 vous d\u00e9couvrirez des nouveaut\u00e9s : les <a href=\"https:\/\/actu.fr\/hauts-de-france\/lille_59350\/le-zoo-de-lille-accueille-un-nouvel-animal-ne-a-plus-de-1500-kilometres-du-nord_62517103.html\" target=\"_blank\" rel=\"noopener\">zoos de Lille<\/a> et <a href=\"https:\/\/actu.fr\/hauts-de-france\/maubeuge_59392\/le-zoo-de-maubeuge-rouvre-ses-portes-ce-week-end-des-animations-speciales-pour-loccasion_62433379.html\" target=\"_blank\" rel=\"noopener\">Maubeuge<\/a>, ainsi que <a href=\"https:\/\/actu.fr\/economie\/belgique-10-adorables-animaux-du-marineland-dantibes-sont-arrives-dans-limmense-parc-pairi-daiza_62389525.html\" target=\"_blank\" rel=\"noopener\">Pairi Daiza en Belgique<\/a>.<\/p>\n<p class=\" wall-content\">Avec les enfants, vous pouvez aussi miser sur une petite balade \u00e0 la foire aux man\u00e8ges ou un petit tour au centre commercial Lillenium qui accueille une <a href=\"https:\/\/actu.fr\/hauts-de-france\/lille_59350\/pour-les-petits-et-les-grands-les-playmobil-sont-de-retour-a-lille-pendant-les-vacances_62504003.html\" target=\"_blank\" rel=\"noopener\">magnifique expo Playmobil\u00ae<\/a> jusqu\u2019\u00e0 samedi.<\/p>\n<p class=\" wall-content\">Mais P\u00e2ques, c\u2019est aussi la chasse aux \u0153ufs ! Une multitude d\u2019\u00e9v\u00e9nements vous attendent dans la m\u00e9tropole de Lille, mais <a href=\"https:\/\/actu.fr\/hauts-de-france\/lille_59350\/paques-notre-selection-de-10-chasses-aux-oeufs-pour-les-enfants-autour-de-lille_62512218.html\" target=\"_blank\" rel=\"noopener\">nous en avons s\u00e9lectionn\u00e9 10<\/a> pour vous aider \u00e0 y voir plus clair. Plus insolite \u00e0 Hem, c\u2019est une <a href=\"https:\/\/actu.fr\/hauts-de-france\/hem_59299\/insolite-pres-de-lille-pour-paques-partez-a-la-chasse-a-la-biere_62507534.html\" target=\"_blank\" rel=\"noopener\">chasse \u00e0\u2026 la bi\u00e8re qui vous attend<\/a> !<\/p>\n<p class=\" wall-content\">Si vous pr\u00e9f\u00e9rez les balades en nature, vous pouvez miser sur le <a href=\"https:\/\/actu.fr\/hauts-de-france\/lille_59350\/avec-la-refection-du-jardin-des-plantes-la-ville-de-lille-vise-un-label-national_62494401.html\" target=\"_blank\" rel=\"noopener\">Jardin des plantes qui vient de se refaire une beaut\u00e9<\/a>, des <a href=\"https:\/\/actu.fr\/hauts-de-france\/lille_59350\/trois-forets-ou-se-balader-a-quelques-minutes-de-lille_60349198.html\" target=\"_blank\" rel=\"noopener\">balades dans ces trois for\u00eats du Nord<\/a> ou encore sur les <a href=\"https:\/\/actu.fr\/hauts-de-france\/croix_59163\/idee-de-balade-a-moins-de-10-km-de-lille-les-jardins-mallet-stevens-de-croix_40562087.html\" target=\"_blank\" rel=\"noopener\">jardins Mallet-Stevens \u00e0 Croix<\/a>.<\/p>\n<p>Murder party et patrimoine<\/p>\n<p class=\" wall-content\">Autre id\u00e9e sympathique \u00e0 faire \u00e0 plusieurs : d\u00e9couvrez \u00ab\u00a0Le tournoi des sorciers\u00a0\u00bb, une <a href=\"https:\/\/actu.fr\/hauts-de-france\/lille_59350\/a-lille-plongez-dans-lunivers-de-la-magie-et-des-sorciers-avec-cette-murder-party-immersive-inedite_62442852.html\" target=\"_blank\" rel=\"noopener\">murder party immersive propos\u00e9e par Just Escape<\/a>, au 26, rue d\u2019Arras \u00e0 Lille.<\/p>\n<p class=\" wall-content\">Dimanche, on vous conseille un petit tour \u00e0 Villeneuve-d\u2019Ascq : soit au stade Pierre-Mauroy o\u00f9 le LOSC re\u00e7oit l\u2019AJ Auxerre \u00e0 15h, ou du c\u00f4t\u00e9 du <a href=\"https:\/\/actu.fr\/hauts-de-france\/villeneuve-d-ascq_59009\/villeneuve-dascq-profitez-de-grandes-animations-gratuites-autour-de-ces-magnifiques-moulins_62508355.html\" target=\"_blank\" rel=\"noopener\">Mus\u00e9e des Moulins avec de superbes animations gratuites<\/a> propos\u00e9es.<\/p>\n<p class=\" wall-content\">C\u00f4t\u00e9 expos, vous pouvez profiter des <a href=\"https:\/\/actu.fr\/hauts-de-france\/lille_59350\/lille-de-la-danse-du-dessin-et-des-oeuvres-saisissantes-pour-les-nuits-de-la-crypte_62494618.html\" target=\"_blank\" rel=\"noopener\">Nuits de la crypte \u00e0 Lille<\/a> ou de la toute nouvelle <a href=\"https:\/\/actu.fr\/hauts-de-france\/lens_62498\/une-nouvelle-expo-autour-du-vetement-est-a-decouvrir-durgence-au-louvre-lens_62503222.html\" target=\"_blank\" rel=\"noopener\">autour du v\u00eatement propos\u00e9e au Louvre-Lens<\/a>.<\/p>\n<p class=\" wall-content\">Enfin, on vous propose trois destinations qui nous ont particuli\u00e8rement charm\u00e9es :<\/p>\n<p class=\" wall-content\">Evidemment, il ne s\u2019agit l\u00e0 que d\u2019une s\u00e9lection non-exhaustive ! N\u2019h\u00e9sitez pas \u00e0 parcourir la <a href=\"https:\/\/actu.fr\/lille\/loisirs-culture\" target=\"_blank\" rel=\"noopener\">rubrique loisirs de notre site<\/a> pour d\u00e9couvrir plein d\u2019autres id\u00e9es ! Bon week-end !<\/p>\n<p class=\" wall-content\">Suivez toute l\u2019actualit\u00e9 de vos villes et m\u00e9dias favoris en vous inscrivant \u00e0 <a href=\"https:\/\/moncompte.actu.fr\" title=\"D\u00e9couvez Mon Actu\" rel=\"nofollow noopener\" data-trk=\"{&quot;cta&quot;:{&quot;action&quot;:&quot;https:\\\/\\\/moncompte.actu.fr&quot;,&quot;category&quot;:&quot;mon compte&quot;,&quot;from&quot;:&quot;article footer&quot;,&quot;name&quot;:&quot;Mon actu&quot;,&quot;type&quot;:&quot;cta&quot;}}\" target=\"_blank\">Mon Actu<\/a>.<\/p>\n","protected":false},"excerpt":{"rendered":"Par Nicolas Demollien Publi\u00e9 le 17 avr. 2025 \u00e0 17h08 Le week-end de P\u00e2ques se profile et vous&hellip;\n","protected":false},"author":2,"featured_media":32855,"comment_status":"","ping_status":"","sticky":false,"template":"","format":"standard","meta":{"footnotes":""},"categories":[2815],"tags":[1111,11,1777,674,652,1011,27,811,1307,1652,12,4769,25],"class_list":{"0":"post-32854","1":"post","2":"type-post","3":"status-publish","4":"format-standard","5":"has-post-thumbnail","7":"category-lille","8":"tag-actu","9":"tag-actualites","10":"tag-eu","11":"tag-europe","12":"tag-famille","13":"tag-fr","14":"tag-france","15":"tag-hauts-de-france","16":"tag-lille","17":"tag-loisirs-culture","18":"tag-news","19":"tag-paques","20":"tag-republique-francaise"},"share_on_mastodon":{"url":"https:\/\/pubeurope.com\/@fr\/114356378878077107","error":""},"_links":{"self":[{"href":"https:\/\/www.europesays.com\/fr\/wp-json\/wp\/v2\/posts\/32854","targetHints":{"allow":["GET"]}}],"collection":[{"href":"https:\/\/www.europesays.com\/fr\/wp-json\/wp\/v2\/posts"}],"about":[{"href":"https:\/\/www.europesays.com\/fr\/wp-json\/wp\/v2\/types\/post"}],"author":[{"embeddable":true,"href":"https:\/\/www.europesays.com\/fr\/wp-json\/wp\/v2\/users\/2"}],"replies":[{"embeddable":true,"href":"https:\/\/www.europesays.com\/fr\/wp-json\/wp\/v2\/comments?post=32854"}],"version-history":[{"count":0,"href":"https:\/\/www.europesays.com\/fr\/wp-json\/wp\/v2\/posts\/32854\/revisions"}],"wp:featuredmedia":[{"embeddable":true,"href":"https:\/\/www.europesays.com\/fr\/wp-json\/wp\/v2\/media\/32855"}],"wp:attachment":[{"href":"https:\/\/www.europesays.com\/fr\/wp-json\/wp\/v2\/media?parent=32854"}],"wp:term":[{"taxonomy":"category","embeddable":true,"href":"https:\/\/www.europesays.com\/fr\/wp-json\/wp\/v2\/categories?post=32854"},{"taxonomy":"post_tag","embeddable":true,"href":"https:\/\/www.europesays.com\/fr\/wp-json\/wp\/v2\/tags?post=32854"}],"curies":[{"name":"wp","href":"https:\/\/api.w.org\/{rel}","templated":true}]}}