{"id":328540,"date":"2025-08-19T04:50:17","date_gmt":"2025-08-19T04:50:17","guid":{"rendered":"https:\/\/www.europesays.com\/fr\/328540\/"},"modified":"2025-08-19T04:50:17","modified_gmt":"2025-08-19T04:50:17","slug":"lalsace-en-24h-chrono-a-2h-avec-les-oiseaux-de-nuit-du-hibus-de-strasbourg","status":"publish","type":"post","link":"https:\/\/www.europesays.com\/fr\/328540\/","title":{"rendered":"L&rsquo;Alsace en 24h chrono. \u00c0 2h, avec les oiseaux de nuit du Hibus de Strasbourg"},"content":{"rendered":"<p>Il est bient\u00f4t 2\u00a0h du matin, sur la place du Corbeau. L\u2019air est frais. Un homme mendie quelques euros \u00ab\u00a0pour passer la nuit \u00e0 l\u2019auberge de jeunesse\u00a0\u00bb. Autour de lui, une dizaine de silhouettes attendent le bus. Trois lignes nocturnes partent d\u2019ici, toutes les heures, jusqu\u2019\u00e0 l\u2019aube, du jeudi au samedi. Elles desservent les diff\u00e9rents quartiers de Strasbourg et ses proches communes.<\/p>\n<p>Le bus de la N3 arrive avec un peu de retard. Il est 2\u00a0h\u00a015. Sept passagers montent \u00e0 bord. Deux jeunes hommes s\u2019installent au fond. L\u2019un a ses \u00e9couteurs, l\u2019autre les yeux inject\u00e9s de sang. Aucun ne veut parler. La soir\u00e9e a sans doute \u00e9t\u00e9 longue.<\/p>\n<p>Un cuistot, des amies, une m\u00e8re et sa fille<\/p>\n<p>Deux rangs devant eux, Hasan, 45 ans, scrolle sur son t\u00e9l\u00e9phone\u00a0: il regarde des vid\u00e9os sur YouTube, r\u00e9pond \u00e0 sa s\u0153ur sur Messenger. Chef cuistot \u00e0 la Belle, un bar-restaurant du quartier Observatoire, il prend ce bus trois fois&#8230;<\/p>\n","protected":false},"excerpt":{"rendered":"Il est bient\u00f4t 2\u00a0h du matin, sur la place du Corbeau. L\u2019air est frais. Un homme mendie quelques&hellip;\n","protected":false},"author":2,"featured_media":328541,"comment_status":"","ping_status":"","sticky":false,"template":"","format":"standard","meta":{"footnotes":""},"categories":[2820],"tags":[1111,11,2389,2649,3542,2880,1777,674,107,1011,27,5325,2798,775,12,25,41407,640,2879,2803],"class_list":{"0":"post-328540","1":"post","2":"type-post","3":"status-publish","4":"format-standard","5":"has-post-thumbnail","7":"category-strasbourg","8":"tag-actu","9":"tag-actualites","10":"tag-alsace","11":"tag-bas-rhin","12":"tag-circulation","13":"tag-edition-strasbourg","14":"tag-eu","15":"tag-europe","16":"tag-fil-info","17":"tag-fr","18":"tag-france","19":"tag-galerie-media","20":"tag-galerie-photo","21":"tag-grand-est","22":"tag-news","23":"tag-republique-francaise","24":"tag-serie-dete","25":"tag-strasbourg","26":"tag-strasbourg-ville","27":"tag-transport"},"share_on_mastodon":{"url":"https:\/\/pubeurope.com\/@fr\/115053633422673894","error":""},"_links":{"self":[{"href":"https:\/\/www.europesays.com\/fr\/wp-json\/wp\/v2\/posts\/328540","targetHints":{"allow":["GET"]}}],"collection":[{"href":"https:\/\/www.europesays.com\/fr\/wp-json\/wp\/v2\/posts"}],"about":[{"href":"https:\/\/www.europesays.com\/fr\/wp-json\/wp\/v2\/types\/post"}],"author":[{"embeddable":true,"href":"https:\/\/www.europesays.com\/fr\/wp-json\/wp\/v2\/users\/2"}],"replies":[{"embeddable":true,"href":"https:\/\/www.europesays.com\/fr\/wp-json\/wp\/v2\/comments?post=328540"}],"version-history":[{"count":0,"href":"https:\/\/www.europesays.com\/fr\/wp-json\/wp\/v2\/posts\/328540\/revisions"}],"wp:featuredmedia":[{"embeddable":true,"href":"https:\/\/www.europesays.com\/fr\/wp-json\/wp\/v2\/media\/328541"}],"wp:attachment":[{"href":"https:\/\/www.europesays.com\/fr\/wp-json\/wp\/v2\/media?parent=328540"}],"wp:term":[{"taxonomy":"category","embeddable":true,"href":"https:\/\/www.europesays.com\/fr\/wp-json\/wp\/v2\/categories?post=328540"},{"taxonomy":"post_tag","embeddable":true,"href":"https:\/\/www.europesays.com\/fr\/wp-json\/wp\/v2\/tags?post=328540"}],"curies":[{"name":"wp","href":"https:\/\/api.w.org\/{rel}","templated":true}]}}