{"id":328542,"date":"2025-08-19T04:51:20","date_gmt":"2025-08-19T04:51:20","guid":{"rendered":"https:\/\/www.europesays.com\/fr\/328542\/"},"modified":"2025-08-19T04:51:20","modified_gmt":"2025-08-19T04:51:20","slug":"le-peage-dune-autoroute-ferme-a-cause-dune-voiture-a-contresens","status":"publish","type":"post","link":"https:\/\/www.europesays.com\/fr\/328542\/","title":{"rendered":"le p\u00e9age d&rsquo;une autoroute ferm\u00e9 \u00e0 cause d&rsquo;une voiture \u00e0 contresens"},"content":{"rendered":"<p>            Par<br \/>\n        <strong><br \/>\n            <a href=\"https:\/\/actu.fr\/auteur\/olivia-kouassi\" title=\"Consulter tous les articles de Olivia Kouassi\" target=\"_blank\" rel=\"noopener\">Olivia Kouassi<\/a><br \/>\n        <\/strong><\/p>\n<p>        Publi\u00e9 le<\/p>\n<p>            18 ao\u00fbt 2025 \u00e0 15h21<br \/>\n        ; mis \u00e0 jour le 18 ao\u00fbt 2025 \u00e0 15h22    <\/p>\n<p>Depuis 14h ce lundi, le<strong> p\u00e9age d\u2019une autoroute pr\u00e8s de Strasbourg est ferm\u00e9<\/strong>, en raison d\u2019une <strong>voiture circulant \u00e0 contresens<\/strong>. L\u2019incident est toujours en cours. Voici ce que l\u2019on sait.<\/p>\n<p>Vinci ferme le p\u00e9age d\u2019Ittenheim pour \u00e9viter un accident<\/p>\n<p class=\" wall-content\">Pour \u00e9viter tout choc frontal, l\u2019op\u00e9rateur <strong>Vinci<\/strong> a \u00e9t\u00e9 contraint de fermer le <strong>p\u00e9age d\u2019Ittenheim<\/strong> dans un sens \u2013 celui vers Colmar \u2013 sur l\u2019<a href=\"https:\/\/actu.fr\/grand-est\/strasbourg_67482\/qu-est-ce-que-l-a355-cette-autoroute-qui-doit-contourner-strasbourg_45472417.html\" target=\"_blank\" rel=\"noopener\">A355<\/a> (aussi appel\u00e9e <a href=\"https:\/\/actu.fr\/grand-est\/strasbourg_67482\/neuf-mois-apres-son-inauguration-le-grand-contournement-ouest-gco-de-strasbourg-remplit-il-son-role_53448505.html\" target=\"_blank\" rel=\"noopener\">Grand contournement ouest (GCO)<\/a>).<\/p>\n<p class=\" wall-content\">Des <strong>bouchons<\/strong> sont signal\u00e9s par Info Trafic Bas-Rhin dans le secteur.<\/p>\n<p>Les gendarmes \u00e0 la recherche du v\u00e9hicule<\/p>\n<p class=\" wall-content\">La pr\u00e9sence du v\u00e9hicule a \u00e9t\u00e9 signal\u00e9e peu apr\u00e8s 14h \u00e0 hauteur de l\u2019aire de la Bruche.<\/p>\n<p class=\" wall-content\"><strong>Les gendarmes sont actuellement \u00e0 la recherche du v\u00e9hicule pour pouvoir l\u2019intercepter.<\/strong><\/p>\n<p class=\" wall-content\">Personnalisez votre actualit\u00e9 en ajoutant vos villes et m\u00e9dias en favori avec <a href=\"https:\/\/moncompte.actu.fr\" title=\"D\u00e9couvez Mon Actu\" rel=\"nofollow noopener\" data-trk=\"{&quot;cta&quot;:{&quot;action&quot;:&quot;https:\\\/\\\/moncompte.actu.fr&quot;,&quot;category&quot;:&quot;mon compte&quot;,&quot;from&quot;:&quot;article footer&quot;,&quot;name&quot;:&quot;Mon actu&quot;,&quot;type&quot;:&quot;cta&quot;}}\" target=\"_blank\">Mon Actu<\/a>.<\/p>\n","protected":false},"excerpt":{"rendered":"Par Olivia Kouassi Publi\u00e9 le 18 ao\u00fbt 2025 \u00e0 15h21 ; mis \u00e0 jour le 18 ao\u00fbt 2025&hellip;\n","protected":false},"author":2,"featured_media":328543,"comment_status":"","ping_status":"","sticky":false,"template":"","format":"standard","meta":{"footnotes":""},"categories":[2820],"tags":[1111,11,1777,674,1011,27,46575,775,12,25,104,640],"class_list":{"0":"post-328542","1":"post","2":"type-post","3":"status-publish","4":"format-standard","5":"has-post-thumbnail","7":"category-strasbourg","8":"tag-actu","9":"tag-actualites","10":"tag-eu","11":"tag-europe","12":"tag-fr","13":"tag-france","14":"tag-grand-contournement-ouest-gco","15":"tag-grand-est","16":"tag-news","17":"tag-republique-francaise","18":"tag-societe","19":"tag-strasbourg"},"share_on_mastodon":{"url":"https:\/\/pubeurope.com\/@fr\/115053637356347447","error":""},"_links":{"self":[{"href":"https:\/\/www.europesays.com\/fr\/wp-json\/wp\/v2\/posts\/328542","targetHints":{"allow":["GET"]}}],"collection":[{"href":"https:\/\/www.europesays.com\/fr\/wp-json\/wp\/v2\/posts"}],"about":[{"href":"https:\/\/www.europesays.com\/fr\/wp-json\/wp\/v2\/types\/post"}],"author":[{"embeddable":true,"href":"https:\/\/www.europesays.com\/fr\/wp-json\/wp\/v2\/users\/2"}],"replies":[{"embeddable":true,"href":"https:\/\/www.europesays.com\/fr\/wp-json\/wp\/v2\/comments?post=328542"}],"version-history":[{"count":0,"href":"https:\/\/www.europesays.com\/fr\/wp-json\/wp\/v2\/posts\/328542\/revisions"}],"wp:featuredmedia":[{"embeddable":true,"href":"https:\/\/www.europesays.com\/fr\/wp-json\/wp\/v2\/media\/328543"}],"wp:attachment":[{"href":"https:\/\/www.europesays.com\/fr\/wp-json\/wp\/v2\/media?parent=328542"}],"wp:term":[{"taxonomy":"category","embeddable":true,"href":"https:\/\/www.europesays.com\/fr\/wp-json\/wp\/v2\/categories?post=328542"},{"taxonomy":"post_tag","embeddable":true,"href":"https:\/\/www.europesays.com\/fr\/wp-json\/wp\/v2\/tags?post=328542"}],"curies":[{"name":"wp","href":"https:\/\/api.w.org\/{rel}","templated":true}]}}