{"id":328544,"date":"2025-08-19T04:52:10","date_gmt":"2025-08-19T04:52:10","guid":{"rendered":"https:\/\/www.europesays.com\/fr\/328544\/"},"modified":"2025-08-19T04:52:10","modified_gmt":"2025-08-19T04:52:10","slug":"elisez-votre-lieu-prefere-vieux-nice-ou-colline-du-chateau","status":"publish","type":"post","link":"https:\/\/www.europesays.com\/fr\/328544\/","title":{"rendered":"\u00c9lisez votre lieu pr\u00e9f\u00e9r\u00e9: Vieux-Nice ou colline du Ch\u00e2teau?"},"content":{"rendered":"<p>Chaque semaine, depuis d\u00e9but juillet, Nice-Matin vous propose de voter pour votre endroit favori \u00e0 Nice. Des duels consacrant votre \u00ab\u00a0lieu pr\u00e9f\u00e9r\u00e9 de Nice\u00a0\u00bb, qui sera d\u00e9voil\u00e9 le 26 ao\u00fbt. Des deux demi-finales, deux sites se sont donc distingu\u00e9s.<\/p>\n<p>Il y a d\u2019abord eu une premi\u00e8re demi-finale accordant le triomphe \u00e0 la colline du Ch\u00e2teau, gagnante avec 60% des suffrages exprim\u00e9s, devant la promenade des Anglais (40%).<\/p>\n<p>La semaine derni\u00e8re, la seconde demi-finale a permis au Vieux-Nice de l\u2019emporter avec 55% des voix sur Garibaldi\/Bonaparte (45%).<\/p>\n<p>Aujourd\u2019hui, d\u00e9marre la finale qui va durer toute la semaine, au cours de laquelle vous pourrez voter afin de d\u00e9signer le site vainqueur. Suspense jusqu\u2019au 26 ao\u00fbt&#8230;<\/p>\n<p><strong>Le Vieux-Nice<\/strong><\/p>\n<p>Un d\u00e9cor de carte postale. Qui porte encore en lui tout un pass\u00e9 bien ni\u00e7ois solidement accroch\u00e9 aux ruelles longues et \u00e9troites comme des boyaux, aux maisons color\u00e9es, au cours Saleya, \u00e0 la cath\u00e9drale baroque, \u00e0 la place Rossetti.<\/p>\n<p>Le jour, les commerces cr\u00e9ent la vie, la nuit, la f\u00eate entoure la vieille ville d\u2019autres vibrations.<\/p>\n<p>C\u2019est toute cette \u00e2me que retiennent les inconditionnels du c\u0153ur historique \u00e0 la ni\u00e7oise.<\/p>\n<p><strong>La colline du Ch\u00e2teau<\/strong><\/p>\n<p>Elle tr\u00f4ne entre le Vieux-Nice et le port, offrant une vue \u00e0 360 degr\u00e9s depuis son jardin de 19 hectares. Magnifique colline du Ch\u00e2teau!<\/p>\n<p>S\u2019il ne reste que quelques vestiges du ch\u00e2teau d\u00e9truit en 1706 sur ordre de Louis XIV, ce promontoire reste un site appr\u00e9ci\u00e9 pour son panorama imprenable sur toute la Baie des Anges et le bassin Lympia.<\/p>\n<p>Sa cascade, point strat\u00e9gique rafra\u00eechissant, servait de d\u00e9versoir aux eaux de la V\u00e9subie lorsqu\u2019elle a \u00e9t\u00e9 am\u00e9nag\u00e9e.<\/p>\n<p>Pour voter: <a href=\"https:\/\/www.nicematin.com\/a\/998430\" target=\"_blank\" rel=\"noopener nofollow\">Nicematin.com\/a\/998430<\/a><\/p>\n<p>              <img ci-src=\"https:\/\/www.nicematin.com\/vie-locale\/protec\/DATA_ART_16096275-s8NGHdaZ.jpg?vh=0a25b5&amp;ci_seal=a6246e280d\" alt=\"\"\/><br \/>\n        Une vue depuis la colline du Ch\u00e2teau.  <strong>Photo Jean-Fran\u00e7ois Ottonello.<\/strong> <\/p>\n","protected":false},"excerpt":{"rendered":"Chaque semaine, depuis d\u00e9but juillet, Nice-Matin vous propose de voter pour votre endroit favori \u00e0 Nice. Des duels&hellip;\n","protected":false},"author":2,"featured_media":328545,"comment_status":"","ping_status":"","sticky":false,"template":"","format":"standard","meta":{"footnotes":""},"categories":[2819],"tags":[1111,11,1777,674,1011,27,12,2401,882,25,3366],"class_list":{"0":"post-328544","1":"post","2":"type-post","3":"status-publish","4":"format-standard","5":"has-post-thumbnail","7":"category-nice","8":"tag-actu","9":"tag-actualites","10":"tag-eu","11":"tag-europe","12":"tag-fr","13":"tag-france","14":"tag-news","15":"tag-nice","16":"tag-provence-alpes-cote-dazur","17":"tag-republique-francaise","18":"tag-vie-locale"},"share_on_mastodon":{"url":"https:\/\/pubeurope.com\/@fr\/115053641284938643","error":""},"_links":{"self":[{"href":"https:\/\/www.europesays.com\/fr\/wp-json\/wp\/v2\/posts\/328544","targetHints":{"allow":["GET"]}}],"collection":[{"href":"https:\/\/www.europesays.com\/fr\/wp-json\/wp\/v2\/posts"}],"about":[{"href":"https:\/\/www.europesays.com\/fr\/wp-json\/wp\/v2\/types\/post"}],"author":[{"embeddable":true,"href":"https:\/\/www.europesays.com\/fr\/wp-json\/wp\/v2\/users\/2"}],"replies":[{"embeddable":true,"href":"https:\/\/www.europesays.com\/fr\/wp-json\/wp\/v2\/comments?post=328544"}],"version-history":[{"count":0,"href":"https:\/\/www.europesays.com\/fr\/wp-json\/wp\/v2\/posts\/328544\/revisions"}],"wp:featuredmedia":[{"embeddable":true,"href":"https:\/\/www.europesays.com\/fr\/wp-json\/wp\/v2\/media\/328545"}],"wp:attachment":[{"href":"https:\/\/www.europesays.com\/fr\/wp-json\/wp\/v2\/media?parent=328544"}],"wp:term":[{"taxonomy":"category","embeddable":true,"href":"https:\/\/www.europesays.com\/fr\/wp-json\/wp\/v2\/categories?post=328544"},{"taxonomy":"post_tag","embeddable":true,"href":"https:\/\/www.europesays.com\/fr\/wp-json\/wp\/v2\/tags?post=328544"}],"curies":[{"name":"wp","href":"https:\/\/api.w.org\/{rel}","templated":true}]}}