{"id":328550,"date":"2025-08-19T04:57:13","date_gmt":"2025-08-19T04:57:13","guid":{"rendered":"https:\/\/www.europesays.com\/fr\/328550\/"},"modified":"2025-08-19T04:57:13","modified_gmt":"2025-08-19T04:57:13","slug":"lassociation-surprise-de-voir-sa-subvention-ajournee-defend-sa-liberte-daction","status":"publish","type":"post","link":"https:\/\/www.europesays.com\/fr\/328550\/","title":{"rendered":"l\u2019association \u00ab\u00a0surprise\u00a0\u00bb de voir sa subvention ajourn\u00e9e, d\u00e9fend sa libert\u00e9 d\u2019action"},"content":{"rendered":"<p>\u00ab\u00a0De m\u00e9moire, c\u2019est la premi\u00e8re fois que \u00e7a arrive\u00a0\u00bb, souffle le pr\u00e9sident de V\u00e9lo-cit\u00e9 Ludovic Fouch\u00e9. La subvention de fonctionnement de Bordeaux M\u00e9tropole (environ 25\u00a0000\u00a0euros) \u00e0 l\u2019association bordelaise, qui promeut la pratique du v\u00e9lo depuis 1980, a \u00e9t\u00e9 ajourn\u00e9e cet \u00e9t\u00e9. <a href=\"https:\/\/www.sudouest.fr\/gironde\/bordeaux\/bordeaux-metropole-subvention-ajournee-pour-velo-cite-qui-va-devoir-s-expliquer-25201507.php\" target=\"_blank\" rel=\"follow nofollow noopener\">Elle devait \u00eatre vot\u00e9e lors du dernier conseil m\u00e9tropolitain, le 11\u00a0juillet<\/a>. Elle sera finalement d\u00e9battue au prochain conseil \u00e0 la rentr\u00e9e, le 26\u00a0septembre.<\/p>\n<p>En cause, <a href=\"https:\/\/www.sudouest.fr\/lieux\/gironde\/talence\/malhonnete-et-politiquement-oriente-des-mairies-de-la-metropole-de-bordeaux-taclent-le-barometre-de-velo-cite-24834806.php\" target=\"_blank\" rel=\"follow nofollow noopener\">la col\u00e8re d\u2019\u00e9lus de plusieurs communes de la m\u00e9tropole<\/a>, apr\u00e8s la publication <a href=\"https:\/\/www.sudouest.fr\/lieux\/gironde\/bordeaux\/velo-dans-la-metropole-de-bordeaux-quelles-communes-ont-fait-le-plus-d-efforts-depuis-2020-selon-velo-cite-24792779.php\" target=\"_blank\" rel=\"follow nofollow noopener\">d\u2019un bilan de l\u2019association \u00e9valuant les efforts de chaque municipalit\u00e9 pour d\u00e9velopper la pratique du v\u00e9lo depuis 2020<\/a>. Certains maires n\u2019ont pas appr\u00e9ci\u00e9 de se voir attribuer une note (de A \u00e0 G), en guise de bilan de leur mandat sur les mobilit\u00e9s douces.<\/p>\n<p>\u00c0 V\u00e9lo-cit\u00e9, les membres ne s\u2019attendaient pas \u00e0 ce report. \u00ab\u00a0Plus que la peur de voir notre subvention dispara\u00eetre, cela nous surprend. Cela laisse planer le doute jusqu\u2019au vote. Mais je ne veux pas croire qu\u2019une collectivit\u00e9 puisse prendre une telle d\u00e9cision en r\u00e9action \u00e0 un bilan qui ne l\u2019a pas satisfait\u00a0\u00bb, assure Ludovic Fouch\u00e9. \u00ab\u00a0Ce serait grave pour la libert\u00e9 des associations de supprimer une subvention pour un bilan d\u2019action publique\u00a0\u00bb, estime-t-il.<\/p>\n<p>\u00ab\u00a0Plut\u00f4t confiante\u00a0\u00bb<\/p>\n<p>Le pr\u00e9sident de l\u2019association interpr\u00e8te ce report comme \u00ab\u00a0une volont\u00e9 de dialogue et d\u00e9bat, non pas de Bordeaux M\u00e9tropole avec qui on \u00e9change r\u00e9guli\u00e8rement, mais avec les communes qui ne partagent pas forc\u00e9ment notre vision des politiques cyclables\u00a0\u00bb. Lors de ce d\u00e9bat, V\u00e9lo-cit\u00e9 va devoir une nouvelle fois expliquer sa m\u00e9thodologie du bilan et ses crit\u00e8res de notation.<\/p>\n<p>Cette subvention de fonctionnement repr\u00e9sente environ 10\u00a0% du budget de l\u2019association. \u00ab\u00a0Une suppression affecterait directement l\u2019\u00e9quipe de salari\u00e9s, qui r\u00e9alise diverses prestations comme apprendre \u00e0 faire du v\u00e9lo aux enfants et aux adultes, accompagner les entreprises dans leur politique cyclable ou organiser des \u00e9v\u00e9nements autour du v\u00e9lo.\u00a0\u00bb<\/p>\n<p>En amont du vote, V\u00e9lo-cit\u00e9 se dit \u00ab\u00a0plut\u00f4t confiante\u00a0\u00bb. Un nouveau barom\u00e8tre, mis \u00e0 jour, sera publi\u00e9 \u00e0 l\u2019automne.<\/p>\n","protected":false},"excerpt":{"rendered":"\u00ab\u00a0De m\u00e9moire, c\u2019est la premi\u00e8re fois que \u00e7a arrive\u00a0\u00bb, souffle le pr\u00e9sident de V\u00e9lo-cit\u00e9 Ludovic Fouch\u00e9. La subvention&hellip;\n","protected":false},"author":2,"featured_media":328551,"comment_status":"","ping_status":"","sticky":false,"template":"","format":"standard","meta":{"footnotes":""},"categories":[2817],"tags":[1111,11,1997,1777,674,1011,27,12,2219,25],"class_list":{"0":"post-328550","1":"post","2":"type-post","3":"status-publish","4":"format-standard","5":"has-post-thumbnail","7":"category-bordeaux","8":"tag-actu","9":"tag-actualites","10":"tag-bordeaux","11":"tag-eu","12":"tag-europe","13":"tag-fr","14":"tag-france","15":"tag-news","16":"tag-nouvelle-aquitaine","17":"tag-republique-francaise"},"share_on_mastodon":{"url":"https:\/\/pubeurope.com\/@fr\/115053661242051021","error":""},"_links":{"self":[{"href":"https:\/\/www.europesays.com\/fr\/wp-json\/wp\/v2\/posts\/328550","targetHints":{"allow":["GET"]}}],"collection":[{"href":"https:\/\/www.europesays.com\/fr\/wp-json\/wp\/v2\/posts"}],"about":[{"href":"https:\/\/www.europesays.com\/fr\/wp-json\/wp\/v2\/types\/post"}],"author":[{"embeddable":true,"href":"https:\/\/www.europesays.com\/fr\/wp-json\/wp\/v2\/users\/2"}],"replies":[{"embeddable":true,"href":"https:\/\/www.europesays.com\/fr\/wp-json\/wp\/v2\/comments?post=328550"}],"version-history":[{"count":0,"href":"https:\/\/www.europesays.com\/fr\/wp-json\/wp\/v2\/posts\/328550\/revisions"}],"wp:featuredmedia":[{"embeddable":true,"href":"https:\/\/www.europesays.com\/fr\/wp-json\/wp\/v2\/media\/328551"}],"wp:attachment":[{"href":"https:\/\/www.europesays.com\/fr\/wp-json\/wp\/v2\/media?parent=328550"}],"wp:term":[{"taxonomy":"category","embeddable":true,"href":"https:\/\/www.europesays.com\/fr\/wp-json\/wp\/v2\/categories?post=328550"},{"taxonomy":"post_tag","embeddable":true,"href":"https:\/\/www.europesays.com\/fr\/wp-json\/wp\/v2\/tags?post=328550"}],"curies":[{"name":"wp","href":"https:\/\/api.w.org\/{rel}","templated":true}]}}