{"id":328552,"date":"2025-08-19T04:58:12","date_gmt":"2025-08-19T04:58:12","guid":{"rendered":"https:\/\/www.europesays.com\/fr\/328552\/"},"modified":"2025-08-19T04:58:12","modified_gmt":"2025-08-19T04:58:12","slug":"comment-ce-gateau-bordelais-est-devenu-une-icone-mondiale","status":"publish","type":"post","link":"https:\/\/www.europesays.com\/fr\/328552\/","title":{"rendered":"Comment ce g\u00e2teau bordelais est devenu une ic\u00f4ne mondiale"},"content":{"rendered":"<p>\ud83d\udd52 Article publi\u00e9 le 19 ao\u00fbt 2025<br \/>&#13;<br \/>\n\u2705 Mis \u00e0 jour le 19 ao\u00fbt 2025<\/p>\n<p>Petit, caram\u00e9lis\u00e9, moelleux \u00e0 l\u2019int\u00e9rieur, croustillant \u00e0 l\u2019ext\u00e9rieur : le <strong>canel\u00e9 de Bordeaux<\/strong> s\u2019invite d\u00e9sormais sur les tables du monde entier. De New York \u00e0 Tokyo, cette p\u00e2tisserie n\u00e9e en Gironde s\u00e9duit par sa simplicit\u00e9 et son raffinement. Mais comment un simple g\u00e2teau aux \u0153ufs, au lait et au rhum a-t-il conquis la plan\u00e8te ? Plongez dans l\u2019histoire et le <strong>succ\u00e8s international<\/strong> de l\u2019embl\u00e8me sucr\u00e9 bordelais.<\/p>\n<p>Au Japon, les artisans inventent de nouvelles recettes \u00a9 Canel\u00e9s du Japon<\/p>\n<p>Les origines du canel\u00e9, entre histoire et l\u00e9gende<\/p>\n<p>Avant toute chose, il faut savoir que le <strong>canel\u00e9<\/strong> n\u2019a pas d\u2019origine certaine. Selon la l\u00e9gende, sa recette remonterait au XVIIIe si\u00e8cle, lorsque les vignerons bordelais utilisaient des blancs d\u2019\u0153ufs pour clarifier le vin. Restait alors une quantit\u00e9 importante de jaunes, que les religieuses du <strong>couvent des Annonciades<\/strong>, \u00e0 Bordeaux, ont eu l\u2019id\u00e9e de transformer en petits g\u00e2teaux.<\/p>\n<p>L\u2019essor de la p\u00e2tisserie bordelaise<\/p>\n<p>Longtemps rest\u00e9 discret et cantonn\u00e9 aux p\u00e2tisseries locales, il conna\u00eet un v\u00e9ritable essor au XXe si\u00e8cle. <strong>Jacques Chaban-Delmas<\/strong>, alors maire de Bordeaux, y voyant un fort potentiel, le promeut \u00e0 toutes ses r\u00e9ceptions. De l\u00e0, ce sont les <strong>artisans bordelais<\/strong> et girondins qui prennent le relais en le commercialisant.<\/p>\n<p><img loading=\"lazy\" decoding=\"async\" aria-describedby=\"caption-attachment-29028\" class=\"size-full wp-image-29028 lazyload ewww_webp_lazy_load\" src=\"https:\/\/www.europesays.com\/fr\/wp-content\/uploads\/2025\/08\/canele-bordeaux-patisserie.jpg\" alt=\"Cette p\u00e2tisserie embl\u00e9matique de Bordeaux poss\u00e8de une texture unique - Andrew N.\" width=\"1200\" height=\"675\" style=\"--smush-placeholder-width: 1200px; --smush-placeholder-aspect-ratio: 1200\/675;\" src-webp=\"https:\/\/www.europesays.com\/fr\/wp-content\/uploads\/2025\/08\/canele-bordeaux-patisserie.jpg.webp\"\/><\/p>\n<p id=\"caption-attachment-29028\" class=\"wp-caption-text\">Cette p\u00e2tisserie embl\u00e9matique de Bordeaux poss\u00e8de une texture unique \u00a9 Andrew N.<\/p>\n<p>Une texture unique qui fait toute la diff\u00e9rence<\/p>\n<p>Le succ\u00e8s du canel\u00e9 repose sur un paradoxe culinaire. Sa <strong>coque caram\u00e9lis\u00e9e<\/strong> offre un croquant irr\u00e9sistible, tandis que l\u2019int\u00e9rieur d\u00e9voile une p\u00e2te tendre et parfum\u00e9e. Entre lait, sucre, vanille et rhum, la p\u00e2tisserie bordelaise est un <strong>v\u00e9ritable savoir-faire artisanal<\/strong>. Mais ce n\u2019est pas tout ! Ce qui fait \u00e9galement sa r\u00e9putation, c\u2019est sa forme unique due au moule en cuivre dans lequel il est pr\u00e9par\u00e9.<\/p>\n<p>De Bordeaux \u00e0 New York : l\u2019ascension mondiale du canel\u00e9<\/p>\n<p>Si Bordeaux reste son berceau, le canel\u00e9 a travers\u00e9 les fronti\u00e8res. Dans les <strong>boulangeries de Tokyo<\/strong>, les p\u00e2tisseries de <strong>New York<\/strong> ou encore les coffee shops de <strong>Londres<\/strong>, il figure d\u00e9sormais parmi les produits phares de la gastronomie fran\u00e7aise. Son image \u201cchic \u00e0 la fran\u00e7aise\u201d ont construit son image de <strong>sp\u00e9cialit\u00e9 tendance<\/strong>. En bref, le canel\u00e9 est devenu un ambassadeur du Sud-Ouest\u2026 et de la France.<\/p>\n<p><img loading=\"lazy\" decoding=\"async\" aria-describedby=\"caption-attachment-29025\" class=\"size-full wp-image-29025 lazyload ewww_webp_lazy_load\" src=\"https:\/\/www.europesays.com\/fr\/wp-content\/uploads\/2025\/08\/canele-bordeaux.jpg\" alt=\"Les canel\u00e9s de Bordeaux font l'unanimit\u00e9 \u00e0 l'international - Dany H.\" width=\"1200\" height=\"675\" style=\"--smush-placeholder-width: 1200px; --smush-placeholder-aspect-ratio: 1200\/675;\" src-webp=\"https:\/\/www.europesays.com\/fr\/wp-content\/uploads\/2025\/08\/canele-bordeaux.jpg.webp\"\/><\/p>\n<p id=\"caption-attachment-29025\" class=\"wp-caption-text\">Les canel\u00e9s de Bordeaux font l\u2019unanimit\u00e9 \u00e0 l\u2019international \u00a9 Dany H.<\/p>\n<p>O\u00f9 d\u00e9guster les meilleurs canel\u00e9s \u00e0 Bordeaux ?<\/p>\n<p>Si vous passez par <a href=\"https:\/\/www.bordeaux-tourisme.com\/\" target=\"_blank\" rel=\"nofollow noopener\">Bordeaux<\/a>, impossible de repartir sans en go\u00fbter un. <strong>Plusieurs adresses<\/strong> se disputent la couronne :<\/p>\n<ul>\n<li><strong>La Toque Cuivr\u00e9e<\/strong>, qui mise sur la tradition et une cuisson parfaitement ma\u00eetris\u00e9e.<\/li>\n<li><strong>Des artisans locaux<\/strong>, qui proposent des versions revisit\u00e9es, plus l\u00e9g\u00e8res ou parfum\u00e9es diff\u00e9remment.<\/li>\n<\/ul>\n<p>L\u2019id\u00e9al reste de les savourer encore ti\u00e8des, \u00e0 la sortie du four, avec un caf\u00e9 ou un verre de <a href=\"https:\/\/passion-aquitaine.ouest-france.fr\/sauternes-vin-blanc-meilleur-monde\/\" rel=\"nofollow noopener\" target=\"_blank\">vin blanc bordelais<\/a>.<\/p>\n<p><img loading=\"lazy\" decoding=\"async\" aria-describedby=\"caption-attachment-14538\" class=\"size-full wp-image-14538 lazyload ewww_webp_lazy_load\" src=\"https:\/\/www.europesays.com\/fr\/wp-content\/uploads\/2025\/08\/canel\u00e9s-pas-cher.jpg\" alt=\"Les canel\u00e9s se trouvent partout dans Bordeaux - La Toque Cuivr\u00e9e\" width=\"1200\" height=\"797\" style=\"--smush-placeholder-width: 1200px; --smush-placeholder-aspect-ratio: 1200\/797;\" src-webp=\"https:\/\/www.europesays.com\/fr\/wp-content\/uploads\/2025\/08\/canel\u00e9s-pas-cher.jpg.webp\"\/><\/p>\n<p id=\"caption-attachment-14538\" class=\"wp-caption-text\">Les canel\u00e9s se trouvent partout dans Bordeaux \u00a9 La Toque Cuivr\u00e9e<\/p>\n<p>Le canel\u00e9, une p\u00e2tisserie tourn\u00e9e vers l\u2019avenir<\/p>\n<p>Aujourd\u2019hui, certains chefs osent <strong>twister le canel\u00e9<\/strong> : versions miniatures, garnitures in\u00e9dites, d\u00e9clinaisons sal\u00e9es\u2026 Plus qu\u2019une simple sp\u00e9cialit\u00e9 locale, c\u2019est une gourmandise capable de se r\u00e9inventer. Ainsi, en d\u00e9gustant un canel\u00e9, c\u2019est un peu de Bordeaux que l\u2019on savoure, entre <strong>histoire et modernit\u00e9<\/strong>. Et pour ceux qui viendront en <a href=\"https:\/\/passion-aquitaine.ouest-france.fr\/gironde\/\" rel=\"nofollow noopener\" target=\"_blank\">Gironde<\/a>, c\u2019est une \u00e9tape gourmande et incontournable !<\/p>\n","protected":false},"excerpt":{"rendered":"\ud83d\udd52 Article publi\u00e9 le 19 ao\u00fbt 2025&#13; \u2705 Mis \u00e0 jour le 19 ao\u00fbt 2025 Petit, caram\u00e9lis\u00e9, moelleux&hellip;\n","protected":false},"author":2,"featured_media":328553,"comment_status":"","ping_status":"","sticky":false,"template":"","format":"standard","meta":{"footnotes":""},"categories":[2817],"tags":[1111,11,1997,46576,46577,1777,674,1011,27,46578,12,2219,25,46579],"class_list":{"0":"post-328552","1":"post","2":"type-post","3":"status-publish","4":"format-standard","5":"has-post-thumbnail","7":"category-bordeaux","8":"tag-actu","9":"tag-actualites","10":"tag-bordeaux","11":"tag-canelu00e9","12":"tag-canelu00e9-de-bordeaux","13":"tag-eu","14":"tag-europe","15":"tag-fr","16":"tag-france","17":"tag-meilleurs-canelu00e9s","18":"tag-news","19":"tag-nouvelle-aquitaine","20":"tag-republique-francaise","21":"tag-spu00e9cialitu00e9s-bordelaises"},"share_on_mastodon":{"url":"https:\/\/pubeurope.com\/@fr\/115053664972176628","error":""},"_links":{"self":[{"href":"https:\/\/www.europesays.com\/fr\/wp-json\/wp\/v2\/posts\/328552","targetHints":{"allow":["GET"]}}],"collection":[{"href":"https:\/\/www.europesays.com\/fr\/wp-json\/wp\/v2\/posts"}],"about":[{"href":"https:\/\/www.europesays.com\/fr\/wp-json\/wp\/v2\/types\/post"}],"author":[{"embeddable":true,"href":"https:\/\/www.europesays.com\/fr\/wp-json\/wp\/v2\/users\/2"}],"replies":[{"embeddable":true,"href":"https:\/\/www.europesays.com\/fr\/wp-json\/wp\/v2\/comments?post=328552"}],"version-history":[{"count":0,"href":"https:\/\/www.europesays.com\/fr\/wp-json\/wp\/v2\/posts\/328552\/revisions"}],"wp:featuredmedia":[{"embeddable":true,"href":"https:\/\/www.europesays.com\/fr\/wp-json\/wp\/v2\/media\/328553"}],"wp:attachment":[{"href":"https:\/\/www.europesays.com\/fr\/wp-json\/wp\/v2\/media?parent=328552"}],"wp:term":[{"taxonomy":"category","embeddable":true,"href":"https:\/\/www.europesays.com\/fr\/wp-json\/wp\/v2\/categories?post=328552"},{"taxonomy":"post_tag","embeddable":true,"href":"https:\/\/www.europesays.com\/fr\/wp-json\/wp\/v2\/tags?post=328552"}],"curies":[{"name":"wp","href":"https:\/\/api.w.org\/{rel}","templated":true}]}}