{"id":328558,"date":"2025-08-19T05:01:09","date_gmt":"2025-08-19T05:01:09","guid":{"rendered":"https:\/\/www.europesays.com\/fr\/328558\/"},"modified":"2025-08-19T05:01:09","modified_gmt":"2025-08-19T05:01:09","slug":"lille-avec-ses-7-500-m%c2%b2-le-plus-grand-square-de-wazemmes-bientot-renove","status":"publish","type":"post","link":"https:\/\/www.europesays.com\/fr\/328558\/","title":{"rendered":"Lille. Avec ses 7 500 m\u00b2, le plus grand square de Wazemmes bient\u00f4t r\u00e9nov\u00e9"},"content":{"rendered":"<p>            Par<br \/>\n        <strong><br \/>\n            <a href=\"https:\/\/actu.fr\/auteur\/bastien-grossin\" title=\"Consulter tous les articles de Bastien Grossin\" rel=\"nofollow noopener\" target=\"_blank\">Bastien Grossin<\/a><br \/>\n        <\/strong><\/p>\n<p>        Publi\u00e9 le<\/p>\n<p>            19 ao\u00fbt 2025 \u00e0 6h12        <\/p>\n<p data-end=\"566\">Quand on sort du m\u00e9tro <b>Wazemmes<\/b>, le <b>parc Ghesqui\u00e8re<\/b> est l\u2019une des premi\u00e8res choses que l\u2019on aper\u00e7oit. Avec la mairie de quartier situ\u00e9e \u00e0 son extr\u00e9mit\u00e9, il fait partie des squares les plus fr\u00e9quent\u00e9s de <a href=\"https:\/\/actu.fr\/tag\/lille\" rel=\"nofollow noopener\" target=\"_blank\">Lille<\/a> (Nord). \u00c0 partir de <b>septembre 2025<\/b>, d\u2019importants travaux vont d\u00e9buter pour une m\u00e9tamorphose qui <b>devrait s\u2019achever \u00e0 la mi-2026<\/b>. Rue pi\u00e9tonne, nouveaux jeux pour enfants et surtout fermeture la nuit : voici ce qui est pr\u00e9vu.<\/p>\n<p>Fermeture du parc la nuit<\/p>\n<p data-end=\"915\" class=\" wall-content\">Apr\u00e8s avoir recueilli les avis du conseil de quartier, des habitants et m\u00eame des enfants, le square Ghesqui\u00e8re s\u2019appr\u00eate \u00e0 changer de visage. Parmi les principales nouveaut\u00e9s : l\u2019installation de cl\u00f4tures tout autour du site. Une mesure qui permettra de<b> fermer le parc la nuit<\/b>, alors qu\u2019il est aujourd\u2019hui accessible en continu, 24 heures sur 24.<\/p>\n<p data-end=\"1252\" class=\" wall-content\">La mairie souhaite \u00e9galement faire de ce parc un <b>espace v\u00e9g\u00e9talis\u00e9 \u00e0 75 %<\/b>. Tous les arbres existants seront conserv\u00e9s et de nouvelles essences viendront s\u2019ajouter, notamment des pommiers et des poiriers pour compl\u00e9ter les cerisiers d\u00e9j\u00e0 en place. Au total,<b> 31 arbres fruitiers suppl\u00e9mentaires viendront enrichir les 67 d\u00e9j\u00e0 pr\u00e9sents. <\/b>Pour \u00a0\u00bb apaiser l\u2019ensemble \u00ab\u00a0, la mairie pr\u00e9cise aussi que <b>la portion situ\u00e9e entre le square et la mairie de quartier sera rendue pi\u00e9tonne.<\/b><b\/><\/p>\n<p>Une grande structure de jeux pour enfants\u00a0<\/p>\n<p data-end=\"1705\" class=\" wall-content\">Pour les enfants, trois jeux pl\u00e9biscit\u00e9s par le conseil de quartier seront maintenus. Des nouveaut\u00e9s sont aussi annonc\u00e9es : <b>un tourniquet et un trampoline inclusifs<\/b>, accessibles aux enfants valides comme \u00e0 ceux en situation de handicap. Une grande structure de jeux compos\u00e9e, selon la mairie, de \u00a0\u00bb <b>tours, filets et activit\u00e9s sensorielles <\/b>\u00a0\u00bb viendra compl\u00e9ter l\u2019offre. Pour les petits et les grands, des tables de ping-pong et d\u2019\u00e9checs sont \u00e9galement pr\u00e9vues.<\/p>\n<p>Votre r\u00e9gion, votre actu !<\/p>\n<p>Recevez chaque jour les infos qui comptent pour vous.<\/p>\n<p>\t<a href=\"https:\/\/actu.fr\/newsletter\" class=\"ac-btn ac-btn--corner ac-btn--medium ac-btn--blue800\" rel=\"nofollow noopener\" target=\"_blank\">S&rsquo;incrire<\/a><\/p>\n<p data-end=\"1873\" class=\" wall-content\">Le chantier doit commencer en septembre et durer jusqu\u2019au d\u00e9but de l\u2019ann\u00e9e 2026, avec une inauguration partielle avant l\u2019ach\u00e8vement complet attendu pour la mi-2026.<\/p>\n<p class=\" wall-content\">Personnalisez votre actualit\u00e9 en ajoutant vos villes et m\u00e9dias en favori avec <a href=\"https:\/\/moncompte.actu.fr\" title=\"D\u00e9couvez Mon Actu\" rel=\"nofollow noopener\" data-trk=\"{&quot;cta&quot;:{&quot;action&quot;:&quot;https:\\\/\\\/moncompte.actu.fr&quot;,&quot;category&quot;:&quot;mon compte&quot;,&quot;from&quot;:&quot;article footer&quot;,&quot;name&quot;:&quot;Mon actu&quot;,&quot;type&quot;:&quot;cta&quot;}}\" target=\"_blank\">Mon Actu<\/a>.<\/p>\n","protected":false},"excerpt":{"rendered":"Par Bastien Grossin Publi\u00e9 le 19 ao\u00fbt 2025 \u00e0 6h12 Quand on sort du m\u00e9tro Wazemmes, le parc&hellip;\n","protected":false},"author":2,"featured_media":328559,"comment_status":"","ping_status":"","sticky":false,"template":"","format":"standard","meta":{"footnotes":""},"categories":[2815],"tags":[1111,11,1777,674,1011,27,811,1307,1652,12,25],"class_list":{"0":"post-328558","1":"post","2":"type-post","3":"status-publish","4":"format-standard","5":"has-post-thumbnail","7":"category-lille","8":"tag-actu","9":"tag-actualites","10":"tag-eu","11":"tag-europe","12":"tag-fr","13":"tag-france","14":"tag-hauts-de-france","15":"tag-lille","16":"tag-loisirs-culture","17":"tag-news","18":"tag-republique-francaise"},"share_on_mastodon":{"url":"https:\/\/pubeurope.com\/@fr\/115053676694871492","error":""},"_links":{"self":[{"href":"https:\/\/www.europesays.com\/fr\/wp-json\/wp\/v2\/posts\/328558","targetHints":{"allow":["GET"]}}],"collection":[{"href":"https:\/\/www.europesays.com\/fr\/wp-json\/wp\/v2\/posts"}],"about":[{"href":"https:\/\/www.europesays.com\/fr\/wp-json\/wp\/v2\/types\/post"}],"author":[{"embeddable":true,"href":"https:\/\/www.europesays.com\/fr\/wp-json\/wp\/v2\/users\/2"}],"replies":[{"embeddable":true,"href":"https:\/\/www.europesays.com\/fr\/wp-json\/wp\/v2\/comments?post=328558"}],"version-history":[{"count":0,"href":"https:\/\/www.europesays.com\/fr\/wp-json\/wp\/v2\/posts\/328558\/revisions"}],"wp:featuredmedia":[{"embeddable":true,"href":"https:\/\/www.europesays.com\/fr\/wp-json\/wp\/v2\/media\/328559"}],"wp:attachment":[{"href":"https:\/\/www.europesays.com\/fr\/wp-json\/wp\/v2\/media?parent=328558"}],"wp:term":[{"taxonomy":"category","embeddable":true,"href":"https:\/\/www.europesays.com\/fr\/wp-json\/wp\/v2\/categories?post=328558"},{"taxonomy":"post_tag","embeddable":true,"href":"https:\/\/www.europesays.com\/fr\/wp-json\/wp\/v2\/tags?post=328558"}],"curies":[{"name":"wp","href":"https:\/\/api.w.org\/{rel}","templated":true}]}}